{"id":55,"count":208,"description":"<p style=\"text-align: left;\"><strong>BUTLLETI INICI DE CURS<\/strong><\/p>\r\n<p style=\"text-align: left;\">En el seg\u00fcent document trobareu tota la informaci\u00f3 referent a l'escola. Per qualsevol dubte estem a la vostra disposici\u00f3.<\/p>\r\n<p style=\"text-align: center;\"><a href=\"http:\/\/agora.xtec.cat\/ceip-salvador-espriu-roda\/wp-content\/uploads\/usu1367\/2016\/10\/Butllet\u00ed-inici-de-curs-2016-17color.pub_.pdf\">butlleti-inici-de-curs-2016-17color-pub<\/a><\/p>\r\n<p style=\"text-align: left;\"><strong>LLISTAT DE LLIBRES I MATERIAL<\/strong><\/p>\r\n<p style=\"text-align: left;\">A continuaci\u00f3 posem a la vostra disposici\u00f3 el llistat de llibres i materials que necessitar\u00e0 el vostre fill\/a en comen\u00e7ar l'escola.<\/p>\r\n<p style=\"text-align: center;\"><span style=\"text-decoration: underline;\"><strong>LLIBRES<\/strong><\/span><\/p>\r\n<p style=\"text-align: center;\"><a href=\"http:\/\/blocs.xtec.cat\/escolasalvadorespriu\/files\/2013\/09\/LLIBRES-INFANTIL.doc\">LLIBRES INFANTIL<\/a><\/p>\r\n<p style=\"text-align: center;\"><a href=\"http:\/\/blocs.xtec.cat\/escolasalvadorespriu\/files\/2013\/09\/LLIBRES-C.I.doc\">LLIBRES C.I<\/a><\/p>\r\n<p style=\"text-align: center;\"><a href=\"http:\/\/blocs.xtec.cat\/escolasalvadorespriu\/files\/2013\/09\/LLIBRES-3r.doc\">LLIBRES 3r<\/a><\/p>\r\n<p style=\"text-align: center;\"><a href=\"http:\/\/blocs.xtec.cat\/escolasalvadorespriu\/files\/2013\/09\/LLIBRES-4t.doc\">LLIBRES 4t<\/a><\/p>\r\n<p style=\"text-align: center;\"><a href=\"http:\/\/blocs.xtec.cat\/escolasalvadorespriu\/files\/2013\/09\/LLIBRES-5\u00e8.doc\">LLIBRES 5\u00e8<\/a><\/p>\r\n<p style=\"text-align: center;\"><a href=\"http:\/\/blocs.xtec.cat\/escolasalvadorespriu\/files\/2013\/09\/LLIBRES-6\u00e8.doc\">LLIBRES 6\u00e8<\/a><\/p>\r\n<p style=\"text-align: center;\"><span style=\"text-decoration: underline;\"><strong>MATERIAL<\/strong><\/span><\/p>\r\n<p style=\"text-align: center;\"><a href=\"http:\/\/blocs.xtec.cat\/escolasalvadorespriu\/files\/2013\/09\/LLISTAT-MATERIAL-P3.doc\">LLISTAT MATERIAL P3<\/a><\/p>\r\n<p style=\"text-align: center;\"><a href=\"http:\/\/blocs.xtec.cat\/escolasalvadorespriu\/files\/2013\/09\/LLISTAT-MATERIAL-P4.doc\">LLISTAT MATERIAL P4<\/a><\/p>\r\n<p style=\"text-align: center;\"><a href=\"http:\/\/blocs.xtec.cat\/escolasalvadorespriu\/files\/2013\/09\/LLISTAT-MATERIAL-P5.doc\">LLISTAT MATERIAL P5<\/a><\/p>\r\n<p style=\"text-align: center;\"><a href=\"http:\/\/blocs.xtec.cat\/escolasalvadorespriu\/files\/2013\/09\/LLISTAT-MATERIAL-C.I.doc\">LLISTAT MATERIAL C.I<\/a><\/p>\r\n<p style=\"text-align: center;\"><a href=\"http:\/\/blocs.xtec.cat\/escolasalvadorespriu\/files\/2013\/09\/LLISTAT-MATERIAL-C.M.doc\">LLISTAT MATERIAL C.M<\/a><\/p>\r\n<p style=\"text-align: center;\"><a href=\"http:\/\/blocs.xtec.cat\/escolasalvadorespriu\/files\/2013\/09\/LLISTAT-MATERIAL-C.S.doc\">LLISTAT MATERIAL C.S<\/a><\/p>\r\n<p style=\"text-align: left;\"><strong>CALENDARI CURS 2016-17<\/strong><\/p>\r\n<p style=\"text-align: center;\"><a href=\"http:\/\/blocs.xtec.cat\/escolasalvadorespriu\/files\/2013\/09\/CALENDARI-2016-2017.doc\">CALENDARI 2016-2017<\/a><\/p>\r\n<p style=\"text-align: left;\"><strong>QUADERNETS DE M\u00daSICA CURS 2016-17<\/strong><\/p>\r\n<p style=\"text-align: left;\">A continuaci\u00f3 us deixem els quadernets de m\u00fasica que els vostres fills\/es utilitzaran el proper curs 2016-17.<\/p>\r\n<p style=\"text-align: left;\"><strong>Per qui no el pugui imprimir i enquadernar, tamb\u00e9 el pot trobar en qualsevol de les <span style=\"text-decoration: underline;\">dues llibreries del poble<\/span>.<\/strong><\/p>\r\n<p style=\"text-align: left;\">Moltes gr\u00e0cies i bon estiu!<\/p>\r\n<p style=\"text-align: center;\"><span style=\"text-decoration: underline;\"><strong>MOLTA ATENCI\u00d3!<\/strong><\/span><\/p>\r\n<p style=\"text-align: center;\"><span style=\"text-decoration: underline;\"><strong>EN EL CAS QUE VULGUEU IMPRIMIR EL QUADERNET PEL VOSTRE COMPTE, \u00c9S MOLT IMPORTANT QUE PRIMER EL DESCARREGUEU I DESPR\u00c9S L'IMPRIMIU PER TAL QUE CONSERVI LA MIDA ORIGINAL!<\/strong><\/span><\/p>\r\n<p style=\"text-align: center;\"><span style=\"text-decoration: underline;\"><strong>RECORDEU TAMB\u00c9 D'IMPRIMIR-LO A DUES CARES PER TAL DE QUE TOTS ELS ALUMNES TINGUI EL MATEIX FORMAT!<\/strong><\/span><\/p>\r\n<p style=\"text-align: center;\"><strong><a href=\"https:\/\/drive.google.com\/file\/d\/0B0EFKtQI83_wNWtjc2lxcHJWeUE\/view?usp=sharing\">QUADERNET DE M\u00daSICA DE PRIMER<\/a><\/strong><\/p>\r\n<p style=\"text-align: center;\"><strong><a href=\"https:\/\/drive.google.com\/file\/d\/0B0EFKtQI83_wd25RRW5HemxyTDA\/view?usp=sharing\">QUADERNET DE M\u00daSICA DE SEGON<\/a><\/strong><\/p>\r\n<p style=\"text-align: center;\"><strong><a href=\"https:\/\/drive.google.com\/file\/d\/0B0EFKtQI83_wdHRWVjE1TXp0U1E\/view?usp=sharing\">QUADERNET DE M\u00daSICA DE TERCER<\/a><\/strong><\/p>\r\n<p style=\"text-align: center;\"><strong><a href=\"https:\/\/drive.google.com\/file\/d\/0B0EFKtQI83_wVnc1U2RUbFZGQkU\/view?usp=sharing\">QUADERNET DE M\u00daSICA DE QUART<\/a><\/strong><\/p>\r\n<p style=\"text-align: center;\"><strong><a href=\"https:\/\/drive.google.com\/file\/d\/0B0EFKtQI83_wdllrZ1QwRFBrcm8\/view?usp=sharing\">QUADERNET DE M\u00daSICA DE CINQU\u00c8<\/a><\/strong><\/p>\r\n<p style=\"text-align: center;\"><strong><a href=\"https:\/\/drive.google.com\/file\/d\/0B0EFKtQI83_wd3lqeENLRHcyMlU\/view?usp=sharing\">QUADERNET DE M\u00daSICA DE SIS\u00c8<\/a><\/strong><\/p>","link":"https:\/\/agora.xtec.cat\/ceip-salvador-espriu-roda\/categoria\/informacions-diverses\/","name":"INFORMACIONS DIVERSES","slug":"informacions-diverses","taxonomy":"category","parent":0,"meta":[],"_links":{"self":[{"href":"https:\/\/agora.xtec.cat\/ceip-salvador-espriu-roda\/wp-json\/wp\/v2\/categories\/55","targetHints":{"allow":["GET"]}}],"collection":[{"href":"https:\/\/agora.xtec.cat\/ceip-salvador-espriu-roda\/wp-json\/wp\/v2\/categories"}],"about":[{"href":"https:\/\/agora.xtec.cat\/ceip-salvador-espriu-roda\/wp-json\/wp\/v2\/taxonomies\/category"}],"wp:post_type":[{"href":"https:\/\/agora.xtec.cat\/ceip-salvador-espriu-roda\/wp-json\/wp\/v2\/posts?categories=55"}],"curies":[{"name":"wp","href":"https:\/\/api.w.org\/{rel}","templated":true}]}}