{"id":129,"count":35,"description":"<h3 style=\"text-align: center;\">PROJECTE LING\u00dc\u00cdSTIC DE CENTRE<\/h3>\r\nEl Projecte ling\u00fc\u00edstic, que forma part del Projecte educatiu de centre (PEC), \u00e9s el marc per a l\u2019organitzaci\u00f3 i el tractament de les lleng\u00fces a l\u2019escola: la gesti\u00f3 de l\u2019\u00fas i el proc\u00e9s d\u2019ensenyament aprenentatge d\u2019aquestes als diferents \u00e0mbits de l\u2019escola, amb l\u2019objectiu de donar coher\u00e8ncia a la manera d\u2019adquirir-les.\r\nEls objectius principals a assolir s\u00f3n formar parlants pluriling\u00fces i interculturals, amb un bon domini de les lleng\u00fces oficials, catal\u00e0 i castell\u00e0, amb una compet\u00e8ncia suficient en una o dues lleng\u00fces estrangeres i capacitats per conviure ne una societat multiling\u00fce o multicultural.\r\nEn aquest document queda definit el tractament de la llengua catalana com a llengua vehicular i d'aprenentatge, el proc\u00e9s d'ensenyament i aprenentatge de la llengua castellana, les diverses opcions en relaci\u00f3 a les lleng\u00fces estrangeres i els criteris generals per a les adequacions del proc\u00e9s d\u2019ensenyament de les lleng\u00fces a la realitat socioling\u00fc\u00edstica del centre. Les lleng\u00fces d\u2019origen de l\u2019alumnat tamb\u00e9 s\u00f3n presents al centre, ja sigui en el propi aprenentatge ling\u00fc\u00edstic, ja sigui com a reconeixement del patrimoni cultural que hi aporten. Tamb\u00e9 la continu\u00eftat i la coher\u00e8ncia educatives pel que fa als usos ling\u00fc\u00edstics en els serveis escolars i en les activitats organitzades per les associacions de mares i pares d\u2019alumnes.\r\nAquest document ha estat consensuat pel professorat del centre i pel consell escolar.\r\nSi en voleu saber m\u00e9s, cliqueu a <a href=\"https:\/\/agora.xtec.cat\/ceip-salvador-espriu-roda\/wp-content\/uploads\/usu1367\/2019\/05\/Projecte-Ling\u00fc\u00edstic-2018.pdf\">Projecte Ling\u00fc\u00edstic 2018<\/a>","link":"https:\/\/agora.xtec.cat\/ceip-salvador-espriu-roda\/categoria\/projecte-linguistic\/","name":"Projecte Ling\u00fc\u00edstic de Centre","slug":"projecte-linguistic","taxonomy":"category","parent":0,"meta":[],"_links":{"self":[{"href":"https:\/\/agora.xtec.cat\/ceip-salvador-espriu-roda\/wp-json\/wp\/v2\/categories\/129","targetHints":{"allow":["GET"]}}],"collection":[{"href":"https:\/\/agora.xtec.cat\/ceip-salvador-espriu-roda\/wp-json\/wp\/v2\/categories"}],"about":[{"href":"https:\/\/agora.xtec.cat\/ceip-salvador-espriu-roda\/wp-json\/wp\/v2\/taxonomies\/category"}],"wp:post_type":[{"href":"https:\/\/agora.xtec.cat\/ceip-salvador-espriu-roda\/wp-json\/wp\/v2\/posts?categories=129"}],"curies":[{"name":"wp","href":"https:\/\/api.w.org\/{rel}","templated":true}]}}