{"id":989,"date":"2025-08-20T17:52:16","date_gmt":"2025-08-20T15:52:16","guid":{"rendered":"https:\/\/agora.xtec.cat\/ceip-rosella\/?p=989"},"modified":"2025-08-20T17:52:17","modified_gmt":"2025-08-20T15:52:17","slug":"vilacantata-2025","status":"publish","type":"post","link":"https:\/\/agora.xtec.cat\/ceip-rosella\/portada\/vilacantata-2025\/","title":{"rendered":"Vilacantata 2025"},"content":{"rendered":"\n<p>L&#8217;alumnat de tercer de l&#8217;escola Roc Blanc i Rosella amb la col\u00b7laboraci\u00f3 de dues alumnes de <a href=\"https:\/\/www.instagram.com\/institutdeviladecavalls\/\">@institutdeviladecavalls<\/a> i m\u00fasics i m\u00fasiques de <a href=\"https:\/\/www.instagram.com\/emmpc_viladecavalls\/\">@emmpc_viladecavalls<\/a> han estrenat el projecte Vilacantata al pavell\u00f3 municipal. Agra\u00efm la col\u00b7laboraci\u00f3 de <a href=\"https:\/\/www.instagram.com\/ajviladecavalls\/\">@ajviladecavalls<\/a> per subvencionar aquest projecte, facilitar la instal\u00b7laci\u00f3 i posar a la nostra disposici\u00f3 la brigada. A <a href=\"https:\/\/www.instagram.com\/bastimviladecavalls\/\">@bastimviladecavalls<\/a> pel deixar-nos part del decorat, les fam\u00edlies i, sobretot, a l&#8217;alumnat participant, protagonistes del primer projecte conjunt d&#8217;arts esc\u00e8niques de Viladecavalls.<\/p>\n\n\n\n<figure class=\"wp-block-embed is-type-video is-provider-youtube wp-block-embed-youtube wp-embed-aspect-16-9 wp-has-aspect-ratio\"><div class=\"wp-block-embed__wrapper\">\n<div class=\"ast-oembed-container \" style=\"height: 100%;\"><iframe loading=\"lazy\" title=\"Vilacantata 2025: Queralt Somiatruites\" width=\"500\" height=\"281\" src=\"https:\/\/www.youtube.com\/embed\/Otb2bdGBjdE?feature=oembed\" frameborder=\"0\" allow=\"accelerometer; autoplay; clipboard-write; encrypted-media; gyroscope; picture-in-picture; web-share\" referrerpolicy=\"strict-origin-when-cross-origin\" allowfullscreen><\/iframe><\/div>\n<\/div><\/figure>\n","protected":false},"excerpt":{"rendered":"<p>L&#8217;alumnat de tercer de l&#8217;escola Roc Blanc i Rosella amb la col\u00b7laboraci\u00f3 de dues alumnes de @institutdeviladecavalls i m\u00fasics i m\u00fasiques de @emmpc_viladecavalls han estrenat el projecte Vilacantata al pavell\u00f3 municipal. Agra\u00efm la col\u00b7laboraci\u00f3 de @ajviladecavalls per subvencionar aquest projecte, facilitar la instal\u00b7laci\u00f3 i posar a la nostra disposici\u00f3 la brigada. A @bastimviladecavalls pel deixar-nos [&hellip;]<\/p>\n","protected":false},"author":1,"featured_media":991,"comment_status":"open","ping_status":"open","sticky":false,"template":"","format":"standard","meta":{"site-sidebar-layout":"default","site-content-layout":"","ast-site-content-layout":"default","site-content-style":"default","site-sidebar-style":"default","ast-global-header-display":"","ast-banner-title-visibility":"","ast-main-header-display":"","ast-hfb-above-header-display":"","ast-hfb-below-header-display":"","ast-hfb-mobile-header-display":"","site-post-title":"","ast-breadcrumbs-content":"","ast-featured-img":"","footer-sml-layout":"","theme-transparent-header-meta":"","adv-header-id-meta":"","stick-header-meta":"","header-above-stick-meta":"","header-main-stick-meta":"","header-below-stick-meta":"","astra-migrate-meta-layouts":"set","ast-page-background-enabled":"default","ast-page-background-meta":{"desktop":{"background-color":"var(--ast-global-color-4)","background-image":"","background-repeat":"repeat","background-position":"center center","background-size":"auto","background-attachment":"scroll","background-type":"","background-media":"","overlay-type":"","overlay-color":"","overlay-opacity":"","overlay-gradient":""},"tablet":{"background-color":"","background-image":"","background-repeat":"repeat","background-position":"center center","background-size":"auto","background-attachment":"scroll","background-type":"","background-media":"","overlay-type":"","overlay-color":"","overlay-opacity":"","overlay-gradient":""},"mobile":{"background-color":"","background-image":"","background-repeat":"repeat","background-position":"center center","background-size":"auto","background-attachment":"scroll","background-type":"","background-media":"","overlay-type":"","overlay-color":"","overlay-opacity":"","overlay-gradient":""}},"ast-content-background-meta":{"desktop":{"background-color":"var(--ast-global-color-5)","background-image":"","background-repeat":"repeat","background-position":"center center","background-size":"auto","background-attachment":"scroll","background-type":"","background-media":"","overlay-type":"","overlay-color":"","overlay-opacity":"","overlay-gradient":""},"tablet":{"background-color":"var(--ast-global-color-5)","background-image":"","background-repeat":"repeat","background-position":"center center","background-size":"auto","background-attachment":"scroll","background-type":"","background-media":"","overlay-type":"","overlay-color":"","overlay-opacity":"","overlay-gradient":""},"mobile":{"background-color":"var(--ast-global-color-5)","background-image":"","background-repeat":"repeat","background-position":"center center","background-size":"auto","background-attachment":"scroll","background-type":"","background-media":"","overlay-type":"","overlay-color":"","overlay-opacity":"","overlay-gradient":""}},"footnotes":""},"categories":[12,4],"tags":[],"class_list":["post-989","post","type-post","status-publish","format-standard","has-post-thumbnail","hentry","category-3r","category-portada"],"post_mailing_queue_ids":[],"_links":{"self":[{"href":"https:\/\/agora.xtec.cat\/ceip-rosella\/wp-json\/wp\/v2\/posts\/989","targetHints":{"allow":["GET"]}}],"collection":[{"href":"https:\/\/agora.xtec.cat\/ceip-rosella\/wp-json\/wp\/v2\/posts"}],"about":[{"href":"https:\/\/agora.xtec.cat\/ceip-rosella\/wp-json\/wp\/v2\/types\/post"}],"author":[{"embeddable":true,"href":"https:\/\/agora.xtec.cat\/ceip-rosella\/wp-json\/wp\/v2\/users\/1"}],"replies":[{"embeddable":true,"href":"https:\/\/agora.xtec.cat\/ceip-rosella\/wp-json\/wp\/v2\/comments?post=989"}],"version-history":[{"count":1,"href":"https:\/\/agora.xtec.cat\/ceip-rosella\/wp-json\/wp\/v2\/posts\/989\/revisions"}],"predecessor-version":[{"id":992,"href":"https:\/\/agora.xtec.cat\/ceip-rosella\/wp-json\/wp\/v2\/posts\/989\/revisions\/992"}],"wp:featuredmedia":[{"embeddable":true,"href":"https:\/\/agora.xtec.cat\/ceip-rosella\/wp-json\/wp\/v2\/media\/991"}],"wp:attachment":[{"href":"https:\/\/agora.xtec.cat\/ceip-rosella\/wp-json\/wp\/v2\/media?parent=989"}],"wp:term":[{"taxonomy":"category","embeddable":true,"href":"https:\/\/agora.xtec.cat\/ceip-rosella\/wp-json\/wp\/v2\/categories?post=989"},{"taxonomy":"post_tag","embeddable":true,"href":"https:\/\/agora.xtec.cat\/ceip-rosella\/wp-json\/wp\/v2\/tags?post=989"}],"curies":[{"name":"wp","href":"https:\/\/api.w.org\/{rel}","templated":true}]}}