{"id":2247,"date":"2026-01-26T18:25:06","date_gmt":"2026-01-26T17:25:06","guid":{"rendered":"https:\/\/agora.xtec.cat\/ceip-rosella\/?p=2247"},"modified":"2026-01-27T07:12:28","modified_gmt":"2026-01-27T06:12:28","slug":"jornada-de-portes-obertes","status":"publish","type":"post","link":"https:\/\/agora.xtec.cat\/ceip-rosella\/general\/jornada-de-portes-obertes\/","title":{"rendered":"Jornada de portes obertes"},"content":{"rendered":"\n<p>Del 4 de mar\u00e7 al 18 de mar\u00e7 s&#8217;obrir\u00e0 el termini de preinscripci\u00f3 per a Ed. Infantil i Prim\u00e0ria.  <\/p>\n\n\n<p>Per aix\u00f2 es faran dos torns per visitar l&#8217;escola:<\/p>\n<ul>\n<li>Divendres 27 de febrer a les\u00a0 9:00 h<\/li>\n<li>Dilluns 2 de mar\u00e7 a les 15:00 h<\/li>\n<\/ul>\n<p><span style=\"color: #ff0000;\">Caldr\u00e0 fer la reserva trucant al <span style=\"color: #000000;\">937340001<\/span><\/span><\/p>\n\n\n<div data-wp-interactive=\"core\/file\" class=\"wp-block-file\"><object data-wp-bind--hidden=\"!state.hasPdfPreview\" hidden class=\"wp-block-file__embed\" data=\"https:\/\/agora.xtec.cat\/ceip-rosella\/wp-content\/uploads\/usu3593\/2026\/01\/Jornada-portes-obertes-26-27.pdf\" type=\"application\/pdf\" style=\"width:100%;height:600px\" aria-label=\"Incrustaci\u00f3 del fitxer Jornada portes obertes 26-27.\"><\/object><a id=\"wp-block-file--media-82fba422-7e6e-4683-84e2-01efec4cc97a\" href=\"https:\/\/agora.xtec.cat\/ceip-rosella\/wp-content\/uploads\/usu3593\/2026\/01\/Jornada-portes-obertes-26-27.pdf\">Jornada portes obertes 26-27<\/a><a href=\"https:\/\/agora.xtec.cat\/ceip-rosella\/wp-content\/uploads\/usu3593\/2026\/01\/Jornada-portes-obertes-26-27.pdf\" class=\"wp-block-file__button wp-element-button\" download aria-describedby=\"wp-block-file--media-82fba422-7e6e-4683-84e2-01efec4cc97a\">Baixa<\/a><\/div>\n\n\n\n<p><\/p>\n","protected":false},"excerpt":{"rendered":"<p>Del 4 de mar\u00e7 al 18 de mar\u00e7 s&#8217;obrir\u00e0 el termini de preinscripci\u00f3 per a Ed. Infantil i Prim\u00e0ria. Per aix\u00f2 es faran dos torns per visitar l&#8217;escola: Divendres 27 de febrer a les\u00a0 9:00 h Dilluns 2 de mar\u00e7 a les 15:00 h Caldr\u00e0 fer la reserva trucant al 937340001<\/p>\n","protected":false},"author":1,"featured_media":2264,"comment_status":"open","ping_status":"open","sticky":false,"template":"","format":"standard","meta":{"site-sidebar-layout":"default","site-content-layout":"","ast-site-content-layout":"default","site-content-style":"default","site-sidebar-style":"default","ast-global-header-display":"","ast-banner-title-visibility":"","ast-main-header-display":"","ast-hfb-above-header-display":"","ast-hfb-below-header-display":"","ast-hfb-mobile-header-display":"","site-post-title":"","ast-breadcrumbs-content":"","ast-featured-img":"","footer-sml-layout":"","theme-transparent-header-meta":"","adv-header-id-meta":"","stick-header-meta":"","header-above-stick-meta":"","header-main-stick-meta":"","header-below-stick-meta":"","astra-migrate-meta-layouts":"set","ast-page-background-enabled":"default","ast-page-background-meta":{"desktop":{"background-color":"var(--ast-global-color-4)","background-image":"","background-repeat":"repeat","background-position":"center center","background-size":"auto","background-attachment":"scroll","background-type":"","background-media":"","overlay-type":"","overlay-color":"","overlay-opacity":"","overlay-gradient":""},"tablet":{"background-color":"","background-image":"","background-repeat":"repeat","background-position":"center center","background-size":"auto","background-attachment":"scroll","background-type":"","background-media":"","overlay-type":"","overlay-color":"","overlay-opacity":"","overlay-gradient":""},"mobile":{"background-color":"","background-image":"","background-repeat":"repeat","background-position":"center center","background-size":"auto","background-attachment":"scroll","background-type":"","background-media":"","overlay-type":"","overlay-color":"","overlay-opacity":"","overlay-gradient":""}},"ast-content-background-meta":{"desktop":{"background-color":"var(--ast-global-color-5)","background-image":"","background-repeat":"repeat","background-position":"center center","background-size":"auto","background-attachment":"scroll","background-type":"","background-media":"","overlay-type":"","overlay-color":"","overlay-opacity":"","overlay-gradient":""},"tablet":{"background-color":"var(--ast-global-color-5)","background-image":"","background-repeat":"repeat","background-position":"center center","background-size":"auto","background-attachment":"scroll","background-type":"","background-media":"","overlay-type":"","overlay-color":"","overlay-opacity":"","overlay-gradient":""},"mobile":{"background-color":"var(--ast-global-color-5)","background-image":"","background-repeat":"repeat","background-position":"center center","background-size":"auto","background-attachment":"scroll","background-type":"","background-media":"","overlay-type":"","overlay-color":"","overlay-opacity":"","overlay-gradient":""}},"footnotes":""},"categories":[1,4],"tags":[],"class_list":["post-2247","post","type-post","status-publish","format-standard","has-post-thumbnail","hentry","category-general","category-portada"],"post_mailing_queue_ids":[],"_links":{"self":[{"href":"https:\/\/agora.xtec.cat\/ceip-rosella\/wp-json\/wp\/v2\/posts\/2247","targetHints":{"allow":["GET"]}}],"collection":[{"href":"https:\/\/agora.xtec.cat\/ceip-rosella\/wp-json\/wp\/v2\/posts"}],"about":[{"href":"https:\/\/agora.xtec.cat\/ceip-rosella\/wp-json\/wp\/v2\/types\/post"}],"author":[{"embeddable":true,"href":"https:\/\/agora.xtec.cat\/ceip-rosella\/wp-json\/wp\/v2\/users\/1"}],"replies":[{"embeddable":true,"href":"https:\/\/agora.xtec.cat\/ceip-rosella\/wp-json\/wp\/v2\/comments?post=2247"}],"version-history":[{"count":3,"href":"https:\/\/agora.xtec.cat\/ceip-rosella\/wp-json\/wp\/v2\/posts\/2247\/revisions"}],"predecessor-version":[{"id":2269,"href":"https:\/\/agora.xtec.cat\/ceip-rosella\/wp-json\/wp\/v2\/posts\/2247\/revisions\/2269"}],"wp:featuredmedia":[{"embeddable":true,"href":"https:\/\/agora.xtec.cat\/ceip-rosella\/wp-json\/wp\/v2\/media\/2264"}],"wp:attachment":[{"href":"https:\/\/agora.xtec.cat\/ceip-rosella\/wp-json\/wp\/v2\/media?parent=2247"}],"wp:term":[{"taxonomy":"category","embeddable":true,"href":"https:\/\/agora.xtec.cat\/ceip-rosella\/wp-json\/wp\/v2\/categories?post=2247"},{"taxonomy":"post_tag","embeddable":true,"href":"https:\/\/agora.xtec.cat\/ceip-rosella\/wp-json\/wp\/v2\/tags?post=2247"}],"curies":[{"name":"wp","href":"https:\/\/api.w.org\/{rel}","templated":true}]}}