{"id":15849,"date":"2025-05-08T13:54:33","date_gmt":"2025-05-08T11:54:33","guid":{"rendered":"https:\/\/agora.xtec.cat\/ceip-rllullrubi\/?p=15849"},"modified":"2025-05-08T13:54:33","modified_gmt":"2025-05-08T11:54:33","slug":"sortida-al-cim-daligues","status":"publish","type":"post","link":"https:\/\/agora.xtec.cat\/ceip-rllullrubi\/ja-hi-som-tots\/mitjans\/sortida-al-cim-daligues\/","title":{"rendered":"Sortida al Cim d&#8217;\u00c0ligues"},"content":{"rendered":"<p>Cada any, la comunitat de mitjans fa una sortida conjunta amb l&#8217;alumnat de 1r, 2n i 3r. Aquest curs hem anat al Cim d&#8217;\u00c0ligues, a Sant Feliu de Codines.<\/p>\n<p>El Cim d&#8217;\u00c0ligues \u00e9s un centre especialitzat en aus rapinyaires, l&#8217;objectiu del qual \u00e9s donar a con\u00e8ixer al p\u00fablic les caracter\u00edstiques i peculiaritats d&#8217;aquests animals.<\/p>\n<p>Per grups, els cuidadors ens van fer una visita comentada i vam gaudir d&#8217;un espectacular vol en llibertat de les diferents esp\u00e8cies.<\/p>\n<p>Vam acabar la sortida dinant i jugant tots junts al parc de Can Rius, de Sant Feliu de Codines,<\/p>\n<p>Recordeu que per veure les fotos i els v\u00eddeos heu d\u2019anar a l\u2019apartat \u201cfotos i v\u00eddeos\u201d \u2013 \u201cFestes Escolars\u201d i accedir amb la contrasenya. Despr\u00e9s busqueu el curs 24-25 i carpeta &#8220;Sortida Cim d&#8217;\u00c0ligues&#8221;.<\/p>\n<p><a href=\"https:\/\/agora.xtec.cat\/ceip-rllullrubi\/wp-content\/uploads\/usu1358\/2025\/05\/image00045-scaled.jpeg\"><img loading=\"lazy\" decoding=\"async\" class=\"wp-image-15852 aligncenter\" src=\"https:\/\/agora.xtec.cat\/ceip-rllullrubi\/wp-content\/uploads\/usu1358\/2025\/05\/image00045-768x1024.jpeg\" alt=\"\" width=\"267\" height=\"356\" srcset=\"https:\/\/agora.xtec.cat\/ceip-rllullrubi\/wp-content\/uploads\/usu1358\/2025\/05\/image00045-768x1024.jpeg 768w, https:\/\/agora.xtec.cat\/ceip-rllullrubi\/wp-content\/uploads\/usu1358\/2025\/05\/image00045-225x300.jpeg 225w, https:\/\/agora.xtec.cat\/ceip-rllullrubi\/wp-content\/uploads\/usu1358\/2025\/05\/image00045-1152x1536.jpeg 1152w, https:\/\/agora.xtec.cat\/ceip-rllullrubi\/wp-content\/uploads\/usu1358\/2025\/05\/image00045-1536x2048.jpeg 1536w, https:\/\/agora.xtec.cat\/ceip-rllullrubi\/wp-content\/uploads\/usu1358\/2025\/05\/image00045-scaled.jpeg 1920w\" sizes=\"auto, (max-width: 267px) 100vw, 267px\" \/><\/a><\/p>\n","protected":false},"excerpt":{"rendered":"<p>Cada any, la comunitat de mitjans fa una sortida conjunta amb l&#8217;alumnat de 1r, 2n i 3r. Aquest curs hem anat al Cim d&#8217;\u00c0ligues, a Sant Feliu de Codines.<br \/>\nEl Cim d&#8217;\u00c0ligues \u00e9s un centre especialitzat en aus rapinyaires, l&#8217;objectiu del qual \u00e9s donar a con\u00e8ixer&hellip;  <a href=\"https:\/\/agora.xtec.cat\/ceip-rllullrubi\/ja-hi-som-tots\/mitjans\/sortida-al-cim-daligues\/\" title=\"Read Sortida al Cim d&#8217;\u00c0ligues\">Llegeix m\u00e9s\u00bb<\/a><\/p>\n","protected":false},"author":1,"featured_media":0,"comment_status":"open","ping_status":"closed","sticky":false,"template":"","format":"standard","meta":{"_bbp_topic_count":0,"_bbp_reply_count":0,"_bbp_total_topic_count":0,"_bbp_total_reply_count":0,"_bbp_voice_count":0,"_bbp_anonymous_reply_count":0,"_bbp_topic_count_hidden":0,"_bbp_reply_count_hidden":0,"_bbp_forum_subforum_count":0,"footnotes":""},"categories":[269,270,422,490],"tags":[],"class_list":["post-15849","post","type-post","status-publish","format-standard","hentry","category-mitjans","category-promocio-2019","category-promocio-2020","category-promocio-2021"],"post_mailing_queue_ids":[],"_links":{"self":[{"href":"https:\/\/agora.xtec.cat\/ceip-rllullrubi\/wp-json\/wp\/v2\/posts\/15849","targetHints":{"allow":["GET"]}}],"collection":[{"href":"https:\/\/agora.xtec.cat\/ceip-rllullrubi\/wp-json\/wp\/v2\/posts"}],"about":[{"href":"https:\/\/agora.xtec.cat\/ceip-rllullrubi\/wp-json\/wp\/v2\/types\/post"}],"author":[{"embeddable":true,"href":"https:\/\/agora.xtec.cat\/ceip-rllullrubi\/wp-json\/wp\/v2\/users\/1"}],"replies":[{"embeddable":true,"href":"https:\/\/agora.xtec.cat\/ceip-rllullrubi\/wp-json\/wp\/v2\/comments?post=15849"}],"version-history":[{"count":3,"href":"https:\/\/agora.xtec.cat\/ceip-rllullrubi\/wp-json\/wp\/v2\/posts\/15849\/revisions"}],"predecessor-version":[{"id":15857,"href":"https:\/\/agora.xtec.cat\/ceip-rllullrubi\/wp-json\/wp\/v2\/posts\/15849\/revisions\/15857"}],"wp:attachment":[{"href":"https:\/\/agora.xtec.cat\/ceip-rllullrubi\/wp-json\/wp\/v2\/media?parent=15849"}],"wp:term":[{"taxonomy":"category","embeddable":true,"href":"https:\/\/agora.xtec.cat\/ceip-rllullrubi\/wp-json\/wp\/v2\/categories?post=15849"},{"taxonomy":"post_tag","embeddable":true,"href":"https:\/\/agora.xtec.cat\/ceip-rllullrubi\/wp-json\/wp\/v2\/tags?post=15849"}],"curies":[{"name":"wp","href":"https:\/\/api.w.org\/{rel}","templated":true}]}}