{"id":3619,"date":"2026-04-07T13:23:20","date_gmt":"2026-04-07T11:23:20","guid":{"rendered":"https:\/\/agora.xtec.cat\/ceip-rct\/?p=3619"},"modified":"2026-04-15T13:35:05","modified_gmt":"2026-04-15T11:35:05","slug":"etapa-inicial-i-cicle-inical-van-de-sortida-a-la-circoteca-de-valls","status":"publish","type":"post","link":"https:\/\/agora.xtec.cat\/ceip-rct\/general\/etapa-inicial-i-cicle-inical-van-de-sortida-a-la-circoteca-de-valls\/","title":{"rendered":"Etapa Infantil i Cicle Inical van de sortida a la Circoteca de Valls"},"content":{"rendered":"\n<p>Els i les alumnes de l&#8217;etapa inicial i cicle inicial vam anar a visitar la circoteca de Valls. Va ser una sortida molt entretinguda i super divertida. Vam experimentar amb materials de circ a m\u00e9s de con\u00e8ixer m\u00e9s coses sobre aquest meravell\u00f2s m\u00f3n!<\/p>\n\n\n\n<figure class=\"wp-block-image size-large\"><a href=\"https:\/\/agora.xtec.cat\/ceip-rct\/wp-content\/uploads\/usu1077\/2026\/04\/IMG20260325122931-scaled.jpg\"><img loading=\"lazy\" decoding=\"async\" width=\"1024\" height=\"768\" src=\"https:\/\/agora.xtec.cat\/ceip-rct\/wp-content\/uploads\/usu1077\/2026\/04\/IMG20260325122931-1024x768.jpg\" alt=\"\" class=\"wp-image-3620\" srcset=\"https:\/\/agora.xtec.cat\/ceip-rct\/wp-content\/uploads\/usu1077\/2026\/04\/IMG20260325122931-1024x768.jpg 1024w, https:\/\/agora.xtec.cat\/ceip-rct\/wp-content\/uploads\/usu1077\/2026\/04\/IMG20260325122931-300x225.jpg 300w, https:\/\/agora.xtec.cat\/ceip-rct\/wp-content\/uploads\/usu1077\/2026\/04\/IMG20260325122931-768x576.jpg 768w, https:\/\/agora.xtec.cat\/ceip-rct\/wp-content\/uploads\/usu1077\/2026\/04\/IMG20260325122931-1536x1152.jpg 1536w, https:\/\/agora.xtec.cat\/ceip-rct\/wp-content\/uploads\/usu1077\/2026\/04\/IMG20260325122931-2048x1536.jpg 2048w\" sizes=\"auto, (max-width: 1024px) 100vw, 1024px\" \/><\/a><\/figure>\n\n\n\n<figure class=\"wp-block-image size-large\"><a href=\"https:\/\/agora.xtec.cat\/ceip-rct\/wp-content\/uploads\/usu1077\/2026\/04\/IMG20260325125953-scaled.jpg\"><img loading=\"lazy\" decoding=\"async\" width=\"768\" height=\"1024\" src=\"https:\/\/agora.xtec.cat\/ceip-rct\/wp-content\/uploads\/usu1077\/2026\/04\/IMG20260325125953-768x1024.jpg\" alt=\"\" class=\"wp-image-3621\" srcset=\"https:\/\/agora.xtec.cat\/ceip-rct\/wp-content\/uploads\/usu1077\/2026\/04\/IMG20260325125953-768x1024.jpg 768w, https:\/\/agora.xtec.cat\/ceip-rct\/wp-content\/uploads\/usu1077\/2026\/04\/IMG20260325125953-225x300.jpg 225w, https:\/\/agora.xtec.cat\/ceip-rct\/wp-content\/uploads\/usu1077\/2026\/04\/IMG20260325125953-1152x1536.jpg 1152w, https:\/\/agora.xtec.cat\/ceip-rct\/wp-content\/uploads\/usu1077\/2026\/04\/IMG20260325125953-1536x2048.jpg 1536w, https:\/\/agora.xtec.cat\/ceip-rct\/wp-content\/uploads\/usu1077\/2026\/04\/IMG20260325125953-scaled.jpg 1920w\" sizes=\"auto, (max-width: 768px) 100vw, 768px\" \/><\/a><\/figure>\n\n\n\n<figure class=\"wp-block-image size-large\"><a href=\"https:\/\/agora.xtec.cat\/ceip-rct\/wp-content\/uploads\/usu1077\/2026\/04\/IMG20260325143401-scaled.jpg\"><img loading=\"lazy\" decoding=\"async\" width=\"1024\" height=\"768\" src=\"https:\/\/agora.xtec.cat\/ceip-rct\/wp-content\/uploads\/usu1077\/2026\/04\/IMG20260325143401-1024x768.jpg\" alt=\"\" class=\"wp-image-3622\" srcset=\"https:\/\/agora.xtec.cat\/ceip-rct\/wp-content\/uploads\/usu1077\/2026\/04\/IMG20260325143401-1024x768.jpg 1024w, https:\/\/agora.xtec.cat\/ceip-rct\/wp-content\/uploads\/usu1077\/2026\/04\/IMG20260325143401-300x225.jpg 300w, https:\/\/agora.xtec.cat\/ceip-rct\/wp-content\/uploads\/usu1077\/2026\/04\/IMG20260325143401-768x576.jpg 768w, https:\/\/agora.xtec.cat\/ceip-rct\/wp-content\/uploads\/usu1077\/2026\/04\/IMG20260325143401-1536x1152.jpg 1536w, https:\/\/agora.xtec.cat\/ceip-rct\/wp-content\/uploads\/usu1077\/2026\/04\/IMG20260325143401-2048x1536.jpg 2048w\" sizes=\"auto, (max-width: 1024px) 100vw, 1024px\" \/><\/a><\/figure>\n\n\n\n<p><\/p>\n","protected":false},"excerpt":{"rendered":"<p>Els i les alumnes de l&#8217;etapa inicial i cicle inicial vam anar a visitar la circoteca de Valls. Va ser [&hellip;]<\/p>\n","protected":false},"author":10,"featured_media":3620,"comment_status":"open","ping_status":"open","sticky":false,"template":"","format":"standard","meta":{"_bbp_topic_count":0,"_bbp_reply_count":0,"_bbp_total_topic_count":0,"_bbp_total_reply_count":0,"_bbp_voice_count":0,"_bbp_anonymous_reply_count":0,"_bbp_topic_count_hidden":0,"_bbp_reply_count_hidden":0,"_bbp_forum_subforum_count":0,"site-sidebar-layout":"default","site-content-layout":"","ast-site-content-layout":"default","site-content-style":"default","site-sidebar-style":"default","ast-global-header-display":"","ast-banner-title-visibility":"","ast-main-header-display":"","ast-hfb-above-header-display":"","ast-hfb-below-header-display":"","ast-hfb-mobile-header-display":"","site-post-title":"","ast-breadcrumbs-content":"","ast-featured-img":"","footer-sml-layout":"","theme-transparent-header-meta":"","adv-header-id-meta":"","stick-header-meta":"","header-above-stick-meta":"","header-main-stick-meta":"","header-below-stick-meta":"","astra-migrate-meta-layouts":"set","ast-page-background-enabled":"default","ast-page-background-meta":{"desktop":{"background-color":"var(--ast-global-color-4)","background-image":"","background-repeat":"repeat","background-position":"center center","background-size":"auto","background-attachment":"scroll","background-type":"","background-media":"","overlay-type":"","overlay-color":"","overlay-opacity":"","overlay-gradient":""},"tablet":{"background-color":"","background-image":"","background-repeat":"repeat","background-position":"center center","background-size":"auto","background-attachment":"scroll","background-type":"","background-media":"","overlay-type":"","overlay-color":"","overlay-opacity":"","overlay-gradient":""},"mobile":{"background-color":"","background-image":"","background-repeat":"repeat","background-position":"center center","background-size":"auto","background-attachment":"scroll","background-type":"","background-media":"","overlay-type":"","overlay-color":"","overlay-opacity":"","overlay-gradient":""}},"ast-content-background-meta":{"desktop":{"background-color":"var(--ast-global-color-5)","background-image":"","background-repeat":"repeat","background-position":"center center","background-size":"auto","background-attachment":"scroll","background-type":"","background-media":"","overlay-type":"","overlay-color":"","overlay-opacity":"","overlay-gradient":""},"tablet":{"background-color":"var(--ast-global-color-5)","background-image":"","background-repeat":"repeat","background-position":"center center","background-size":"auto","background-attachment":"scroll","background-type":"","background-media":"","overlay-type":"","overlay-color":"","overlay-opacity":"","overlay-gradient":""},"mobile":{"background-color":"var(--ast-global-color-5)","background-image":"","background-repeat":"repeat","background-position":"center center","background-size":"auto","background-attachment":"scroll","background-type":"","background-media":"","overlay-type":"","overlay-color":"","overlay-opacity":"","overlay-gradient":""}},"footnotes":""},"categories":[80,1,4],"tags":[],"class_list":["post-3619","post","type-post","status-publish","format-standard","has-post-thumbnail","hentry","category-articles","category-general","category-portada"],"post_mailing_queue_ids":[],"_links":{"self":[{"href":"https:\/\/agora.xtec.cat\/ceip-rct\/wp-json\/wp\/v2\/posts\/3619","targetHints":{"allow":["GET"]}}],"collection":[{"href":"https:\/\/agora.xtec.cat\/ceip-rct\/wp-json\/wp\/v2\/posts"}],"about":[{"href":"https:\/\/agora.xtec.cat\/ceip-rct\/wp-json\/wp\/v2\/types\/post"}],"author":[{"embeddable":true,"href":"https:\/\/agora.xtec.cat\/ceip-rct\/wp-json\/wp\/v2\/users\/10"}],"replies":[{"embeddable":true,"href":"https:\/\/agora.xtec.cat\/ceip-rct\/wp-json\/wp\/v2\/comments?post=3619"}],"version-history":[{"count":2,"href":"https:\/\/agora.xtec.cat\/ceip-rct\/wp-json\/wp\/v2\/posts\/3619\/revisions"}],"predecessor-version":[{"id":3625,"href":"https:\/\/agora.xtec.cat\/ceip-rct\/wp-json\/wp\/v2\/posts\/3619\/revisions\/3625"}],"wp:featuredmedia":[{"embeddable":true,"href":"https:\/\/agora.xtec.cat\/ceip-rct\/wp-json\/wp\/v2\/media\/3620"}],"wp:attachment":[{"href":"https:\/\/agora.xtec.cat\/ceip-rct\/wp-json\/wp\/v2\/media?parent=3619"}],"wp:term":[{"taxonomy":"category","embeddable":true,"href":"https:\/\/agora.xtec.cat\/ceip-rct\/wp-json\/wp\/v2\/categories?post=3619"},{"taxonomy":"post_tag","embeddable":true,"href":"https:\/\/agora.xtec.cat\/ceip-rct\/wp-json\/wp\/v2\/tags?post=3619"}],"curies":[{"name":"wp","href":"https:\/\/api.w.org\/{rel}","templated":true}]}}