{"id":3500,"date":"2026-01-10T18:51:03","date_gmt":"2026-01-10T17:51:03","guid":{"rendered":"https:\/\/agora.xtec.cat\/ceip-rct\/?p=3500"},"modified":"2026-01-10T18:51:04","modified_gmt":"2026-01-10T17:51:04","slug":"la-via-agusta-de-riu-clar","status":"publish","type":"post","link":"https:\/\/agora.xtec.cat\/ceip-rct\/general\/la-via-agusta-de-riu-clar\/","title":{"rendered":"La Via Agusta de Riu Clar"},"content":{"rendered":"\n<figure class=\"wp-block-image\"><img decoding=\"async\" src=\"https:\/\/agora.xtec.cat\/ceip-rct\/wp-content\/uploads\/usu1077\/2026\/01\/IMG_3262-772x1024.jpg\" alt=\"\"\/><\/figure>\n\n\n\n<p>Tanquem amb la presentaci\u00f3 del nostre treball a l&#8217;exposici\u00f3 a l&#8217;Antiga audi\u00e8ncia de Tarragona que ens ha apartat un aprenentatge per con\u00e8ixer el patrimoni rom\u00e0 de la nostra antiga ciutat, T\u00e0rraco. <\/p>\n\n\n\n<p>L&#8217;exposici\u00f3 &#8220;El llegat de T\u00e0rraco: una mirada educativa&#8221; la podreu visitar fins al 29 de gener. On l&#8217;escola ha aportat el seu Arc de Bar\u00e0. <\/p>\n\n\n\n<p>Dos alumnes de l&#8217;escola van representar l&#8217;escola en aquesta inauguraci\u00f3 de l&#8217;exposici\u00f3 explicant la Via Agusta que des del curs passat v\u00e0rem treballar tota l&#8217;escola. <\/p>\n\n\n\n<figure class=\"wp-block-image size-large\"><a href=\"https:\/\/agora.xtec.cat\/ceip-rct\/wp-content\/uploads\/usu1077\/2026\/01\/34621.jpg\"><img loading=\"lazy\" decoding=\"async\" width=\"820\" height=\"1024\" src=\"https:\/\/agora.xtec.cat\/ceip-rct\/wp-content\/uploads\/usu1077\/2026\/01\/34621-820x1024.jpg\" alt=\"\" class=\"wp-image-3502\" srcset=\"https:\/\/agora.xtec.cat\/ceip-rct\/wp-content\/uploads\/usu1077\/2026\/01\/34621-820x1024.jpg 820w, https:\/\/agora.xtec.cat\/ceip-rct\/wp-content\/uploads\/usu1077\/2026\/01\/34621-240x300.jpg 240w, https:\/\/agora.xtec.cat\/ceip-rct\/wp-content\/uploads\/usu1077\/2026\/01\/34621-768x959.jpg 768w, https:\/\/agora.xtec.cat\/ceip-rct\/wp-content\/uploads\/usu1077\/2026\/01\/34621.jpg 1164w\" sizes=\"auto, (max-width: 820px) 100vw, 820px\" \/><\/a><\/figure>\n\n\n\n<p>L&#8217;Arc de Bar\u00e0 amb el Samuel i la Kawthar. Moltes gr\u00e0cies per explicar a la resta d&#8217;escola la Via Agusta de Riu Clar! <\/p>\n\n\n\n<figure class=\"wp-block-image size-large\"><a href=\"https:\/\/agora.xtec.cat\/ceip-rct\/wp-content\/uploads\/usu1077\/2026\/01\/IMG_3254-scaled.jpg\"><img loading=\"lazy\" decoding=\"async\" width=\"768\" height=\"1024\" src=\"https:\/\/agora.xtec.cat\/ceip-rct\/wp-content\/uploads\/usu1077\/2026\/01\/IMG_3254-768x1024.jpg\" alt=\"\" class=\"wp-image-3504\" srcset=\"https:\/\/agora.xtec.cat\/ceip-rct\/wp-content\/uploads\/usu1077\/2026\/01\/IMG_3254-768x1024.jpg 768w, https:\/\/agora.xtec.cat\/ceip-rct\/wp-content\/uploads\/usu1077\/2026\/01\/IMG_3254-225x300.jpg 225w, https:\/\/agora.xtec.cat\/ceip-rct\/wp-content\/uploads\/usu1077\/2026\/01\/IMG_3254-1152x1536.jpg 1152w, https:\/\/agora.xtec.cat\/ceip-rct\/wp-content\/uploads\/usu1077\/2026\/01\/IMG_3254-1536x2048.jpg 1536w, https:\/\/agora.xtec.cat\/ceip-rct\/wp-content\/uploads\/usu1077\/2026\/01\/IMG_3254-scaled.jpg 1920w\" sizes=\"auto, (max-width: 768px) 100vw, 768px\" \/><\/a><\/figure>\n\n\n\n<p>Aix\u00ed doncs, tanquem aquest treball de T\u00e0rraco en la celebraci\u00f3 dels 25 anys en ser Patrimoni Mundial. <\/p>\n\n\n\n<figure class=\"wp-block-embed is-type-video is-provider-youtube wp-block-embed-youtube wp-embed-aspect-9-16 wp-has-aspect-ratio\"><div class=\"wp-block-embed__wrapper\">\n<div class=\"ast-oembed-container \" style=\"height: 100%;\"><iframe loading=\"lazy\" title=\"Via Agusta Escola Riu Clar\" width=\"422\" height=\"750\" src=\"https:\/\/www.youtube.com\/embed\/n9dQlJRjFuc?feature=oembed\" frameborder=\"0\" allow=\"accelerometer; autoplay; clipboard-write; encrypted-media; gyroscope; picture-in-picture; web-share\" referrerpolicy=\"strict-origin-when-cross-origin\" allowfullscreen><\/iframe><\/div> \n<\/div><\/figure>\n\n\n\n<p>Un passeig per la Via Agusta de l&#8217;Escola de Riu Clar. <\/p>\n\n\n\n<p><\/p>\n","protected":false},"excerpt":{"rendered":"<p>Tanquem amb la presentaci\u00f3 del nostre treball a l&#8217;exposici\u00f3 a l&#8217;Antiga audi\u00e8ncia de Tarragona que ens ha apartat un aprenentatge [&hellip;]<\/p>\n","protected":false},"author":12,"featured_media":3503,"comment_status":"open","ping_status":"open","sticky":false,"template":"","format":"standard","meta":{"_bbp_topic_count":0,"_bbp_reply_count":0,"_bbp_total_topic_count":0,"_bbp_total_reply_count":0,"_bbp_voice_count":0,"_bbp_anonymous_reply_count":0,"_bbp_topic_count_hidden":0,"_bbp_reply_count_hidden":0,"_bbp_forum_subforum_count":0,"site-sidebar-layout":"default","site-content-layout":"","ast-site-content-layout":"default","site-content-style":"default","site-sidebar-style":"default","ast-global-header-display":"","ast-banner-title-visibility":"","ast-main-header-display":"","ast-hfb-above-header-display":"","ast-hfb-below-header-display":"","ast-hfb-mobile-header-display":"","site-post-title":"","ast-breadcrumbs-content":"","ast-featured-img":"","footer-sml-layout":"","theme-transparent-header-meta":"","adv-header-id-meta":"","stick-header-meta":"","header-above-stick-meta":"","header-main-stick-meta":"","header-below-stick-meta":"","astra-migrate-meta-layouts":"set","ast-page-background-enabled":"default","ast-page-background-meta":{"desktop":{"background-color":"var(--ast-global-color-4)","background-image":"","background-repeat":"repeat","background-position":"center center","background-size":"auto","background-attachment":"scroll","background-type":"","background-media":"","overlay-type":"","overlay-color":"","overlay-opacity":"","overlay-gradient":""},"tablet":{"background-color":"","background-image":"","background-repeat":"repeat","background-position":"center center","background-size":"auto","background-attachment":"scroll","background-type":"","background-media":"","overlay-type":"","overlay-color":"","overlay-opacity":"","overlay-gradient":""},"mobile":{"background-color":"","background-image":"","background-repeat":"repeat","background-position":"center center","background-size":"auto","background-attachment":"scroll","background-type":"","background-media":"","overlay-type":"","overlay-color":"","overlay-opacity":"","overlay-gradient":""}},"ast-content-background-meta":{"desktop":{"background-color":"var(--ast-global-color-5)","background-image":"","background-repeat":"repeat","background-position":"center center","background-size":"auto","background-attachment":"scroll","background-type":"","background-media":"","overlay-type":"","overlay-color":"","overlay-opacity":"","overlay-gradient":""},"tablet":{"background-color":"var(--ast-global-color-5)","background-image":"","background-repeat":"repeat","background-position":"center center","background-size":"auto","background-attachment":"scroll","background-type":"","background-media":"","overlay-type":"","overlay-color":"","overlay-opacity":"","overlay-gradient":""},"mobile":{"background-color":"var(--ast-global-color-5)","background-image":"","background-repeat":"repeat","background-position":"center center","background-size":"auto","background-attachment":"scroll","background-type":"","background-media":"","overlay-type":"","overlay-color":"","overlay-opacity":"","overlay-gradient":""}},"footnotes":""},"categories":[1,81,4],"tags":[],"class_list":["post-3500","post","type-post","status-publish","format-standard","has-post-thumbnail","hentry","category-general","category-noticies","category-portada"],"post_mailing_queue_ids":[],"_links":{"self":[{"href":"https:\/\/agora.xtec.cat\/ceip-rct\/wp-json\/wp\/v2\/posts\/3500","targetHints":{"allow":["GET"]}}],"collection":[{"href":"https:\/\/agora.xtec.cat\/ceip-rct\/wp-json\/wp\/v2\/posts"}],"about":[{"href":"https:\/\/agora.xtec.cat\/ceip-rct\/wp-json\/wp\/v2\/types\/post"}],"author":[{"embeddable":true,"href":"https:\/\/agora.xtec.cat\/ceip-rct\/wp-json\/wp\/v2\/users\/12"}],"replies":[{"embeddable":true,"href":"https:\/\/agora.xtec.cat\/ceip-rct\/wp-json\/wp\/v2\/comments?post=3500"}],"version-history":[{"count":4,"href":"https:\/\/agora.xtec.cat\/ceip-rct\/wp-json\/wp\/v2\/posts\/3500\/revisions"}],"predecessor-version":[{"id":3507,"href":"https:\/\/agora.xtec.cat\/ceip-rct\/wp-json\/wp\/v2\/posts\/3500\/revisions\/3507"}],"wp:featuredmedia":[{"embeddable":true,"href":"https:\/\/agora.xtec.cat\/ceip-rct\/wp-json\/wp\/v2\/media\/3503"}],"wp:attachment":[{"href":"https:\/\/agora.xtec.cat\/ceip-rct\/wp-json\/wp\/v2\/media?parent=3500"}],"wp:term":[{"taxonomy":"category","embeddable":true,"href":"https:\/\/agora.xtec.cat\/ceip-rct\/wp-json\/wp\/v2\/categories?post=3500"},{"taxonomy":"post_tag","embeddable":true,"href":"https:\/\/agora.xtec.cat\/ceip-rct\/wp-json\/wp\/v2\/tags?post=3500"}],"curies":[{"name":"wp","href":"https:\/\/api.w.org\/{rel}","templated":true}]}}