{"id":3481,"date":"2025-11-03T17:48:08","date_gmt":"2025-11-03T16:48:08","guid":{"rendered":"https:\/\/agora.xtec.cat\/ceip-rct\/?p=3481"},"modified":"2026-01-10T17:54:14","modified_gmt":"2026-01-10T16:54:14","slug":"inauguracio-de-la-biblioteca","status":"publish","type":"post","link":"https:\/\/agora.xtec.cat\/ceip-rct\/general\/inauguracio-de-la-biblioteca\/","title":{"rendered":"Inauguraci\u00f3 de la Biblioteca"},"content":{"rendered":"\n<figure class=\"wp-block-image\"><img decoding=\"async\" src=\"https:\/\/agora.xtec.cat\/ceip-rct\/wp-content\/uploads\/usu1077\/2026\/01\/D9BC7420-6809-407C-B03D-C872542D8205-1024x739.jpg\" alt=\"\"\/><\/figure>\n\n\n\n<p class=\"has-text-align-center\"><strong>L&#8217;escola Riu Clar inaugura la seva Biblioteca escolar.<\/strong><\/p>\n\n\n\n<p>L&#8217;escola Riu Clar va inaugurar la seva biblioteca escolar. Un projecte envoltat d&#8217;emocions i treball de tota la comunitat educativa. Aquesta inauguraci\u00f3 forma part del projecte pilot de <strong>Promoci\u00f3 de la Lectura de la ciutat de Tarragona<\/strong> i que va iniciar la<strong> Tardor liter\u00e0ria<\/strong> amb l&#8217;actuaci\u00f3 del grup <strong>Cia Passabarret <\/strong>amb l&#8217;estrena de l&#8217;espectacle en prim\u00edcia del llibre <strong>Versus <\/strong>escrit per<strong> Margadira Aritzeta<\/strong> i il\u00b7lustrat per <strong>Llu\u00eds Jim\u00e9nez<\/strong>. <\/p>\n\n\n\n<figure class=\"wp-block-image size-full\"><a href=\"https:\/\/agora.xtec.cat\/ceip-rct\/wp-content\/uploads\/usu1077\/2025\/12\/Captura-de-pantalla-2025-12-15-144511-1.png\"><img loading=\"lazy\" decoding=\"async\" width=\"863\" height=\"647\" src=\"https:\/\/agora.xtec.cat\/ceip-rct\/wp-content\/uploads\/usu1077\/2025\/12\/Captura-de-pantalla-2025-12-15-144511-1.png\" alt=\"\" class=\"wp-image-3446\" srcset=\"https:\/\/agora.xtec.cat\/ceip-rct\/wp-content\/uploads\/usu1077\/2025\/12\/Captura-de-pantalla-2025-12-15-144511-1.png 863w, https:\/\/agora.xtec.cat\/ceip-rct\/wp-content\/uploads\/usu1077\/2025\/12\/Captura-de-pantalla-2025-12-15-144511-1-300x225.png 300w, https:\/\/agora.xtec.cat\/ceip-rct\/wp-content\/uploads\/usu1077\/2025\/12\/Captura-de-pantalla-2025-12-15-144511-1-768x576.png 768w\" sizes=\"auto, (max-width: 863px) 100vw, 863px\" \/><\/a><\/figure>\n\n\n\n<figure class=\"wp-block-image size-large\"><a href=\"https:\/\/agora.xtec.cat\/ceip-rct\/wp-content\/uploads\/usu1077\/2026\/01\/1f3b51f5-abdf-4ca2-a6bf-a080c794e23a.jpg\"><img loading=\"lazy\" decoding=\"async\" width=\"1024\" height=\"768\" src=\"https:\/\/agora.xtec.cat\/ceip-rct\/wp-content\/uploads\/usu1077\/2026\/01\/1f3b51f5-abdf-4ca2-a6bf-a080c794e23a-1024x768.jpg\" alt=\"\" class=\"wp-image-3483\" srcset=\"https:\/\/agora.xtec.cat\/ceip-rct\/wp-content\/uploads\/usu1077\/2026\/01\/1f3b51f5-abdf-4ca2-a6bf-a080c794e23a-1024x768.jpg 1024w, https:\/\/agora.xtec.cat\/ceip-rct\/wp-content\/uploads\/usu1077\/2026\/01\/1f3b51f5-abdf-4ca2-a6bf-a080c794e23a-300x225.jpg 300w, https:\/\/agora.xtec.cat\/ceip-rct\/wp-content\/uploads\/usu1077\/2026\/01\/1f3b51f5-abdf-4ca2-a6bf-a080c794e23a-768x576.jpg 768w, https:\/\/agora.xtec.cat\/ceip-rct\/wp-content\/uploads\/usu1077\/2026\/01\/1f3b51f5-abdf-4ca2-a6bf-a080c794e23a-1536x1152.jpg 1536w, https:\/\/agora.xtec.cat\/ceip-rct\/wp-content\/uploads\/usu1077\/2026\/01\/1f3b51f5-abdf-4ca2-a6bf-a080c794e23a.jpg 2000w\" sizes=\"auto, (max-width: 1024px) 100vw, 1024px\" \/><\/a><\/figure>\n\n\n\n<p><a href=\"https:\/\/www.tarragona.cat\/cultura\/lletres\/agenda\/2025\/octubre\/circoteca.-festa-inaugural-biblioteca-escolar-riu-clar\">https:\/\/www.tarragona.cat\/cultura\/lletres\/agenda\/2025\/octubre\/circoteca.-festa-inaugural-biblioteca-escolar-riu-clar<\/a><\/p>\n\n\n\n<figure class=\"wp-block-image size-large\"><a href=\"https:\/\/agora.xtec.cat\/ceip-rct\/wp-content\/uploads\/usu1077\/2026\/01\/IMG_2589-scaled.jpg\"><img loading=\"lazy\" decoding=\"async\" width=\"1024\" height=\"768\" src=\"https:\/\/agora.xtec.cat\/ceip-rct\/wp-content\/uploads\/usu1077\/2026\/01\/IMG_2589-1024x768.jpg\" alt=\"\" class=\"wp-image-3485\" srcset=\"https:\/\/agora.xtec.cat\/ceip-rct\/wp-content\/uploads\/usu1077\/2026\/01\/IMG_2589-1024x768.jpg 1024w, https:\/\/agora.xtec.cat\/ceip-rct\/wp-content\/uploads\/usu1077\/2026\/01\/IMG_2589-300x225.jpg 300w, https:\/\/agora.xtec.cat\/ceip-rct\/wp-content\/uploads\/usu1077\/2026\/01\/IMG_2589-768x576.jpg 768w, https:\/\/agora.xtec.cat\/ceip-rct\/wp-content\/uploads\/usu1077\/2026\/01\/IMG_2589-1536x1152.jpg 1536w, https:\/\/agora.xtec.cat\/ceip-rct\/wp-content\/uploads\/usu1077\/2026\/01\/IMG_2589-2048x1536.jpg 2048w\" sizes=\"auto, (max-width: 1024px) 100vw, 1024px\" \/><\/a><\/figure>\n\n\n\n<p>Nens i nenes, Fam\u00edlies, mestres, professionals de l&#8217;educaci\u00f3, representants del Departament d&#8217;educaci\u00f3 i Ajuntament de Tarragona varen ser presents i vam gaudir d&#8217;una gran tarda. <\/p>\n\n\n\n<p>Una gran festa! Inaugurarem la biblioteca de l\u2019escola, aquesta biblioteca ser\u00e0 un lloc obert a descobrir llibres que ens faran viatjar i ens ensenyaran molt\u00edssimes coses! Un lloc de lectura, de relaxaci\u00f3, de pau i un lloc per compartir experi\u00e8ncies lectores.<\/p>\n\n\n\n<p>A partir d&#8217;aquesta inauguraci\u00f3 s&#8217;ha fet un concurs per triar la mascota de la Biblioteca de Riu Clar. M\u00e9s endavant us ensenyarem la mascota de la nostra Biblioteca.<\/p>\n\n\n\n<p><\/p>\n","protected":false},"excerpt":{"rendered":"<p>L&#8217;escola Riu Clar inaugura la seva Biblioteca escolar. L&#8217;escola Riu Clar va inaugurar la seva biblioteca escolar. Un projecte envoltat [&hellip;]<\/p>\n","protected":false},"author":12,"featured_media":3484,"comment_status":"open","ping_status":"open","sticky":false,"template":"","format":"standard","meta":{"_bbp_topic_count":0,"_bbp_reply_count":0,"_bbp_total_topic_count":0,"_bbp_total_reply_count":0,"_bbp_voice_count":0,"_bbp_anonymous_reply_count":0,"_bbp_topic_count_hidden":0,"_bbp_reply_count_hidden":0,"_bbp_forum_subforum_count":0,"site-sidebar-layout":"default","site-content-layout":"","ast-site-content-layout":"default","site-content-style":"default","site-sidebar-style":"default","ast-global-header-display":"","ast-banner-title-visibility":"","ast-main-header-display":"","ast-hfb-above-header-display":"","ast-hfb-below-header-display":"","ast-hfb-mobile-header-display":"","site-post-title":"","ast-breadcrumbs-content":"","ast-featured-img":"disabled","footer-sml-layout":"","theme-transparent-header-meta":"","adv-header-id-meta":"","stick-header-meta":"","header-above-stick-meta":"","header-main-stick-meta":"","header-below-stick-meta":"","astra-migrate-meta-layouts":"set","ast-page-background-enabled":"default","ast-page-background-meta":{"desktop":{"background-color":"var(--ast-global-color-4)","background-image":"","background-repeat":"repeat","background-position":"center center","background-size":"auto","background-attachment":"scroll","background-type":"","background-media":"","overlay-type":"","overlay-color":"","overlay-opacity":"","overlay-gradient":""},"tablet":{"background-color":"","background-image":"","background-repeat":"repeat","background-position":"center center","background-size":"auto","background-attachment":"scroll","background-type":"","background-media":"","overlay-type":"","overlay-color":"","overlay-opacity":"","overlay-gradient":""},"mobile":{"background-color":"","background-image":"","background-repeat":"repeat","background-position":"center center","background-size":"auto","background-attachment":"scroll","background-type":"","background-media":"","overlay-type":"","overlay-color":"","overlay-opacity":"","overlay-gradient":""}},"ast-content-background-meta":{"desktop":{"background-color":"var(--ast-global-color-5)","background-image":"","background-repeat":"repeat","background-position":"center center","background-size":"auto","background-attachment":"scroll","background-type":"","background-media":"","overlay-type":"","overlay-color":"","overlay-opacity":"","overlay-gradient":""},"tablet":{"background-color":"var(--ast-global-color-5)","background-image":"","background-repeat":"repeat","background-position":"center center","background-size":"auto","background-attachment":"scroll","background-type":"","background-media":"","overlay-type":"","overlay-color":"","overlay-opacity":"","overlay-gradient":""},"mobile":{"background-color":"var(--ast-global-color-5)","background-image":"","background-repeat":"repeat","background-position":"center center","background-size":"auto","background-attachment":"scroll","background-type":"","background-media":"","overlay-type":"","overlay-color":"","overlay-opacity":"","overlay-gradient":""}},"footnotes":""},"categories":[1,81,4],"tags":[],"class_list":["post-3481","post","type-post","status-publish","format-standard","has-post-thumbnail","hentry","category-general","category-noticies","category-portada"],"post_mailing_queue_ids":[],"_links":{"self":[{"href":"https:\/\/agora.xtec.cat\/ceip-rct\/wp-json\/wp\/v2\/posts\/3481","targetHints":{"allow":["GET"]}}],"collection":[{"href":"https:\/\/agora.xtec.cat\/ceip-rct\/wp-json\/wp\/v2\/posts"}],"about":[{"href":"https:\/\/agora.xtec.cat\/ceip-rct\/wp-json\/wp\/v2\/types\/post"}],"author":[{"embeddable":true,"href":"https:\/\/agora.xtec.cat\/ceip-rct\/wp-json\/wp\/v2\/users\/12"}],"replies":[{"embeddable":true,"href":"https:\/\/agora.xtec.cat\/ceip-rct\/wp-json\/wp\/v2\/comments?post=3481"}],"version-history":[{"count":4,"href":"https:\/\/agora.xtec.cat\/ceip-rct\/wp-json\/wp\/v2\/posts\/3481\/revisions"}],"predecessor-version":[{"id":3488,"href":"https:\/\/agora.xtec.cat\/ceip-rct\/wp-json\/wp\/v2\/posts\/3481\/revisions\/3488"}],"wp:featuredmedia":[{"embeddable":true,"href":"https:\/\/agora.xtec.cat\/ceip-rct\/wp-json\/wp\/v2\/media\/3484"}],"wp:attachment":[{"href":"https:\/\/agora.xtec.cat\/ceip-rct\/wp-json\/wp\/v2\/media?parent=3481"}],"wp:term":[{"taxonomy":"category","embeddable":true,"href":"https:\/\/agora.xtec.cat\/ceip-rct\/wp-json\/wp\/v2\/categories?post=3481"},{"taxonomy":"post_tag","embeddable":true,"href":"https:\/\/agora.xtec.cat\/ceip-rct\/wp-json\/wp\/v2\/tags?post=3481"}],"curies":[{"name":"wp","href":"https:\/\/api.w.org\/{rel}","templated":true}]}}