{"id":3461,"date":"2026-01-10T17:12:20","date_gmt":"2026-01-10T16:12:20","guid":{"rendered":"https:\/\/agora.xtec.cat\/ceip-rct\/?p=3461"},"modified":"2026-01-10T17:15:20","modified_gmt":"2026-01-10T16:15:20","slug":"activitats-per-a-les-families","status":"publish","type":"post","link":"https:\/\/agora.xtec.cat\/ceip-rct\/general\/activitats-per-a-les-families\/","title":{"rendered":"Activitats per a les fam\u00edlies"},"content":{"rendered":"\n<figure class=\"wp-block-gallery has-nested-images columns-default is-cropped wp-block-gallery-1 is-layout-flex wp-block-gallery-is-layout-flex\">\n<figure class=\"wp-block-image size-large\"><a href=\"https:\/\/agora.xtec.cat\/ceip-rct\/wp-content\/uploads\/usu1077\/2026\/01\/image.jpeg\"><img loading=\"lazy\" decoding=\"async\" width=\"1024\" height=\"724\" data-id=\"3472\" src=\"https:\/\/agora.xtec.cat\/ceip-rct\/wp-content\/uploads\/usu1077\/2026\/01\/image.jpeg\" alt=\"\" class=\"wp-image-3472\" srcset=\"https:\/\/agora.xtec.cat\/ceip-rct\/wp-content\/uploads\/usu1077\/2026\/01\/image.jpeg 1024w, https:\/\/agora.xtec.cat\/ceip-rct\/wp-content\/uploads\/usu1077\/2026\/01\/image-300x212.jpeg 300w, https:\/\/agora.xtec.cat\/ceip-rct\/wp-content\/uploads\/usu1077\/2026\/01\/image-768x543.jpeg 768w\" sizes=\"auto, (max-width: 1024px) 100vw, 1024px\" \/><\/a><\/figure>\n<\/figure>\n\n\n\n<p class=\"has-ast-global-color-4-color has-text-color has-link-color wp-elements-0029cdf445e1adac5b33619c4161038b\">Us presentem les <strong>Xerrades<\/strong>, els <strong>Caf\u00e8 i Tert\u00falia <\/strong>i el <strong>Curs de Catal\u00e0<\/strong> que es portaran a terme aquest curs escolar 2025-2026 per a les fam\u00edlies de l&#8217;alumnat de l&#8217;escola. <\/p>\n\n\n\n<p>Les <strong>Xerrades<\/strong> estan orientades a la millora i l&#8217;ajuda  a les fam\u00edlies en l&#8217;\u00e0mbit de gesti\u00f3 familiar, salut i h\u00e0bits del dia a dia.<\/p>\n\n\n\n<p>Els <strong>Caf\u00e8 i Tert\u00falia <\/strong>s\u00f3n espair de trobada entre fam\u00edlia i escola per passar una estona agradable on compartim gastronomia, propostes educatives i costums i tradicions de les diferents cultures que formem la vida social de la nostra escola.  <\/p>\n\n\n\n<figure class=\"wp-block-image size-large is-resized is-style-default\"><a href=\"https:\/\/agora.xtec.cat\/ceip-rct\/wp-content\/uploads\/usu1077\/2026\/01\/94586.jpg\"><img loading=\"lazy\" decoding=\"async\" width=\"1024\" height=\"958\" src=\"https:\/\/agora.xtec.cat\/ceip-rct\/wp-content\/uploads\/usu1077\/2026\/01\/94586-1024x958.jpg\" alt=\"\" class=\"wp-image-3465\" style=\"width:733px;height:auto\" srcset=\"https:\/\/agora.xtec.cat\/ceip-rct\/wp-content\/uploads\/usu1077\/2026\/01\/94586-1024x958.jpg 1024w, https:\/\/agora.xtec.cat\/ceip-rct\/wp-content\/uploads\/usu1077\/2026\/01\/94586-300x281.jpg 300w, https:\/\/agora.xtec.cat\/ceip-rct\/wp-content\/uploads\/usu1077\/2026\/01\/94586-768x718.jpg 768w, https:\/\/agora.xtec.cat\/ceip-rct\/wp-content\/uploads\/usu1077\/2026\/01\/94586.jpg 1172w\" sizes=\"auto, (max-width: 1024px) 100vw, 1024px\" \/><\/a><\/figure>\n\n\n\n<figure class=\"wp-block-image size-large is-resized is-style-default\"><a href=\"https:\/\/agora.xtec.cat\/ceip-rct\/wp-content\/uploads\/usu1077\/2026\/01\/3d13d436-2896-457f-9eac-3aa225affb3a.jpg\"><img loading=\"lazy\" decoding=\"async\" width=\"1024\" height=\"768\" src=\"https:\/\/agora.xtec.cat\/ceip-rct\/wp-content\/uploads\/usu1077\/2026\/01\/3d13d436-2896-457f-9eac-3aa225affb3a-1024x768.jpg\" alt=\"\" class=\"wp-image-3466\" style=\"width:763px;height:auto\" srcset=\"https:\/\/agora.xtec.cat\/ceip-rct\/wp-content\/uploads\/usu1077\/2026\/01\/3d13d436-2896-457f-9eac-3aa225affb3a-1024x768.jpg 1024w, https:\/\/agora.xtec.cat\/ceip-rct\/wp-content\/uploads\/usu1077\/2026\/01\/3d13d436-2896-457f-9eac-3aa225affb3a-300x225.jpg 300w, https:\/\/agora.xtec.cat\/ceip-rct\/wp-content\/uploads\/usu1077\/2026\/01\/3d13d436-2896-457f-9eac-3aa225affb3a-768x576.jpg 768w, https:\/\/agora.xtec.cat\/ceip-rct\/wp-content\/uploads\/usu1077\/2026\/01\/3d13d436-2896-457f-9eac-3aa225affb3a-1536x1152.jpg 1536w, https:\/\/agora.xtec.cat\/ceip-rct\/wp-content\/uploads\/usu1077\/2026\/01\/3d13d436-2896-457f-9eac-3aa225affb3a.jpg 2048w\" sizes=\"auto, (max-width: 1024px) 100vw, 1024px\" \/><\/a><\/figure>\n\n\n\n<p>Aquest ser\u00e0 el segon any que a l&#8217;escola es porta a terme el <strong>Curs de catal\u00e0<\/strong> dins el Projecte Vincles de l&#8217;\u00d2mnium Cultural de Tarragona. Un curs per a tots els membres de la comunitat educativa de l&#8217;escola per poder integrar la llengua catalana en el dia a dia de les fam\u00edlies en l&#8217;\u00e0mbit educatiu, cultural i social. <a href=\"https:\/\/vincles.omnium.cat\/\">https:\/\/vincles.omnium.cat\/<\/a> <\/p>\n\n\n\n<p><a href=\"https:\/\/www.omnium.cat\/ca\/omnium-tarragones-engega-el-curs-2025-2026-amb-11-grups-de-conversa-en-catala\">https:\/\/www.omnium.cat\/ca\/omnium-tarragones-engega-el-curs-2025-2026-amb-11-grups-de-conversa-en-catala<\/a><\/p>\n\n\n\n<p><a href=\"https:\/\/www.omnium.cat\/ca\/omnium-tarragones-ha-duplicat-els-grups-daprenentatge-de-catala-per-aquest-curs\/\">https:\/\/www.omnium.cat\/ca\/omnium-tarragones-ha-duplicat-els-grups-daprenentatge-de-catala-per-aquest-curs\/<\/a><\/p>\n\n\n\n<p>Tamb\u00e9 es desenvoluparan altres activitats a l&#8217;escola que esperem la col\u00b7laboraci\u00f3 i participaci\u00f3 de la nostra comunitat educativa. <\/p>\n\n\n\n<p>Us hi esperem!!! No hi falteu!  <\/p>\n\n\n\n<p><\/p>\n","protected":false},"excerpt":{"rendered":"<p>Us presentem les Xerrades, els Caf\u00e8 i Tert\u00falia i el Curs de Catal\u00e0 que es portaran a terme aquest curs [&hellip;]<\/p>\n","protected":false},"author":12,"featured_media":3462,"comment_status":"open","ping_status":"open","sticky":false,"template":"","format":"standard","meta":{"_bbp_topic_count":0,"_bbp_reply_count":0,"_bbp_total_topic_count":0,"_bbp_total_reply_count":0,"_bbp_voice_count":0,"_bbp_anonymous_reply_count":0,"_bbp_topic_count_hidden":0,"_bbp_reply_count_hidden":0,"_bbp_forum_subforum_count":0,"site-sidebar-layout":"default","site-content-layout":"","ast-site-content-layout":"default","site-content-style":"default","site-sidebar-style":"default","ast-global-header-display":"","ast-banner-title-visibility":"","ast-main-header-display":"","ast-hfb-above-header-display":"","ast-hfb-below-header-display":"","ast-hfb-mobile-header-display":"","site-post-title":"","ast-breadcrumbs-content":"","ast-featured-img":"disabled","footer-sml-layout":"","theme-transparent-header-meta":"","adv-header-id-meta":"","stick-header-meta":"","header-above-stick-meta":"","header-main-stick-meta":"","header-below-stick-meta":"","astra-migrate-meta-layouts":"set","ast-page-background-enabled":"default","ast-page-background-meta":{"desktop":{"background-color":"var(--ast-global-color-4)","background-image":"","background-repeat":"repeat","background-position":"center center","background-size":"auto","background-attachment":"scroll","background-type":"","background-media":"","overlay-type":"","overlay-color":"","overlay-opacity":"","overlay-gradient":""},"tablet":{"background-color":"","background-image":"","background-repeat":"repeat","background-position":"center center","background-size":"auto","background-attachment":"scroll","background-type":"","background-media":"","overlay-type":"","overlay-color":"","overlay-opacity":"","overlay-gradient":""},"mobile":{"background-color":"","background-image":"","background-repeat":"repeat","background-position":"center center","background-size":"auto","background-attachment":"scroll","background-type":"","background-media":"","overlay-type":"","overlay-color":"","overlay-opacity":"","overlay-gradient":""}},"ast-content-background-meta":{"desktop":{"background-color":"var(--ast-global-color-5)","background-image":"","background-repeat":"repeat","background-position":"center center","background-size":"auto","background-attachment":"scroll","background-type":"","background-media":"","overlay-type":"","overlay-color":"","overlay-opacity":"","overlay-gradient":""},"tablet":{"background-color":"var(--ast-global-color-5)","background-image":"","background-repeat":"repeat","background-position":"center center","background-size":"auto","background-attachment":"scroll","background-type":"","background-media":"","overlay-type":"","overlay-color":"","overlay-opacity":"","overlay-gradient":""},"mobile":{"background-color":"var(--ast-global-color-5)","background-image":"","background-repeat":"repeat","background-position":"center center","background-size":"auto","background-attachment":"scroll","background-type":"","background-media":"","overlay-type":"","overlay-color":"","overlay-opacity":"","overlay-gradient":""}},"footnotes":""},"categories":[1,81,4],"tags":[],"class_list":["post-3461","post","type-post","status-publish","format-standard","has-post-thumbnail","hentry","category-general","category-noticies","category-portada"],"post_mailing_queue_ids":[],"_links":{"self":[{"href":"https:\/\/agora.xtec.cat\/ceip-rct\/wp-json\/wp\/v2\/posts\/3461","targetHints":{"allow":["GET"]}}],"collection":[{"href":"https:\/\/agora.xtec.cat\/ceip-rct\/wp-json\/wp\/v2\/posts"}],"about":[{"href":"https:\/\/agora.xtec.cat\/ceip-rct\/wp-json\/wp\/v2\/types\/post"}],"author":[{"embeddable":true,"href":"https:\/\/agora.xtec.cat\/ceip-rct\/wp-json\/wp\/v2\/users\/12"}],"replies":[{"embeddable":true,"href":"https:\/\/agora.xtec.cat\/ceip-rct\/wp-json\/wp\/v2\/comments?post=3461"}],"version-history":[{"count":6,"href":"https:\/\/agora.xtec.cat\/ceip-rct\/wp-json\/wp\/v2\/posts\/3461\/revisions"}],"predecessor-version":[{"id":3478,"href":"https:\/\/agora.xtec.cat\/ceip-rct\/wp-json\/wp\/v2\/posts\/3461\/revisions\/3478"}],"wp:featuredmedia":[{"embeddable":true,"href":"https:\/\/agora.xtec.cat\/ceip-rct\/wp-json\/wp\/v2\/media\/3462"}],"wp:attachment":[{"href":"https:\/\/agora.xtec.cat\/ceip-rct\/wp-json\/wp\/v2\/media?parent=3461"}],"wp:term":[{"taxonomy":"category","embeddable":true,"href":"https:\/\/agora.xtec.cat\/ceip-rct\/wp-json\/wp\/v2\/categories?post=3461"},{"taxonomy":"post_tag","embeddable":true,"href":"https:\/\/agora.xtec.cat\/ceip-rct\/wp-json\/wp\/v2\/tags?post=3461"}],"curies":[{"name":"wp","href":"https:\/\/api.w.org\/{rel}","templated":true}]}}