{"id":3262,"date":"2025-03-21T15:45:29","date_gmt":"2025-03-21T14:45:29","guid":{"rendered":"https:\/\/agora.xtec.cat\/ceip-rct\/?p=3262"},"modified":"2025-03-21T15:45:30","modified_gmt":"2025-03-21T14:45:30","slug":"descobrint-reus-una-sortida-plena-dhistoria-i-comunicacio","status":"publish","type":"post","link":"https:\/\/agora.xtec.cat\/ceip-rct\/portada\/descobrint-reus-una-sortida-plena-dhistoria-i-comunicacio\/","title":{"rendered":"Descobrint Reus: una sortida plena d&#8217;hist\u00f2ria i comunicaci\u00f3"},"content":{"rendered":"\n<p>Els alumnes de cicle mitj\u00e0 han gaudit d&#8217;una sortida molt especial a Reus, on han pogut explorar la ciutat a trav\u00e9s d&#8217;una gimcana centrada en els edificis modernistes. A trav\u00e9s d&#8217;aquesta activitat, han apr\u00e8s a identificar les seves caracter\u00edstiques m\u00e9s emblem\u00e0tiques i han descobert curiositats sobre l&#8217;arquitectura de la ciutat.<\/p>\n\n\n\n<p>Despr\u00e9s, han tingut l&#8217;oportunitat de visitar un espai hist\u00f2ric de gran import\u00e0ncia: el refugi antiaeri de la Guerra Civil. En aquesta visita, els nens i nenes han pogut entendre millor com la poblaci\u00f3 de Reus es protegia durant els bombardejos i han apr\u00e8s sobre la import\u00e0ncia de preservar la mem\u00f2ria hist\u00f2rica.<\/p>\n\n\n\n<p>A la tarda, els alumnes de 3r i 4t han viscut una experi\u00e8ncia \u00fanica gr\u00e0cies a l\u2019Eva, la responsable del taller de r\u00e0dio de l&#8217;escola. Ella ens ha convidat a con\u00e8ixer els estudis de la Cadena SER, on treballa, i hem pogut posar-nos a la pell de periodistes per un dia. Els infants han apr\u00e8s com es fa un programa de r\u00e0dio i han pogut experimentar la m\u00e0gia dels micr\u00f2fons i els controls d\u2019emissi\u00f3.<\/p>\n\n\n\n<p>Ha estat una jornada molt enriquidora, plena d\u2019aprenentatges i experi\u00e8ncies que segur que recordaran durant molt de temps!<\/p>\n\n\n\n<figure class=\"wp-block-gallery has-nested-images columns-default is-cropped wp-block-gallery-1 is-layout-flex wp-block-gallery-is-layout-flex\">\n<figure class=\"wp-block-image size-large\"><a href=\"https:\/\/agora.xtec.cat\/ceip-rct\/wp-content\/uploads\/usu1077\/2025\/03\/modernisme-2.jpg\"><img loading=\"lazy\" decoding=\"async\" width=\"461\" height=\"1024\" data-id=\"3265\" src=\"https:\/\/agora.xtec.cat\/ceip-rct\/wp-content\/uploads\/usu1077\/2025\/03\/modernisme-2-461x1024.jpg\" alt=\"\" class=\"wp-image-3265\" srcset=\"https:\/\/agora.xtec.cat\/ceip-rct\/wp-content\/uploads\/usu1077\/2025\/03\/modernisme-2-461x1024.jpg 461w, https:\/\/agora.xtec.cat\/ceip-rct\/wp-content\/uploads\/usu1077\/2025\/03\/modernisme-2-135x300.jpg 135w, https:\/\/agora.xtec.cat\/ceip-rct\/wp-content\/uploads\/usu1077\/2025\/03\/modernisme-2-691x1536.jpg 691w, https:\/\/agora.xtec.cat\/ceip-rct\/wp-content\/uploads\/usu1077\/2025\/03\/modernisme-2.jpg 720w\" sizes=\"auto, (max-width: 461px) 100vw, 461px\" \/><\/a><\/figure>\n\n\n\n<figure class=\"wp-block-image size-large\"><a href=\"https:\/\/agora.xtec.cat\/ceip-rct\/wp-content\/uploads\/usu1077\/2025\/03\/refugi-2.jpg\"><img loading=\"lazy\" decoding=\"async\" width=\"461\" height=\"1024\" data-id=\"3264\" src=\"https:\/\/agora.xtec.cat\/ceip-rct\/wp-content\/uploads\/usu1077\/2025\/03\/refugi-2-461x1024.jpg\" alt=\"\" class=\"wp-image-3264\" srcset=\"https:\/\/agora.xtec.cat\/ceip-rct\/wp-content\/uploads\/usu1077\/2025\/03\/refugi-2-461x1024.jpg 461w, https:\/\/agora.xtec.cat\/ceip-rct\/wp-content\/uploads\/usu1077\/2025\/03\/refugi-2-135x300.jpg 135w, https:\/\/agora.xtec.cat\/ceip-rct\/wp-content\/uploads\/usu1077\/2025\/03\/refugi-2-691x1536.jpg 691w, https:\/\/agora.xtec.cat\/ceip-rct\/wp-content\/uploads\/usu1077\/2025\/03\/refugi-2.jpg 720w\" sizes=\"auto, (max-width: 461px) 100vw, 461px\" \/><\/a><\/figure>\n\n\n\n<figure class=\"wp-block-image size-large\"><a href=\"https:\/\/agora.xtec.cat\/ceip-rct\/wp-content\/uploads\/usu1077\/2025\/03\/modernista-1.jpg\"><img loading=\"lazy\" decoding=\"async\" width=\"1024\" height=\"768\" data-id=\"3266\" src=\"https:\/\/agora.xtec.cat\/ceip-rct\/wp-content\/uploads\/usu1077\/2025\/03\/modernista-1-1024x768.jpg\" alt=\"\" class=\"wp-image-3266\" srcset=\"https:\/\/agora.xtec.cat\/ceip-rct\/wp-content\/uploads\/usu1077\/2025\/03\/modernista-1-1024x768.jpg 1024w, https:\/\/agora.xtec.cat\/ceip-rct\/wp-content\/uploads\/usu1077\/2025\/03\/modernista-1-300x225.jpg 300w, https:\/\/agora.xtec.cat\/ceip-rct\/wp-content\/uploads\/usu1077\/2025\/03\/modernista-1-768x576.jpg 768w, https:\/\/agora.xtec.cat\/ceip-rct\/wp-content\/uploads\/usu1077\/2025\/03\/modernista-1-1536x1152.jpg 1536w, https:\/\/agora.xtec.cat\/ceip-rct\/wp-content\/uploads\/usu1077\/2025\/03\/modernista-1.jpg 2040w\" sizes=\"auto, (max-width: 1024px) 100vw, 1024px\" \/><\/a><\/figure>\n<\/figure>\n","protected":false},"excerpt":{"rendered":"<p>Els alumnes de cicle mitj\u00e0 han gaudit d&#8217;una sortida molt especial a Reus, on han pogut explorar la ciutat a [&hellip;]<\/p>\n","protected":false},"author":6,"featured_media":3263,"comment_status":"open","ping_status":"open","sticky":false,"template":"","format":"standard","meta":{"_bbp_topic_count":0,"_bbp_reply_count":0,"_bbp_total_topic_count":0,"_bbp_total_reply_count":0,"_bbp_voice_count":0,"_bbp_anonymous_reply_count":0,"_bbp_topic_count_hidden":0,"_bbp_reply_count_hidden":0,"_bbp_forum_subforum_count":0,"site-sidebar-layout":"default","site-content-layout":"","ast-site-content-layout":"default","site-content-style":"default","site-sidebar-style":"default","ast-global-header-display":"","ast-banner-title-visibility":"","ast-main-header-display":"","ast-hfb-above-header-display":"","ast-hfb-below-header-display":"","ast-hfb-mobile-header-display":"","site-post-title":"","ast-breadcrumbs-content":"","ast-featured-img":"disabled","footer-sml-layout":"","theme-transparent-header-meta":"","adv-header-id-meta":"","stick-header-meta":"","header-above-stick-meta":"","header-main-stick-meta":"","header-below-stick-meta":"","astra-migrate-meta-layouts":"set","ast-page-background-enabled":"default","ast-page-background-meta":{"desktop":{"background-color":"var(--ast-global-color-4)","background-image":"","background-repeat":"repeat","background-position":"center center","background-size":"auto","background-attachment":"scroll","background-type":"","background-media":"","overlay-type":"","overlay-color":"","overlay-opacity":"","overlay-gradient":""},"tablet":{"background-color":"","background-image":"","background-repeat":"repeat","background-position":"center center","background-size":"auto","background-attachment":"scroll","background-type":"","background-media":"","overlay-type":"","overlay-color":"","overlay-opacity":"","overlay-gradient":""},"mobile":{"background-color":"","background-image":"","background-repeat":"repeat","background-position":"center center","background-size":"auto","background-attachment":"scroll","background-type":"","background-media":"","overlay-type":"","overlay-color":"","overlay-opacity":"","overlay-gradient":""}},"ast-content-background-meta":{"desktop":{"background-color":"var(--ast-global-color-5)","background-image":"","background-repeat":"repeat","background-position":"center center","background-size":"auto","background-attachment":"scroll","background-type":"","background-media":"","overlay-type":"","overlay-color":"","overlay-opacity":"","overlay-gradient":""},"tablet":{"background-color":"var(--ast-global-color-5)","background-image":"","background-repeat":"repeat","background-position":"center center","background-size":"auto","background-attachment":"scroll","background-type":"","background-media":"","overlay-type":"","overlay-color":"","overlay-opacity":"","overlay-gradient":""},"mobile":{"background-color":"var(--ast-global-color-5)","background-image":"","background-repeat":"repeat","background-position":"center center","background-size":"auto","background-attachment":"scroll","background-type":"","background-media":"","overlay-type":"","overlay-color":"","overlay-opacity":"","overlay-gradient":""}},"footnotes":""},"categories":[4],"tags":[],"class_list":["post-3262","post","type-post","status-publish","format-standard","has-post-thumbnail","hentry","category-portada"],"post_mailing_queue_ids":[],"_links":{"self":[{"href":"https:\/\/agora.xtec.cat\/ceip-rct\/wp-json\/wp\/v2\/posts\/3262","targetHints":{"allow":["GET"]}}],"collection":[{"href":"https:\/\/agora.xtec.cat\/ceip-rct\/wp-json\/wp\/v2\/posts"}],"about":[{"href":"https:\/\/agora.xtec.cat\/ceip-rct\/wp-json\/wp\/v2\/types\/post"}],"author":[{"embeddable":true,"href":"https:\/\/agora.xtec.cat\/ceip-rct\/wp-json\/wp\/v2\/users\/6"}],"replies":[{"embeddable":true,"href":"https:\/\/agora.xtec.cat\/ceip-rct\/wp-json\/wp\/v2\/comments?post=3262"}],"version-history":[{"count":1,"href":"https:\/\/agora.xtec.cat\/ceip-rct\/wp-json\/wp\/v2\/posts\/3262\/revisions"}],"predecessor-version":[{"id":3267,"href":"https:\/\/agora.xtec.cat\/ceip-rct\/wp-json\/wp\/v2\/posts\/3262\/revisions\/3267"}],"wp:featuredmedia":[{"embeddable":true,"href":"https:\/\/agora.xtec.cat\/ceip-rct\/wp-json\/wp\/v2\/media\/3263"}],"wp:attachment":[{"href":"https:\/\/agora.xtec.cat\/ceip-rct\/wp-json\/wp\/v2\/media?parent=3262"}],"wp:term":[{"taxonomy":"category","embeddable":true,"href":"https:\/\/agora.xtec.cat\/ceip-rct\/wp-json\/wp\/v2\/categories?post=3262"},{"taxonomy":"post_tag","embeddable":true,"href":"https:\/\/agora.xtec.cat\/ceip-rct\/wp-json\/wp\/v2\/tags?post=3262"}],"curies":[{"name":"wp","href":"https:\/\/api.w.org\/{rel}","templated":true}]}}