{"id":9044,"date":"2026-04-24T16:04:21","date_gmt":"2026-04-24T14:04:21","guid":{"rendered":"https:\/\/agora.xtec.cat\/ceip-rafaelcasanova\/?p=9044"},"modified":"2026-04-24T16:04:21","modified_gmt":"2026-04-24T14:04:21","slug":"lliurament-de-premis-per-sant-jordi-%f0%9f%8c%b9%f0%9f%90%8d","status":"publish","type":"post","link":"https:\/\/agora.xtec.cat\/ceip-rafaelcasanova\/general\/lliurament-de-premis-per-sant-jordi-%f0%9f%8c%b9%f0%9f%90%8d\/","title":{"rendered":"Lliurament de premis per Sant Jordi \ud83c\udf39\u200b\ud83d\udc0d\u200b"},"content":{"rendered":"<p style=\"font-weight: 400;\">Amb motiu de la diada de Sant Jordi \ud83c\udf39\u200b\ud83d\udc0d\u200b, la nostra escola s&#8217;ha omplert de llibres, roses i il\u00b7lusi\u00f3. Durant la jornada, l\u2019alumnat ha participat en diverses activitats liter\u00e0ries i creatives, fomentant el gust per la lectura i l&#8217;expressi\u00f3 escrita.<\/p>\n<p style=\"font-weight: 400;\">Un dels moments m\u00e9s especials ha estat el lliurament de premis als treballs destacats, reconeixent l\u2019esfor\u00e7, la imaginaci\u00f3 i el talent dels nostres infants. Enhorabona a tots!<\/p>\n<p style=\"font-weight: 400;\">Un altre moment especialment emotiu ha estat quan els fillols han fet entrega d\u2019una rosa elaborada per ells mateixos als seus padrins, que el proper curs que el proper curs iniciaran una nova etapa fora de l\u2019escola, en un gest ple d\u2019afecte i significat.<\/p>\n<p style=\"font-weight: 400;\">Agra\u00efm a tota la comunitat educativa la seva implicaci\u00f3 per fer possible una diada tan especial i plena de cultura.<\/p>\n<div id='gallery-1' class='gallery galleryid-9044 gallery-columns-4 gallery-size-thumbnail'><figure class='gallery-item'>\n\t\t\t<div class='gallery-icon portrait'>\n\t\t\t\t<a href='https:\/\/agora.xtec.cat\/ceip-rafaelcasanova\/general\/lliurament-de-premis-per-sant-jordi-%f0%9f%8c%b9%f0%9f%90%8d\/attachment\/whatsapp-image-2026-04-24-at-15-54-38\/'><img loading=\"lazy\" decoding=\"async\" width=\"150\" height=\"150\" src=\"https:\/\/agora.xtec.cat\/ceip-rafaelcasanova\/wp-content\/uploads\/usu715\/2026\/04\/WhatsApp-Image-2026-04-24-at-15.54.38-150x150.jpeg\" class=\"attachment-thumbnail size-thumbnail\" alt=\"\" \/><\/a>\n\t\t\t<\/div><\/figure><figure class='gallery-item'>\n\t\t\t<div class='gallery-icon portrait'>\n\t\t\t\t<a href='https:\/\/agora.xtec.cat\/ceip-rafaelcasanova\/general\/lliurament-de-premis-per-sant-jordi-%f0%9f%8c%b9%f0%9f%90%8d\/attachment\/whatsapp-image-2026-04-24-at-15-54-38-1\/'><img loading=\"lazy\" decoding=\"async\" width=\"150\" height=\"150\" src=\"https:\/\/agora.xtec.cat\/ceip-rafaelcasanova\/wp-content\/uploads\/usu715\/2026\/04\/WhatsApp-Image-2026-04-24-at-15.54.38-1-150x150.jpeg\" class=\"attachment-thumbnail size-thumbnail\" alt=\"\" \/><\/a>\n\t\t\t<\/div><\/figure><figure class='gallery-item'>\n\t\t\t<div class='gallery-icon portrait'>\n\t\t\t\t<a href='https:\/\/agora.xtec.cat\/ceip-rafaelcasanova\/general\/lliurament-de-premis-per-sant-jordi-%f0%9f%8c%b9%f0%9f%90%8d\/attachment\/whatsapp-image-2026-04-24-at-15-54-38-2\/'><img loading=\"lazy\" decoding=\"async\" width=\"150\" height=\"150\" src=\"https:\/\/agora.xtec.cat\/ceip-rafaelcasanova\/wp-content\/uploads\/usu715\/2026\/04\/WhatsApp-Image-2026-04-24-at-15.54.38-2-150x150.jpeg\" class=\"attachment-thumbnail size-thumbnail\" alt=\"\" \/><\/a>\n\t\t\t<\/div><\/figure><figure class='gallery-item'>\n\t\t\t<div class='gallery-icon portrait'>\n\t\t\t\t<a href='https:\/\/agora.xtec.cat\/ceip-rafaelcasanova\/general\/lliurament-de-premis-per-sant-jordi-%f0%9f%8c%b9%f0%9f%90%8d\/attachment\/whatsapp-image-2026-04-24-at-15-54-38-3\/'><img loading=\"lazy\" decoding=\"async\" width=\"150\" height=\"150\" src=\"https:\/\/agora.xtec.cat\/ceip-rafaelcasanova\/wp-content\/uploads\/usu715\/2026\/04\/WhatsApp-Image-2026-04-24-at-15.54.38-3-150x150.jpeg\" class=\"attachment-thumbnail size-thumbnail\" alt=\"\" \/><\/a>\n\t\t\t<\/div><\/figure><figure class='gallery-item'>\n\t\t\t<div class='gallery-icon portrait'>\n\t\t\t\t<a href='https:\/\/agora.xtec.cat\/ceip-rafaelcasanova\/general\/lliurament-de-premis-per-sant-jordi-%f0%9f%8c%b9%f0%9f%90%8d\/attachment\/whatsapp-image-2026-04-24-at-15-54-38-4\/'><img loading=\"lazy\" decoding=\"async\" width=\"150\" height=\"150\" src=\"https:\/\/agora.xtec.cat\/ceip-rafaelcasanova\/wp-content\/uploads\/usu715\/2026\/04\/WhatsApp-Image-2026-04-24-at-15.54.38-4-150x150.jpeg\" class=\"attachment-thumbnail size-thumbnail\" alt=\"\" \/><\/a>\n\t\t\t<\/div><\/figure><figure class='gallery-item'>\n\t\t\t<div class='gallery-icon portrait'>\n\t\t\t\t<a href='https:\/\/agora.xtec.cat\/ceip-rafaelcasanova\/general\/lliurament-de-premis-per-sant-jordi-%f0%9f%8c%b9%f0%9f%90%8d\/attachment\/whatsapp-image-2026-04-24-at-15-54-38-5\/'><img loading=\"lazy\" decoding=\"async\" width=\"150\" height=\"150\" src=\"https:\/\/agora.xtec.cat\/ceip-rafaelcasanova\/wp-content\/uploads\/usu715\/2026\/04\/WhatsApp-Image-2026-04-24-at-15.54.38-5-150x150.jpeg\" class=\"attachment-thumbnail size-thumbnail\" alt=\"\" \/><\/a>\n\t\t\t<\/div><\/figure><figure class='gallery-item'>\n\t\t\t<div class='gallery-icon landscape'>\n\t\t\t\t<a href='https:\/\/agora.xtec.cat\/ceip-rafaelcasanova\/general\/lliurament-de-premis-per-sant-jordi-%f0%9f%8c%b9%f0%9f%90%8d\/attachment\/whatsapp-image-2026-04-24-at-15-54-38-6\/'><img loading=\"lazy\" decoding=\"async\" width=\"150\" height=\"150\" src=\"https:\/\/agora.xtec.cat\/ceip-rafaelcasanova\/wp-content\/uploads\/usu715\/2026\/04\/WhatsApp-Image-2026-04-24-at-15.54.38-6-150x150.jpeg\" class=\"attachment-thumbnail size-thumbnail\" alt=\"\" \/><\/a>\n\t\t\t<\/div><\/figure>\n\t\t<\/div>\n\n<p>&nbsp;<\/p>\n","protected":false},"excerpt":{"rendered":"<p>Amb motiu de la diada de Sant Jordi \ud83c\udf39\u200b\ud83d\udc0d\u200b, la nostra escola s&#8217;ha omplert de llibres, roses i il\u00b7lusi\u00f3. Durant la jornada, l\u2019alumnat ha participat en diverses activitats liter\u00e0ries i creatives, fomentant el gust per la lectura i l&#8217;expressi\u00f3 escrita. Un dels moments m\u00e9s especials ha estat el lliurament de premis als treballs destacats, reconeixent [&hellip;]<\/p>\n","protected":false},"author":1,"featured_media":9045,"comment_status":"open","ping_status":"open","sticky":false,"template":"","format":"standard","meta":{"_bbp_topic_count":0,"_bbp_reply_count":0,"_bbp_total_topic_count":0,"_bbp_total_reply_count":0,"_bbp_voice_count":0,"_bbp_anonymous_reply_count":0,"_bbp_topic_count_hidden":0,"_bbp_reply_count_hidden":0,"_bbp_forum_subforum_count":0,"site-sidebar-layout":"default","site-content-layout":"","ast-site-content-layout":"default","site-content-style":"default","site-sidebar-style":"default","ast-global-header-display":"","ast-banner-title-visibility":"","ast-main-header-display":"","ast-hfb-above-header-display":"","ast-hfb-below-header-display":"","ast-hfb-mobile-header-display":"","site-post-title":"","ast-breadcrumbs-content":"","ast-featured-img":"","footer-sml-layout":"","theme-transparent-header-meta":"default","adv-header-id-meta":"","stick-header-meta":"","header-above-stick-meta":"","header-main-stick-meta":"","header-below-stick-meta":"","astra-migrate-meta-layouts":"set","ast-page-background-enabled":"default","ast-page-background-meta":{"desktop":{"background-color":"var(--ast-global-color-4)","background-image":"","background-repeat":"repeat","background-position":"center center","background-size":"auto","background-attachment":"scroll","background-type":"","background-media":"","overlay-type":"","overlay-color":"","overlay-opacity":"","overlay-gradient":""},"tablet":{"background-color":"","background-image":"","background-repeat":"repeat","background-position":"center center","background-size":"auto","background-attachment":"scroll","background-type":"","background-media":"","overlay-type":"","overlay-color":"","overlay-opacity":"","overlay-gradient":""},"mobile":{"background-color":"","background-image":"","background-repeat":"repeat","background-position":"center center","background-size":"auto","background-attachment":"scroll","background-type":"","background-media":"","overlay-type":"","overlay-color":"","overlay-opacity":"","overlay-gradient":""}},"ast-content-background-meta":{"desktop":{"background-color":"var(--ast-global-color-5)","background-image":"","background-repeat":"repeat","background-position":"center center","background-size":"auto","background-attachment":"scroll","background-type":"","background-media":"","overlay-type":"","overlay-color":"","overlay-opacity":"","overlay-gradient":""},"tablet":{"background-color":"var(--ast-global-color-5)","background-image":"","background-repeat":"repeat","background-position":"center center","background-size":"auto","background-attachment":"scroll","background-type":"","background-media":"","overlay-type":"","overlay-color":"","overlay-opacity":"","overlay-gradient":""},"mobile":{"background-color":"var(--ast-global-color-5)","background-image":"","background-repeat":"repeat","background-position":"center center","background-size":"auto","background-attachment":"scroll","background-type":"","background-media":"","overlay-type":"","overlay-color":"","overlay-opacity":"","overlay-gradient":""}},"footnotes":""},"categories":[47,2,1,4,5],"tags":[],"class_list":["post-9044","post","type-post","status-publish","format-standard","has-post-thumbnail","hentry","category-cicles","category-petits","category-general","category-portada","category-primaria"],"post_mailing_queue_ids":[],"_links":{"self":[{"href":"https:\/\/agora.xtec.cat\/ceip-rafaelcasanova\/wp-json\/wp\/v2\/posts\/9044","targetHints":{"allow":["GET"]}}],"collection":[{"href":"https:\/\/agora.xtec.cat\/ceip-rafaelcasanova\/wp-json\/wp\/v2\/posts"}],"about":[{"href":"https:\/\/agora.xtec.cat\/ceip-rafaelcasanova\/wp-json\/wp\/v2\/types\/post"}],"author":[{"embeddable":true,"href":"https:\/\/agora.xtec.cat\/ceip-rafaelcasanova\/wp-json\/wp\/v2\/users\/1"}],"replies":[{"embeddable":true,"href":"https:\/\/agora.xtec.cat\/ceip-rafaelcasanova\/wp-json\/wp\/v2\/comments?post=9044"}],"version-history":[{"count":1,"href":"https:\/\/agora.xtec.cat\/ceip-rafaelcasanova\/wp-json\/wp\/v2\/posts\/9044\/revisions"}],"predecessor-version":[{"id":9052,"href":"https:\/\/agora.xtec.cat\/ceip-rafaelcasanova\/wp-json\/wp\/v2\/posts\/9044\/revisions\/9052"}],"wp:featuredmedia":[{"embeddable":true,"href":"https:\/\/agora.xtec.cat\/ceip-rafaelcasanova\/wp-json\/wp\/v2\/media\/9045"}],"wp:attachment":[{"href":"https:\/\/agora.xtec.cat\/ceip-rafaelcasanova\/wp-json\/wp\/v2\/media?parent=9044"}],"wp:term":[{"taxonomy":"category","embeddable":true,"href":"https:\/\/agora.xtec.cat\/ceip-rafaelcasanova\/wp-json\/wp\/v2\/categories?post=9044"},{"taxonomy":"post_tag","embeddable":true,"href":"https:\/\/agora.xtec.cat\/ceip-rafaelcasanova\/wp-json\/wp\/v2\/tags?post=9044"}],"curies":[{"name":"wp","href":"https:\/\/api.w.org\/{rel}","templated":true}]}}