{"id":8716,"date":"2026-02-06T15:55:22","date_gmt":"2026-02-06T14:55:22","guid":{"rendered":"https:\/\/agora.xtec.cat\/ceip-rafaelcasanova\/?p=8716"},"modified":"2026-03-24T15:27:30","modified_gmt":"2026-03-24T14:27:30","slug":"carnaval-ja-es-aqui-%f0%9f%8e%89%f0%9f%8e%89","status":"publish","type":"post","link":"https:\/\/agora.xtec.cat\/ceip-rafaelcasanova\/petits\/carnaval-ja-es-aqui-%f0%9f%8e%89%f0%9f%8e%89\/","title":{"rendered":"El Carnaval ja \u00e9s aqui! \ud83c\udfad"},"content":{"rendered":"<p>Avui hem fet el preg\u00f3 de Carnaval a l&#8217;escola!<\/p>\n<p>\ud83c\udfa5\u200b Ens hem reunit tots i totes al pati de l&#8217;escola per escoltar una not\u00edcia molt important: la setmana que ve comencem el Carnaval a l&#8217;escola! L&#8217;alumnat de 5\u00e8 juntament amb la reina Carnestoltes ens han dit quines consignes hem de portar cada dia de la setmana seg\u00fcent, totes elles relacionades amb l&#8217;eix de l&#8217;escola: EL CINEMA<\/p>\n<p>\ud83d\udcc5\u200b Aqu\u00ed teniu les ordres de Carnaval aix\u00ed com unes quantes imatges del preg\u00f3.<\/p>\n<p><a href=\"https:\/\/drive.google.com\/drive\/folders\/1A6E0L7cKEwOSL0crYntmF92Q-TQbNpBk?usp=sharing\"><img loading=\"lazy\" decoding=\"async\" class=\"aligncenter wp-image-8718 size-full\" src=\"https:\/\/agora.xtec.cat\/ceip-rafaelcasanova\/wp-content\/uploads\/usu715\/2026\/02\/Captura-de-pantalla-2026-02-06-154520.jpg\" alt=\"\" width=\"668\" height=\"939\" srcset=\"https:\/\/agora.xtec.cat\/ceip-rafaelcasanova\/wp-content\/uploads\/usu715\/2026\/02\/Captura-de-pantalla-2026-02-06-154520.jpg 668w, https:\/\/agora.xtec.cat\/ceip-rafaelcasanova\/wp-content\/uploads\/usu715\/2026\/02\/Captura-de-pantalla-2026-02-06-154520-213x300.jpg 213w\" sizes=\"auto, (max-width: 668px) 100vw, 668px\" \/><\/a> (cliqueu a la imatge per veure&#8217;n m\u00e9s)<\/p>\n<p>&nbsp;<\/p>\n<p>Que comenci la festa!! \ud83c\udf89\u200b\ud83c\udf89\u200b<\/p>\n","protected":false},"excerpt":{"rendered":"<p>Avui hem fet el preg\u00f3 de Carnaval a l&#8217;escola! \ud83c\udfa5\u200b Ens hem reunit tots i totes al pati de l&#8217;escola per escoltar una not\u00edcia molt important: la setmana que ve comencem el Carnaval a l&#8217;escola! L&#8217;alumnat de 5\u00e8 juntament amb la reina Carnestoltes ens han dit quines consignes hem de portar cada dia de la [&hellip;]<\/p>\n","protected":false},"author":1,"featured_media":8718,"comment_status":"open","ping_status":"open","sticky":false,"template":"","format":"standard","meta":{"_bbp_topic_count":0,"_bbp_reply_count":0,"_bbp_total_topic_count":0,"_bbp_total_reply_count":0,"_bbp_voice_count":0,"_bbp_anonymous_reply_count":0,"_bbp_topic_count_hidden":0,"_bbp_reply_count_hidden":0,"_bbp_forum_subforum_count":0,"site-sidebar-layout":"default","site-content-layout":"","ast-site-content-layout":"default","site-content-style":"default","site-sidebar-style":"default","ast-global-header-display":"","ast-banner-title-visibility":"","ast-main-header-display":"","ast-hfb-above-header-display":"","ast-hfb-below-header-display":"","ast-hfb-mobile-header-display":"","site-post-title":"","ast-breadcrumbs-content":"","ast-featured-img":"","footer-sml-layout":"","theme-transparent-header-meta":"default","adv-header-id-meta":"","stick-header-meta":"","header-above-stick-meta":"","header-main-stick-meta":"","header-below-stick-meta":"","astra-migrate-meta-layouts":"set","ast-page-background-enabled":"default","ast-page-background-meta":{"desktop":{"background-color":"var(--ast-global-color-4)","background-image":"","background-repeat":"repeat","background-position":"center center","background-size":"auto","background-attachment":"scroll","background-type":"","background-media":"","overlay-type":"","overlay-color":"","overlay-opacity":"","overlay-gradient":""},"tablet":{"background-color":"","background-image":"","background-repeat":"repeat","background-position":"center center","background-size":"auto","background-attachment":"scroll","background-type":"","background-media":"","overlay-type":"","overlay-color":"","overlay-opacity":"","overlay-gradient":""},"mobile":{"background-color":"","background-image":"","background-repeat":"repeat","background-position":"center center","background-size":"auto","background-attachment":"scroll","background-type":"","background-media":"","overlay-type":"","overlay-color":"","overlay-opacity":"","overlay-gradient":""}},"ast-content-background-meta":{"desktop":{"background-color":"var(--ast-global-color-5)","background-image":"","background-repeat":"repeat","background-position":"center center","background-size":"auto","background-attachment":"scroll","background-type":"","background-media":"","overlay-type":"","overlay-color":"","overlay-opacity":"","overlay-gradient":""},"tablet":{"background-color":"var(--ast-global-color-5)","background-image":"","background-repeat":"repeat","background-position":"center center","background-size":"auto","background-attachment":"scroll","background-type":"","background-media":"","overlay-type":"","overlay-color":"","overlay-opacity":"","overlay-gradient":""},"mobile":{"background-color":"var(--ast-global-color-5)","background-image":"","background-repeat":"repeat","background-position":"center center","background-size":"auto","background-attachment":"scroll","background-type":"","background-media":"","overlay-type":"","overlay-color":"","overlay-opacity":"","overlay-gradient":""}},"footnotes":""},"categories":[73,71,2,4,5],"tags":[],"class_list":["post-8716","post","type-post","status-publish","format-standard","has-post-thumbnail","hentry","category-grans","category-mitjans","category-petits","category-portada","category-primaria"],"post_mailing_queue_ids":[],"_links":{"self":[{"href":"https:\/\/agora.xtec.cat\/ceip-rafaelcasanova\/wp-json\/wp\/v2\/posts\/8716","targetHints":{"allow":["GET"]}}],"collection":[{"href":"https:\/\/agora.xtec.cat\/ceip-rafaelcasanova\/wp-json\/wp\/v2\/posts"}],"about":[{"href":"https:\/\/agora.xtec.cat\/ceip-rafaelcasanova\/wp-json\/wp\/v2\/types\/post"}],"author":[{"embeddable":true,"href":"https:\/\/agora.xtec.cat\/ceip-rafaelcasanova\/wp-json\/wp\/v2\/users\/1"}],"replies":[{"embeddable":true,"href":"https:\/\/agora.xtec.cat\/ceip-rafaelcasanova\/wp-json\/wp\/v2\/comments?post=8716"}],"version-history":[{"count":6,"href":"https:\/\/agora.xtec.cat\/ceip-rafaelcasanova\/wp-json\/wp\/v2\/posts\/8716\/revisions"}],"predecessor-version":[{"id":8918,"href":"https:\/\/agora.xtec.cat\/ceip-rafaelcasanova\/wp-json\/wp\/v2\/posts\/8716\/revisions\/8918"}],"wp:featuredmedia":[{"embeddable":true,"href":"https:\/\/agora.xtec.cat\/ceip-rafaelcasanova\/wp-json\/wp\/v2\/media\/8718"}],"wp:attachment":[{"href":"https:\/\/agora.xtec.cat\/ceip-rafaelcasanova\/wp-json\/wp\/v2\/media?parent=8716"}],"wp:term":[{"taxonomy":"category","embeddable":true,"href":"https:\/\/agora.xtec.cat\/ceip-rafaelcasanova\/wp-json\/wp\/v2\/categories?post=8716"},{"taxonomy":"post_tag","embeddable":true,"href":"https:\/\/agora.xtec.cat\/ceip-rafaelcasanova\/wp-json\/wp\/v2\/tags?post=8716"}],"curies":[{"name":"wp","href":"https:\/\/api.w.org\/{rel}","templated":true}]}}