{"id":8518,"date":"2025-10-30T13:18:36","date_gmt":"2025-10-30T12:18:36","guid":{"rendered":"https:\/\/agora.xtec.cat\/ceip-rafaelcasanova\/?p=8518"},"modified":"2025-11-20T12:42:53","modified_gmt":"2025-11-20T11:42:53","slug":"la-castanyada-2025%f0%9f%8d%82","status":"publish","type":"post","link":"https:\/\/agora.xtec.cat\/ceip-rafaelcasanova\/general\/la-castanyada-2025%f0%9f%8d%82\/","title":{"rendered":"La Castanyada 2025\ud83c\udf42"},"content":{"rendered":"<p><img loading=\"lazy\" decoding=\"async\" class=\"alignnone size-large wp-image-8519\" src=\"https:\/\/agora.xtec.cat\/ceip-rafaelcasanova\/wp-content\/uploads\/usu715\/2025\/10\/bona-castanyada_21-1024x664.jpg\" alt=\"\" width=\"1024\" height=\"664\" srcset=\"https:\/\/agora.xtec.cat\/ceip-rafaelcasanova\/wp-content\/uploads\/usu715\/2025\/10\/bona-castanyada_21-1024x664.jpg 1024w, https:\/\/agora.xtec.cat\/ceip-rafaelcasanova\/wp-content\/uploads\/usu715\/2025\/10\/bona-castanyada_21-300x195.jpg 300w, https:\/\/agora.xtec.cat\/ceip-rafaelcasanova\/wp-content\/uploads\/usu715\/2025\/10\/bona-castanyada_21-768x498.jpg 768w, https:\/\/agora.xtec.cat\/ceip-rafaelcasanova\/wp-content\/uploads\/usu715\/2025\/10\/bona-castanyada_21-1536x996.jpg 1536w, https:\/\/agora.xtec.cat\/ceip-rafaelcasanova\/wp-content\/uploads\/usu715\/2025\/10\/bona-castanyada_21.jpg 1588w\" sizes=\"auto, (max-width: 1024px) 100vw, 1024px\" \/><\/p>\n<p data-start=\"157\" data-end=\"361\">Els nens i nenes de les <strong data-start=\"181\" data-end=\"222\">comunitats de Petits, Mitjans i Grans<\/strong> han gaudit molt celebrant <strong data-start=\"249\" data-end=\"266\">la Castanyada<\/strong>!<br data-start=\"267\" data-end=\"270\" \/>Han ballat, cantat i compartit moments plens d\u2019alegria amb els companys i companyes. \ud83c\udfb6\ud83c\udf30<\/p>\n<p data-start=\"363\" data-end=\"509\">A continuaci\u00f3 us deixem els enlla\u00e7os per poder veure els <strong data-start=\"420\" data-end=\"442\">v\u00eddeos de la festa<\/strong> de cada comunitat per reviure amb ells aquesta jornada tan especial:<\/p>\n<p><a href=\"https:\/\/drive.google.com\/drive\/folders\/1mKOuphVXVBQyb1X5PiiQfB3V80tOF-un?usp=drive_link\">\ud83d\udc49 V\u00eddeos Comunitat de Petits<\/a><\/p>\n<p><a href=\"https:\/\/drive.google.com\/drive\/folders\/106fuGHMQv5hUBoAOgV8Qgxavz3TiqIKw?usp=drive_link\">\ud83d\udc49 V\u00eddeos Comunitat de Mitjans<\/a><\/p>\n<p><a href=\"https:\/\/drive.google.com\/drive\/folders\/1_HxKxmSU6CmvPeXivAenUf7m-8PB0IOk?usp=drive_link\">\ud83d\udc49 V\u00eddeos Comunitat de Grans<\/a><\/p>\n","protected":false},"excerpt":{"rendered":"<p>Els nens i nenes de les comunitats de Petits, Mitjans i Grans han gaudit molt celebrant la Castanyada!Han ballat, cantat i compartit moments plens d\u2019alegria amb els companys i companyes. \ud83c\udfb6\ud83c\udf30 A continuaci\u00f3 us deixem els enlla\u00e7os per poder veure els v\u00eddeos de la festa de cada comunitat per reviure amb ells aquesta jornada tan [&hellip;]<\/p>\n","protected":false},"author":1,"featured_media":8519,"comment_status":"open","ping_status":"open","sticky":false,"template":"","format":"standard","meta":{"_bbp_topic_count":0,"_bbp_reply_count":0,"_bbp_total_topic_count":0,"_bbp_total_reply_count":0,"_bbp_voice_count":0,"_bbp_anonymous_reply_count":0,"_bbp_topic_count_hidden":0,"_bbp_reply_count_hidden":0,"_bbp_forum_subforum_count":0,"site-sidebar-layout":"default","site-content-layout":"","ast-site-content-layout":"","site-content-style":"default","site-sidebar-style":"default","ast-global-header-display":"","ast-banner-title-visibility":"","ast-main-header-display":"","ast-hfb-above-header-display":"","ast-hfb-below-header-display":"","ast-hfb-mobile-header-display":"","site-post-title":"","ast-breadcrumbs-content":"","ast-featured-img":"","footer-sml-layout":"","theme-transparent-header-meta":"","adv-header-id-meta":"","stick-header-meta":"","header-above-stick-meta":"","header-main-stick-meta":"","header-below-stick-meta":"","astra-migrate-meta-layouts":"default","ast-page-background-enabled":"default","ast-page-background-meta":{"desktop":{"background-color":"var(--ast-global-color-4)","background-image":"","background-repeat":"repeat","background-position":"center center","background-size":"auto","background-attachment":"scroll","background-type":"","background-media":"","overlay-type":"","overlay-color":"","overlay-opacity":"","overlay-gradient":""},"tablet":{"background-color":"","background-image":"","background-repeat":"repeat","background-position":"center center","background-size":"auto","background-attachment":"scroll","background-type":"","background-media":"","overlay-type":"","overlay-color":"","overlay-opacity":"","overlay-gradient":""},"mobile":{"background-color":"","background-image":"","background-repeat":"repeat","background-position":"center center","background-size":"auto","background-attachment":"scroll","background-type":"","background-media":"","overlay-type":"","overlay-color":"","overlay-opacity":"","overlay-gradient":""}},"ast-content-background-meta":{"desktop":{"background-color":"var(--ast-global-color-5)","background-image":"","background-repeat":"repeat","background-position":"center center","background-size":"auto","background-attachment":"scroll","background-type":"","background-media":"","overlay-type":"","overlay-color":"","overlay-opacity":"","overlay-gradient":""},"tablet":{"background-color":"var(--ast-global-color-5)","background-image":"","background-repeat":"repeat","background-position":"center center","background-size":"auto","background-attachment":"scroll","background-type":"","background-media":"","overlay-type":"","overlay-color":"","overlay-opacity":"","overlay-gradient":""},"mobile":{"background-color":"var(--ast-global-color-5)","background-image":"","background-repeat":"repeat","background-position":"center center","background-size":"auto","background-attachment":"scroll","background-type":"","background-media":"","overlay-type":"","overlay-color":"","overlay-opacity":"","overlay-gradient":""}},"footnotes":""},"categories":[73,71,2,1,4,5],"tags":[],"class_list":["post-8518","post","type-post","status-publish","format-standard","has-post-thumbnail","hentry","category-grans","category-mitjans","category-petits","category-general","category-portada","category-primaria"],"post_mailing_queue_ids":[],"_links":{"self":[{"href":"https:\/\/agora.xtec.cat\/ceip-rafaelcasanova\/wp-json\/wp\/v2\/posts\/8518","targetHints":{"allow":["GET"]}}],"collection":[{"href":"https:\/\/agora.xtec.cat\/ceip-rafaelcasanova\/wp-json\/wp\/v2\/posts"}],"about":[{"href":"https:\/\/agora.xtec.cat\/ceip-rafaelcasanova\/wp-json\/wp\/v2\/types\/post"}],"author":[{"embeddable":true,"href":"https:\/\/agora.xtec.cat\/ceip-rafaelcasanova\/wp-json\/wp\/v2\/users\/1"}],"replies":[{"embeddable":true,"href":"https:\/\/agora.xtec.cat\/ceip-rafaelcasanova\/wp-json\/wp\/v2\/comments?post=8518"}],"version-history":[{"count":4,"href":"https:\/\/agora.xtec.cat\/ceip-rafaelcasanova\/wp-json\/wp\/v2\/posts\/8518\/revisions"}],"predecessor-version":[{"id":8533,"href":"https:\/\/agora.xtec.cat\/ceip-rafaelcasanova\/wp-json\/wp\/v2\/posts\/8518\/revisions\/8533"}],"wp:featuredmedia":[{"embeddable":true,"href":"https:\/\/agora.xtec.cat\/ceip-rafaelcasanova\/wp-json\/wp\/v2\/media\/8519"}],"wp:attachment":[{"href":"https:\/\/agora.xtec.cat\/ceip-rafaelcasanova\/wp-json\/wp\/v2\/media?parent=8518"}],"wp:term":[{"taxonomy":"category","embeddable":true,"href":"https:\/\/agora.xtec.cat\/ceip-rafaelcasanova\/wp-json\/wp\/v2\/categories?post=8518"},{"taxonomy":"post_tag","embeddable":true,"href":"https:\/\/agora.xtec.cat\/ceip-rafaelcasanova\/wp-json\/wp\/v2\/tags?post=8518"}],"curies":[{"name":"wp","href":"https:\/\/api.w.org\/{rel}","templated":true}]}}