{"id":8426,"date":"2025-10-13T12:18:17","date_gmt":"2025-10-13T10:18:17","guid":{"rendered":"https:\/\/agora.xtec.cat\/ceip-rafaelcasanova\/?p=8426"},"modified":"2025-11-05T12:13:41","modified_gmt":"2025-11-05T11:13:41","slug":"eleccions-al-consell-escolar","status":"publish","type":"post","link":"https:\/\/agora.xtec.cat\/ceip-rafaelcasanova\/general\/eleccions-al-consell-escolar\/","title":{"rendered":"ELECCIONS AL CONSELL ESCOLAR"},"content":{"rendered":"<p>D\u2019acord amb el que estableix la normativa vigent, aquest curs 2025-2026 s\u2019ha de procedir a la <strong>renovaci\u00f3 dels membres del Consell Escolar<\/strong> del nostre centre.<\/p>\n<p>S\u2019obre, per tant, el proc\u00e9s electoral corresponent. Les persones interessades a presentar la seva candidatura poden consultar tota la informaci\u00f3 relativa al calendari, requisits i procediment al tauler d\u2019anuncis de l\u2019escola.<\/p>\n<p><strong>La participaci\u00f3 de tota la comunitat educativa \u00e9s essencial per continuar construint una escola plural, democr\u00e0tica i de qualitat.<\/strong><\/p>\n<hr \/>\n<p><a href=\"https:\/\/agora.xtec.cat\/ceip-rafaelcasanova\/wp-content\/uploads\/usu715\/2025\/10\/Construeix-una-escola-millor-eleccions-consell-escolar-escola-Rafael-Casanova.jpg\"><img loading=\"lazy\" decoding=\"async\" class=\"alignright wp-image-8427\" src=\"https:\/\/agora.xtec.cat\/ceip-rafaelcasanova\/wp-content\/uploads\/usu715\/2025\/10\/Construeix-una-escola-millor-eleccions-consell-escolar-escola-Rafael-Casanova-213x300.jpg\" alt=\"\" width=\"400\" height=\"564\" srcset=\"https:\/\/agora.xtec.cat\/ceip-rafaelcasanova\/wp-content\/uploads\/usu715\/2025\/10\/Construeix-una-escola-millor-eleccions-consell-escolar-escola-Rafael-Casanova-213x300.jpg 213w, https:\/\/agora.xtec.cat\/ceip-rafaelcasanova\/wp-content\/uploads\/usu715\/2025\/10\/Construeix-una-escola-millor-eleccions-consell-escolar-escola-Rafael-Casanova-726x1024.jpg 726w, https:\/\/agora.xtec.cat\/ceip-rafaelcasanova\/wp-content\/uploads\/usu715\/2025\/10\/Construeix-una-escola-millor-eleccions-consell-escolar-escola-Rafael-Casanova-768x1084.jpg 768w, https:\/\/agora.xtec.cat\/ceip-rafaelcasanova\/wp-content\/uploads\/usu715\/2025\/10\/Construeix-una-escola-millor-eleccions-consell-escolar-escola-Rafael-Casanova-1089x1536.jpg 1089w, https:\/\/agora.xtec.cat\/ceip-rafaelcasanova\/wp-content\/uploads\/usu715\/2025\/10\/Construeix-una-escola-millor-eleccions-consell-escolar-escola-Rafael-Casanova.jpg 1239w\" sizes=\"auto, (max-width: 400px) 100vw, 400px\" \/><\/a><\/p>\n<h2>DATES CLAU<\/h2>\n<p><strong><img loading=\"lazy\" decoding=\"async\" class=\"\" src=\"https:\/\/cdn-icons-png.flaticon.com\/128\/1549\/1549877.png\" alt=\"Fecha tope\" width=\"20\" height=\"20\" \/> <del>Del 14 al 21 d&#8217;octubre<\/del><\/strong>: Llistat i reclamacions del cens disponible<\/p>\n<p><strong><img loading=\"lazy\" decoding=\"async\" class=\"\" src=\"https:\/\/cdn-icons-png.flaticon.com\/128\/1549\/1549877.png\" alt=\"Fecha tope\" width=\"20\" height=\"20\" \/> <del>22 d&#8217;octubre<\/del><\/strong>: Resolucions de les reclamacions del cens<\/p>\n<p><strong><img loading=\"lazy\" decoding=\"async\" class=\"\" src=\"https:\/\/cdn-icons-png.flaticon.com\/128\/1549\/1549877.png\" alt=\"Fecha tope\" width=\"20\" height=\"20\" \/> <del>Del 23 al 31 d&#8217;octubre<\/del><\/strong>: Presentaci\u00f3 de candidatures al Consell Escolar<br \/>\n<img loading=\"lazy\" decoding=\"async\" class=\"\" src=\"https:\/\/cdn-icons-png.flaticon.com\/128\/5828\/5828641.png\" alt=\"herramienta de escritura \" width=\"17\" height=\"17\" \/> <a href=\"https:\/\/agora.xtec.cat\/ceip-rafaelcasanova\/wp-content\/uploads\/usu715\/2025\/10\/A634-presentacio-candidatura.pdf\" target=\"_blank\" rel=\"noopener\">Document de presentaci\u00f3 de candidatura<\/a><\/p>\n<p><strong><img loading=\"lazy\" decoding=\"async\" class=\"\" src=\"https:\/\/cdn-icons-png.flaticon.com\/128\/1549\/1549877.png\" alt=\"Fecha tope\" width=\"20\" height=\"20\" \/> 19 de novembre<\/strong>: Votacions al Consell Escolar<\/p>\n","protected":false},"excerpt":{"rendered":"<p>D\u2019acord amb el que estableix la normativa vigent, aquest curs 2025-2026 s\u2019ha de procedir a la renovaci\u00f3 dels membres del Consell Escolar del nostre centre. S\u2019obre, per tant, el proc\u00e9s electoral corresponent. Les persones interessades a presentar la seva candidatura poden consultar tota la informaci\u00f3 relativa al calendari, requisits i procediment al tauler d\u2019anuncis de [&hellip;]<\/p>\n","protected":false},"author":1,"featured_media":0,"comment_status":"open","ping_status":"open","sticky":false,"template":"","format":"standard","meta":{"_bbp_topic_count":0,"_bbp_reply_count":0,"_bbp_total_topic_count":0,"_bbp_total_reply_count":0,"_bbp_voice_count":0,"_bbp_anonymous_reply_count":0,"_bbp_topic_count_hidden":0,"_bbp_reply_count_hidden":0,"_bbp_forum_subforum_count":0,"site-sidebar-layout":"default","site-content-layout":"","ast-site-content-layout":"","site-content-style":"default","site-sidebar-style":"default","ast-global-header-display":"","ast-banner-title-visibility":"","ast-main-header-display":"","ast-hfb-above-header-display":"","ast-hfb-below-header-display":"","ast-hfb-mobile-header-display":"","site-post-title":"","ast-breadcrumbs-content":"","ast-featured-img":"","footer-sml-layout":"","theme-transparent-header-meta":"","adv-header-id-meta":"","stick-header-meta":"","header-above-stick-meta":"","header-main-stick-meta":"","header-below-stick-meta":"","astra-migrate-meta-layouts":"default","ast-page-background-enabled":"default","ast-page-background-meta":{"desktop":{"background-color":"var(--ast-global-color-4)","background-image":"","background-repeat":"repeat","background-position":"center center","background-size":"auto","background-attachment":"scroll","background-type":"","background-media":"","overlay-type":"","overlay-color":"","overlay-opacity":"","overlay-gradient":""},"tablet":{"background-color":"","background-image":"","background-repeat":"repeat","background-position":"center center","background-size":"auto","background-attachment":"scroll","background-type":"","background-media":"","overlay-type":"","overlay-color":"","overlay-opacity":"","overlay-gradient":""},"mobile":{"background-color":"","background-image":"","background-repeat":"repeat","background-position":"center center","background-size":"auto","background-attachment":"scroll","background-type":"","background-media":"","overlay-type":"","overlay-color":"","overlay-opacity":"","overlay-gradient":""}},"ast-content-background-meta":{"desktop":{"background-color":"var(--ast-global-color-5)","background-image":"","background-repeat":"repeat","background-position":"center center","background-size":"auto","background-attachment":"scroll","background-type":"","background-media":"","overlay-type":"","overlay-color":"","overlay-opacity":"","overlay-gradient":""},"tablet":{"background-color":"var(--ast-global-color-5)","background-image":"","background-repeat":"repeat","background-position":"center center","background-size":"auto","background-attachment":"scroll","background-type":"","background-media":"","overlay-type":"","overlay-color":"","overlay-opacity":"","overlay-gradient":""},"mobile":{"background-color":"var(--ast-global-color-5)","background-image":"","background-repeat":"repeat","background-position":"center center","background-size":"auto","background-attachment":"scroll","background-type":"","background-media":"","overlay-type":"","overlay-color":"","overlay-opacity":"","overlay-gradient":""}},"footnotes":""},"categories":[1],"tags":[],"class_list":["post-8426","post","type-post","status-publish","format-standard","hentry","category-general"],"post_mailing_queue_ids":[],"_links":{"self":[{"href":"https:\/\/agora.xtec.cat\/ceip-rafaelcasanova\/wp-json\/wp\/v2\/posts\/8426","targetHints":{"allow":["GET"]}}],"collection":[{"href":"https:\/\/agora.xtec.cat\/ceip-rafaelcasanova\/wp-json\/wp\/v2\/posts"}],"about":[{"href":"https:\/\/agora.xtec.cat\/ceip-rafaelcasanova\/wp-json\/wp\/v2\/types\/post"}],"author":[{"embeddable":true,"href":"https:\/\/agora.xtec.cat\/ceip-rafaelcasanova\/wp-json\/wp\/v2\/users\/1"}],"replies":[{"embeddable":true,"href":"https:\/\/agora.xtec.cat\/ceip-rafaelcasanova\/wp-json\/wp\/v2\/comments?post=8426"}],"version-history":[{"count":6,"href":"https:\/\/agora.xtec.cat\/ceip-rafaelcasanova\/wp-json\/wp\/v2\/posts\/8426\/revisions"}],"predecessor-version":[{"id":8530,"href":"https:\/\/agora.xtec.cat\/ceip-rafaelcasanova\/wp-json\/wp\/v2\/posts\/8426\/revisions\/8530"}],"wp:attachment":[{"href":"https:\/\/agora.xtec.cat\/ceip-rafaelcasanova\/wp-json\/wp\/v2\/media?parent=8426"}],"wp:term":[{"taxonomy":"category","embeddable":true,"href":"https:\/\/agora.xtec.cat\/ceip-rafaelcasanova\/wp-json\/wp\/v2\/categories?post=8426"},{"taxonomy":"post_tag","embeddable":true,"href":"https:\/\/agora.xtec.cat\/ceip-rafaelcasanova\/wp-json\/wp\/v2\/tags?post=8426"}],"curies":[{"name":"wp","href":"https:\/\/api.w.org\/{rel}","templated":true}]}}