{"id":8184,"date":"2025-04-12T11:08:47","date_gmt":"2025-04-12T09:08:47","guid":{"rendered":"https:\/\/agora.xtec.cat\/ceip-rafaelcasanova\/?p=8184"},"modified":"2025-04-23T09:42:58","modified_gmt":"2025-04-23T07:42:58","slug":"jornades-atletiques-2025","status":"publish","type":"post","link":"https:\/\/agora.xtec.cat\/ceip-rafaelcasanova\/general\/jornades-atletiques-2025\/","title":{"rendered":"Jornades atl\u00e8tiques 2025"},"content":{"rendered":"<p data-pm-slice=\"1 1 []\"><img loading=\"lazy\" decoding=\"async\" class=\"alignnone wp-image-8185 size-large\" src=\"https:\/\/agora.xtec.cat\/ceip-rafaelcasanova\/wp-content\/uploads\/usu715\/2025\/04\/IMG_5282-scaled-e1745393707698-1024x430.jpeg\" alt=\"\" width=\"1024\" height=\"430\" srcset=\"https:\/\/agora.xtec.cat\/ceip-rafaelcasanova\/wp-content\/uploads\/usu715\/2025\/04\/IMG_5282-scaled-e1745393707698-1024x430.jpeg 1024w, https:\/\/agora.xtec.cat\/ceip-rafaelcasanova\/wp-content\/uploads\/usu715\/2025\/04\/IMG_5282-scaled-e1745393707698-300x126.jpeg 300w, https:\/\/agora.xtec.cat\/ceip-rafaelcasanova\/wp-content\/uploads\/usu715\/2025\/04\/IMG_5282-scaled-e1745393707698-768x322.jpeg 768w, https:\/\/agora.xtec.cat\/ceip-rafaelcasanova\/wp-content\/uploads\/usu715\/2025\/04\/IMG_5282-scaled-e1745393707698-1536x645.jpeg 1536w, https:\/\/agora.xtec.cat\/ceip-rafaelcasanova\/wp-content\/uploads\/usu715\/2025\/04\/IMG_5282-scaled-e1745393707698.jpeg 1911w\" sizes=\"auto, (max-width: 1024px) 100vw, 1024px\" \/><\/p>\n<p data-pm-slice=\"1 1 []\">Divendres dia 11 vam tancar el trimestre amb les jornades atl\u00e8tiques. Vam gaudir d&#8217;un mat\u00ed ple d&#8217;activitats, esport i aprenentatges compartits on hi ha participat tota l&#8217;escola, des dels m\u00e9s petits fins als m\u00e9s grans.<\/p>\n<p data-pm-slice=\"1 1 []\">Volem agrair a l&#8217;AFA l&#8217;ajuda i participaci\u00f3 al llarg d&#8217;aquesta jornada.<\/p>\n<p data-pm-slice=\"1 1 []\">A continuaci\u00f3 trobareu l&#8217;enlla\u00e7 per accedir a les imatges:<\/p>\n<p data-pm-slice=\"1 1 []\"><a href=\"https:\/\/photos.app.goo.gl\/R8Absf2tpUjXqYJr5\">https:\/\/photos.app.goo.gl\/R8Absf2tpUjXqYJr5<\/a><\/p>\n","protected":false},"excerpt":{"rendered":"<p>Divendres dia 11 vam tancar el trimestre amb les jornades atl\u00e8tiques. Vam gaudir d&#8217;un mat\u00ed ple d&#8217;activitats, esport i aprenentatges compartits on hi ha participat tota l&#8217;escola, des dels m\u00e9s petits fins als m\u00e9s grans. Volem agrair a l&#8217;AFA l&#8217;ajuda i participaci\u00f3 al llarg d&#8217;aquesta jornada. A continuaci\u00f3 trobareu l&#8217;enlla\u00e7 per accedir a les imatges: [&hellip;]<\/p>\n","protected":false},"author":1,"featured_media":8185,"comment_status":"open","ping_status":"closed","sticky":false,"template":"","format":"standard","meta":{"_bbp_topic_count":0,"_bbp_reply_count":0,"_bbp_total_topic_count":0,"_bbp_total_reply_count":0,"_bbp_voice_count":0,"_bbp_anonymous_reply_count":0,"_bbp_topic_count_hidden":0,"_bbp_reply_count_hidden":0,"_bbp_forum_subforum_count":0,"site-sidebar-layout":"default","site-content-layout":"","ast-site-content-layout":"","site-content-style":"default","site-sidebar-style":"default","ast-global-header-display":"","ast-banner-title-visibility":"","ast-main-header-display":"","ast-hfb-above-header-display":"","ast-hfb-below-header-display":"","ast-hfb-mobile-header-display":"","site-post-title":"","ast-breadcrumbs-content":"","ast-featured-img":"","footer-sml-layout":"","theme-transparent-header-meta":"","adv-header-id-meta":"","stick-header-meta":"","header-above-stick-meta":"","header-main-stick-meta":"","header-below-stick-meta":"","astra-migrate-meta-layouts":"default","ast-page-background-enabled":"default","ast-page-background-meta":{"desktop":{"background-color":"var(--ast-global-color-4)","background-image":"","background-repeat":"repeat","background-position":"center center","background-size":"auto","background-attachment":"scroll","background-type":"","background-media":"","overlay-type":"","overlay-color":"","overlay-opacity":"","overlay-gradient":""},"tablet":{"background-color":"","background-image":"","background-repeat":"repeat","background-position":"center center","background-size":"auto","background-attachment":"scroll","background-type":"","background-media":"","overlay-type":"","overlay-color":"","overlay-opacity":"","overlay-gradient":""},"mobile":{"background-color":"","background-image":"","background-repeat":"repeat","background-position":"center center","background-size":"auto","background-attachment":"scroll","background-type":"","background-media":"","overlay-type":"","overlay-color":"","overlay-opacity":"","overlay-gradient":""}},"ast-content-background-meta":{"desktop":{"background-color":"var(--ast-global-color-5)","background-image":"","background-repeat":"repeat","background-position":"center center","background-size":"auto","background-attachment":"scroll","background-type":"","background-media":"","overlay-type":"","overlay-color":"","overlay-opacity":"","overlay-gradient":""},"tablet":{"background-color":"var(--ast-global-color-5)","background-image":"","background-repeat":"repeat","background-position":"center center","background-size":"auto","background-attachment":"scroll","background-type":"","background-media":"","overlay-type":"","overlay-color":"","overlay-opacity":"","overlay-gradient":""},"mobile":{"background-color":"var(--ast-global-color-5)","background-image":"","background-repeat":"repeat","background-position":"center center","background-size":"auto","background-attachment":"scroll","background-type":"","background-media":"","overlay-type":"","overlay-color":"","overlay-opacity":"","overlay-gradient":""}},"footnotes":""},"categories":[73,71,2,77,1,4,5],"tags":[],"class_list":["post-8184","post","type-post","status-publish","format-standard","has-post-thumbnail","hentry","category-grans","category-mitjans","category-petits","category-educacio-fisica","category-general","category-portada","category-primaria"],"post_mailing_queue_ids":[],"_links":{"self":[{"href":"https:\/\/agora.xtec.cat\/ceip-rafaelcasanova\/wp-json\/wp\/v2\/posts\/8184","targetHints":{"allow":["GET"]}}],"collection":[{"href":"https:\/\/agora.xtec.cat\/ceip-rafaelcasanova\/wp-json\/wp\/v2\/posts"}],"about":[{"href":"https:\/\/agora.xtec.cat\/ceip-rafaelcasanova\/wp-json\/wp\/v2\/types\/post"}],"author":[{"embeddable":true,"href":"https:\/\/agora.xtec.cat\/ceip-rafaelcasanova\/wp-json\/wp\/v2\/users\/1"}],"replies":[{"embeddable":true,"href":"https:\/\/agora.xtec.cat\/ceip-rafaelcasanova\/wp-json\/wp\/v2\/comments?post=8184"}],"version-history":[{"count":5,"href":"https:\/\/agora.xtec.cat\/ceip-rafaelcasanova\/wp-json\/wp\/v2\/posts\/8184\/revisions"}],"predecessor-version":[{"id":8193,"href":"https:\/\/agora.xtec.cat\/ceip-rafaelcasanova\/wp-json\/wp\/v2\/posts\/8184\/revisions\/8193"}],"wp:featuredmedia":[{"embeddable":true,"href":"https:\/\/agora.xtec.cat\/ceip-rafaelcasanova\/wp-json\/wp\/v2\/media\/8185"}],"wp:attachment":[{"href":"https:\/\/agora.xtec.cat\/ceip-rafaelcasanova\/wp-json\/wp\/v2\/media?parent=8184"}],"wp:term":[{"taxonomy":"category","embeddable":true,"href":"https:\/\/agora.xtec.cat\/ceip-rafaelcasanova\/wp-json\/wp\/v2\/categories?post=8184"},{"taxonomy":"post_tag","embeddable":true,"href":"https:\/\/agora.xtec.cat\/ceip-rafaelcasanova\/wp-json\/wp\/v2\/tags?post=8184"}],"curies":[{"name":"wp","href":"https:\/\/api.w.org\/{rel}","templated":true}]}}