{"id":7433,"date":"2024-06-09T17:06:44","date_gmt":"2024-06-09T15:06:44","guid":{"rendered":"https:\/\/agora.xtec.cat\/ceip-rafaelcasanova\/?p=7433"},"modified":"2024-06-09T17:22:27","modified_gmt":"2024-06-09T15:22:27","slug":"festa-final-de-curs-23-24","status":"publish","type":"post","link":"https:\/\/agora.xtec.cat\/ceip-rafaelcasanova\/petits\/festa-final-de-curs-23-24\/","title":{"rendered":"Festa final de curs 23-24"},"content":{"rendered":"<p>Divendres passat vam celebrar una festa per acomiadar el curs 23-24.<\/p>\n<p>Al llarg de mat\u00ed, vam fer diferents tallers amb la col\u00b7laboraci\u00f3 de les fam\u00edlies.<\/p>\n<p>A la tarda, alguns grups de l&#8217;escola ens van fer una mostra de danses i can\u00e7ons, en les quals les fam\u00edlies van poder assistir de p\u00fablic.<\/p>\n<p>I al llarg de tot el dia vam comptar amb un inflable, gr\u00e0cies a Dacor, l&#8217;empresa encarregada del menjador.<\/p>\n<p>Va ser un dia molt complet i divertit.<\/p>\n<p>Moltes gr\u00e0cies a totes les fam\u00edlies per col\u00b7laborar!!!<\/p>\n<p>A continuaci\u00f3, si feu clic a la imatge, podeu veure m\u00e9s fotografies d&#8217;aquell dia.<\/p>\n<p><a href=\"https:\/\/photos.app.goo.gl\/BzBQxRiNQx4d9ykj9\"><img loading=\"lazy\" decoding=\"async\" class=\"alignleft size-full wp-image-7439\" src=\"https:\/\/agora.xtec.cat\/ceip-rafaelcasanova\/wp-content\/uploads\/usu715\/2024\/06\/IMG_6030-scaled.jpg\" alt=\"\" width=\"2560\" height=\"1920\" srcset=\"https:\/\/agora.xtec.cat\/ceip-rafaelcasanova\/wp-content\/uploads\/usu715\/2024\/06\/IMG_6030-scaled.jpg 2560w, https:\/\/agora.xtec.cat\/ceip-rafaelcasanova\/wp-content\/uploads\/usu715\/2024\/06\/IMG_6030-300x225.jpg 300w, https:\/\/agora.xtec.cat\/ceip-rafaelcasanova\/wp-content\/uploads\/usu715\/2024\/06\/IMG_6030-1024x768.jpg 1024w, https:\/\/agora.xtec.cat\/ceip-rafaelcasanova\/wp-content\/uploads\/usu715\/2024\/06\/IMG_6030-768x576.jpg 768w, https:\/\/agora.xtec.cat\/ceip-rafaelcasanova\/wp-content\/uploads\/usu715\/2024\/06\/IMG_6030-1536x1152.jpg 1536w, https:\/\/agora.xtec.cat\/ceip-rafaelcasanova\/wp-content\/uploads\/usu715\/2024\/06\/IMG_6030-2048x1536.jpg 2048w, https:\/\/agora.xtec.cat\/ceip-rafaelcasanova\/wp-content\/uploads\/usu715\/2024\/06\/IMG_6030-200x150.jpg 200w\" sizes=\"auto, (max-width: 2560px) 100vw, 2560px\" \/><\/a><\/p>\n<p>&nbsp;<\/p>\n","protected":false},"excerpt":{"rendered":"<p>Divendres passat vam celebrar una festa per acomiadar el curs 23-24. Al llarg de mat\u00ed, vam fer diferents tallers amb la col\u00b7laboraci\u00f3 de les fam\u00edlies. A la tarda, alguns grups de l&#8217;escola ens van fer una mostra de danses i can\u00e7ons, en les quals les fam\u00edlies van poder assistir de p\u00fablic. I al llarg de [&hellip;]<\/p>\n","protected":false},"author":1,"featured_media":7440,"comment_status":"open","ping_status":"closed","sticky":false,"template":"","format":"standard","meta":{"_bbp_topic_count":0,"_bbp_reply_count":0,"_bbp_total_topic_count":0,"_bbp_total_reply_count":0,"_bbp_voice_count":0,"_bbp_anonymous_reply_count":0,"_bbp_topic_count_hidden":0,"_bbp_reply_count_hidden":0,"_bbp_forum_subforum_count":0,"site-sidebar-layout":"default","site-content-layout":"","ast-site-content-layout":"","site-content-style":"default","site-sidebar-style":"default","ast-global-header-display":"","ast-banner-title-visibility":"","ast-main-header-display":"","ast-hfb-above-header-display":"","ast-hfb-below-header-display":"","ast-hfb-mobile-header-display":"","site-post-title":"","ast-breadcrumbs-content":"","ast-featured-img":"","footer-sml-layout":"","theme-transparent-header-meta":"","adv-header-id-meta":"","stick-header-meta":"","header-above-stick-meta":"","header-main-stick-meta":"","header-below-stick-meta":"","astra-migrate-meta-layouts":"default","ast-page-background-enabled":"default","ast-page-background-meta":{"desktop":{"background-color":"var(--ast-global-color-4)","background-image":"","background-repeat":"repeat","background-position":"center center","background-size":"auto","background-attachment":"scroll","background-type":"","background-media":"","overlay-type":"","overlay-color":"","overlay-opacity":"","overlay-gradient":""},"tablet":{"background-color":"","background-image":"","background-repeat":"repeat","background-position":"center center","background-size":"auto","background-attachment":"scroll","background-type":"","background-media":"","overlay-type":"","overlay-color":"","overlay-opacity":"","overlay-gradient":""},"mobile":{"background-color":"","background-image":"","background-repeat":"repeat","background-position":"center center","background-size":"auto","background-attachment":"scroll","background-type":"","background-media":"","overlay-type":"","overlay-color":"","overlay-opacity":"","overlay-gradient":""}},"ast-content-background-meta":{"desktop":{"background-color":"var(--ast-global-color-5)","background-image":"","background-repeat":"repeat","background-position":"center center","background-size":"auto","background-attachment":"scroll","background-type":"","background-media":"","overlay-type":"","overlay-color":"","overlay-opacity":"","overlay-gradient":""},"tablet":{"background-color":"var(--ast-global-color-5)","background-image":"","background-repeat":"repeat","background-position":"center center","background-size":"auto","background-attachment":"scroll","background-type":"","background-media":"","overlay-type":"","overlay-color":"","overlay-opacity":"","overlay-gradient":""},"mobile":{"background-color":"var(--ast-global-color-5)","background-image":"","background-repeat":"repeat","background-position":"center center","background-size":"auto","background-attachment":"scroll","background-type":"","background-media":"","overlay-type":"","overlay-color":"","overlay-opacity":"","overlay-gradient":""}},"footnotes":""},"categories":[10,11,12,13,14,15,73,71,2,3,8,9,4,5],"tags":[],"class_list":["post-7433","post","type-post","status-publish","format-standard","has-post-thumbnail","hentry","category-1r","category-2n","category-3r","category-4t","category-5e","category-6e","category-grans","category-mitjans","category-petits","category-i3","category-i4","category-i5","category-portada","category-primaria"],"post_mailing_queue_ids":[],"_links":{"self":[{"href":"https:\/\/agora.xtec.cat\/ceip-rafaelcasanova\/wp-json\/wp\/v2\/posts\/7433","targetHints":{"allow":["GET"]}}],"collection":[{"href":"https:\/\/agora.xtec.cat\/ceip-rafaelcasanova\/wp-json\/wp\/v2\/posts"}],"about":[{"href":"https:\/\/agora.xtec.cat\/ceip-rafaelcasanova\/wp-json\/wp\/v2\/types\/post"}],"author":[{"embeddable":true,"href":"https:\/\/agora.xtec.cat\/ceip-rafaelcasanova\/wp-json\/wp\/v2\/users\/1"}],"replies":[{"embeddable":true,"href":"https:\/\/agora.xtec.cat\/ceip-rafaelcasanova\/wp-json\/wp\/v2\/comments?post=7433"}],"version-history":[{"count":2,"href":"https:\/\/agora.xtec.cat\/ceip-rafaelcasanova\/wp-json\/wp\/v2\/posts\/7433\/revisions"}],"predecessor-version":[{"id":7441,"href":"https:\/\/agora.xtec.cat\/ceip-rafaelcasanova\/wp-json\/wp\/v2\/posts\/7433\/revisions\/7441"}],"wp:featuredmedia":[{"embeddable":true,"href":"https:\/\/agora.xtec.cat\/ceip-rafaelcasanova\/wp-json\/wp\/v2\/media\/7440"}],"wp:attachment":[{"href":"https:\/\/agora.xtec.cat\/ceip-rafaelcasanova\/wp-json\/wp\/v2\/media?parent=7433"}],"wp:term":[{"taxonomy":"category","embeddable":true,"href":"https:\/\/agora.xtec.cat\/ceip-rafaelcasanova\/wp-json\/wp\/v2\/categories?post=7433"},{"taxonomy":"post_tag","embeddable":true,"href":"https:\/\/agora.xtec.cat\/ceip-rafaelcasanova\/wp-json\/wp\/v2\/tags?post=7433"}],"curies":[{"name":"wp","href":"https:\/\/api.w.org\/{rel}","templated":true}]}}