{"id":7377,"date":"2024-04-11T12:38:43","date_gmt":"2024-04-11T10:38:43","guid":{"rendered":"https:\/\/agora.xtec.cat\/ceip-rafaelcasanova\/?p=7377"},"modified":"2024-06-09T17:41:00","modified_gmt":"2024-06-09T15:41:00","slug":"i3-i-i5-van-a-la-granja","status":"publish","type":"post","link":"https:\/\/agora.xtec.cat\/ceip-rafaelcasanova\/petits\/i3-i-i5-van-a-la-granja\/","title":{"rendered":"I3 i I5 van a la granja."},"content":{"rendered":"<p>Els alumnes d&#8217;I3 i I5 hem anat a la granja.<\/p>\n<p>Hem vist molts animals, hem pentinat als ponis i hem fet un passeig amb ells. Ens ho hem passat molt b\u00e9.<\/p>\n<p>Si voleu veure m\u00e9s fotos feu clic a l&#8217;enlla\u00e7.<\/p>\n<p><img loading=\"lazy\" decoding=\"async\" class=\"wp-image-7379 aligncenter\" src=\"https:\/\/agora.xtec.cat\/ceip-rafaelcasanova\/wp-content\/uploads\/usu715\/2024\/04\/IMG20240320124645-1-1024x771.jpg\" alt=\"\" width=\"549\" height=\"413\" srcset=\"https:\/\/agora.xtec.cat\/ceip-rafaelcasanova\/wp-content\/uploads\/usu715\/2024\/04\/IMG20240320124645-1-1024x771.jpg 1024w, https:\/\/agora.xtec.cat\/ceip-rafaelcasanova\/wp-content\/uploads\/usu715\/2024\/04\/IMG20240320124645-1-300x226.jpg 300w, https:\/\/agora.xtec.cat\/ceip-rafaelcasanova\/wp-content\/uploads\/usu715\/2024\/04\/IMG20240320124645-1-768x578.jpg 768w, https:\/\/agora.xtec.cat\/ceip-rafaelcasanova\/wp-content\/uploads\/usu715\/2024\/04\/IMG20240320124645-1-200x150.jpg 200w, https:\/\/agora.xtec.cat\/ceip-rafaelcasanova\/wp-content\/uploads\/usu715\/2024\/04\/IMG20240320124645-1.jpg 1065w\" sizes=\"auto, (max-width: 549px) 100vw, 549px\" \/><\/p>\n<p>FOTOS I5 <a href=\"https:\/\/photos.google.com\/album\/AF1QipM-Uu66sNxXNFaxnwkSc5InwklHkLxym_1Gxbeu\">https:\/\/photos.google.com\/album\/AF1QipM-Uu66sNxXNFaxnwkSc5InwklHkLxym_1Gxbeu<\/a><\/p>\n<p>FOTOS I3 <a href=\"https:\/\/photos.google.com\/album\/AF1QipPdDpdwytjWcUM-x2EVZMR9xq1id2wfxCe6UDc9\">https:\/\/photos.google.com\/album\/AF1QipPdDpdwytjWcUM-x2EVZMR9xq1id2wfxCe6UDc9<\/a><\/p>\n<p>&nbsp;<\/p>\n","protected":false},"excerpt":{"rendered":"<p>Els alumnes d&#8217;I3 i I5 hem anat a la granja. Hem vist molts animals, hem pentinat als ponis i hem fet un passeig amb ells. Ens ho hem passat molt b\u00e9. Si voleu veure m\u00e9s fotos feu clic a l&#8217;enlla\u00e7. FOTOS I5 https:\/\/photos.google.com\/album\/AF1QipM-Uu66sNxXNFaxnwkSc5InwklHkLxym_1Gxbeu FOTOS I3 https:\/\/photos.google.com\/album\/AF1QipPdDpdwytjWcUM-x2EVZMR9xq1id2wfxCe6UDc9 &nbsp;<\/p>\n","protected":false},"author":44,"featured_media":7446,"comment_status":"closed","ping_status":"closed","sticky":false,"template":"","format":"standard","meta":{"_bbp_topic_count":0,"_bbp_reply_count":0,"_bbp_total_topic_count":0,"_bbp_total_reply_count":0,"_bbp_voice_count":0,"_bbp_anonymous_reply_count":0,"_bbp_topic_count_hidden":0,"_bbp_reply_count_hidden":0,"_bbp_forum_subforum_count":0,"site-sidebar-layout":"default","site-content-layout":"","ast-site-content-layout":"","site-content-style":"default","site-sidebar-style":"default","ast-global-header-display":"","ast-banner-title-visibility":"","ast-main-header-display":"","ast-hfb-above-header-display":"","ast-hfb-below-header-display":"","ast-hfb-mobile-header-display":"","site-post-title":"","ast-breadcrumbs-content":"","ast-featured-img":"","footer-sml-layout":"","theme-transparent-header-meta":"","adv-header-id-meta":"","stick-header-meta":"","header-above-stick-meta":"","header-main-stick-meta":"","header-below-stick-meta":"","astra-migrate-meta-layouts":"default","ast-page-background-enabled":"default","ast-page-background-meta":{"desktop":{"background-color":"var(--ast-global-color-4)","background-image":"","background-repeat":"repeat","background-position":"center center","background-size":"auto","background-attachment":"scroll","background-type":"","background-media":"","overlay-type":"","overlay-color":"","overlay-opacity":"","overlay-gradient":""},"tablet":{"background-color":"","background-image":"","background-repeat":"repeat","background-position":"center center","background-size":"auto","background-attachment":"scroll","background-type":"","background-media":"","overlay-type":"","overlay-color":"","overlay-opacity":"","overlay-gradient":""},"mobile":{"background-color":"","background-image":"","background-repeat":"repeat","background-position":"center center","background-size":"auto","background-attachment":"scroll","background-type":"","background-media":"","overlay-type":"","overlay-color":"","overlay-opacity":"","overlay-gradient":""}},"ast-content-background-meta":{"desktop":{"background-color":"var(--ast-global-color-5)","background-image":"","background-repeat":"repeat","background-position":"center center","background-size":"auto","background-attachment":"scroll","background-type":"","background-media":"","overlay-type":"","overlay-color":"","overlay-opacity":"","overlay-gradient":""},"tablet":{"background-color":"var(--ast-global-color-5)","background-image":"","background-repeat":"repeat","background-position":"center center","background-size":"auto","background-attachment":"scroll","background-type":"","background-media":"","overlay-type":"","overlay-color":"","overlay-opacity":"","overlay-gradient":""},"mobile":{"background-color":"var(--ast-global-color-5)","background-image":"","background-repeat":"repeat","background-position":"center center","background-size":"auto","background-attachment":"scroll","background-type":"","background-media":"","overlay-type":"","overlay-color":"","overlay-opacity":"","overlay-gradient":""}},"footnotes":""},"categories":[2,3,9],"tags":[],"class_list":["post-7377","post","type-post","status-publish","format-standard","has-post-thumbnail","hentry","category-petits","category-i3","category-i5"],"post_mailing_queue_ids":[],"_links":{"self":[{"href":"https:\/\/agora.xtec.cat\/ceip-rafaelcasanova\/wp-json\/wp\/v2\/posts\/7377","targetHints":{"allow":["GET"]}}],"collection":[{"href":"https:\/\/agora.xtec.cat\/ceip-rafaelcasanova\/wp-json\/wp\/v2\/posts"}],"about":[{"href":"https:\/\/agora.xtec.cat\/ceip-rafaelcasanova\/wp-json\/wp\/v2\/types\/post"}],"author":[{"embeddable":true,"href":"https:\/\/agora.xtec.cat\/ceip-rafaelcasanova\/wp-json\/wp\/v2\/users\/44"}],"replies":[{"embeddable":true,"href":"https:\/\/agora.xtec.cat\/ceip-rafaelcasanova\/wp-json\/wp\/v2\/comments?post=7377"}],"version-history":[{"count":2,"href":"https:\/\/agora.xtec.cat\/ceip-rafaelcasanova\/wp-json\/wp\/v2\/posts\/7377\/revisions"}],"predecessor-version":[{"id":7381,"href":"https:\/\/agora.xtec.cat\/ceip-rafaelcasanova\/wp-json\/wp\/v2\/posts\/7377\/revisions\/7381"}],"wp:featuredmedia":[{"embeddable":true,"href":"https:\/\/agora.xtec.cat\/ceip-rafaelcasanova\/wp-json\/wp\/v2\/media\/7446"}],"wp:attachment":[{"href":"https:\/\/agora.xtec.cat\/ceip-rafaelcasanova\/wp-json\/wp\/v2\/media?parent=7377"}],"wp:term":[{"taxonomy":"category","embeddable":true,"href":"https:\/\/agora.xtec.cat\/ceip-rafaelcasanova\/wp-json\/wp\/v2\/categories?post=7377"},{"taxonomy":"post_tag","embeddable":true,"href":"https:\/\/agora.xtec.cat\/ceip-rafaelcasanova\/wp-json\/wp\/v2\/tags?post=7377"}],"curies":[{"name":"wp","href":"https:\/\/api.w.org\/{rel}","templated":true}]}}