{"id":6312,"date":"2023-02-23T18:50:22","date_gmt":"2023-02-23T17:50:22","guid":{"rendered":"https:\/\/agora.xtec.cat\/ceip-rafaelcasanova\/?p=6312"},"modified":"2023-03-23T19:08:22","modified_gmt":"2023-03-23T18:08:22","slug":"anem-a-lajuntament","status":"publish","type":"post","link":"https:\/\/agora.xtec.cat\/ceip-rafaelcasanova\/general\/anem-a-lajuntament\/","title":{"rendered":"Anem a l&#8217;Ajuntament!"},"content":{"rendered":"<p style=\"text-align: justify\">Durant aquest trimestre la classe dels artistes hem estat treballant l&#8217;Ajuntament, concretament el del nostre poble, el de Sant Boi. Hem apr\u00e8s moltes coses noves que no sabiem i que ens han generat curiositat. Per finalitzar el tema, hem pogut visitar l&#8217;Ajuntament i seure a la sala de plens on els regidors\/es i l&#8217;alcaldessa fan les seves reunions. Tamb\u00e9 hem tingut l&#8217;oportunitat de con\u00e8ixer i fer-li preguntes a la regidora d&#8217;educaci\u00f3.<\/p>\n<p style=\"text-align: justify\">Un cop acabada la visita, hem anat a la radio a fer un programa en directe. Ha sigut molt divertit perqu\u00e8 em pogut parlar i veure l&#8217;interior de la radio.<\/p>\n<p>Si cliqueu a la imatge poder veure&#8217;ns!<\/p>\n<p><a href=\"https:\/\/photos.app.goo.gl\/B96ZqZv6tm9XP4dj6\"><img loading=\"lazy\" decoding=\"async\" class=\"alignnone wp-image-6313 \" src=\"https:\/\/agora.xtec.cat\/ceip-rafaelcasanova\/wp-content\/uploads\/usu715\/2023\/03\/Captura-de-pantalla-2023-03-23-a-las-19.03.35-1024x727.png\" alt=\"\" width=\"499\" height=\"354\" srcset=\"https:\/\/agora.xtec.cat\/ceip-rafaelcasanova\/wp-content\/uploads\/usu715\/2023\/03\/Captura-de-pantalla-2023-03-23-a-las-19.03.35-1024x727.png 1024w, https:\/\/agora.xtec.cat\/ceip-rafaelcasanova\/wp-content\/uploads\/usu715\/2023\/03\/Captura-de-pantalla-2023-03-23-a-las-19.03.35-300x213.png 300w, https:\/\/agora.xtec.cat\/ceip-rafaelcasanova\/wp-content\/uploads\/usu715\/2023\/03\/Captura-de-pantalla-2023-03-23-a-las-19.03.35-768x545.png 768w, https:\/\/agora.xtec.cat\/ceip-rafaelcasanova\/wp-content\/uploads\/usu715\/2023\/03\/Captura-de-pantalla-2023-03-23-a-las-19.03.35.png 1048w\" sizes=\"auto, (max-width: 499px) 100vw, 499px\" \/><\/a><\/p>\n","protected":false},"excerpt":{"rendered":"<p>Durant aquest trimestre la classe dels artistes hem estat treballant l&#8217;Ajuntament, concretament el del nostre poble, el de Sant Boi. Hem apr\u00e8s moltes coses noves que no sabiem i que ens han generat curiositat. Per finalitzar el tema, hem pogut visitar l&#8217;Ajuntament i seure a la sala de plens on els regidors\/es i l&#8217;alcaldessa fan [&hellip;]<\/p>\n","protected":false},"author":37,"featured_media":6313,"comment_status":"open","ping_status":"closed","sticky":false,"template":"","format":"standard","meta":{"_bbp_topic_count":0,"_bbp_reply_count":0,"_bbp_total_topic_count":0,"_bbp_total_reply_count":0,"_bbp_voice_count":0,"_bbp_anonymous_reply_count":0,"_bbp_topic_count_hidden":0,"_bbp_reply_count_hidden":0,"_bbp_forum_subforum_count":0,"site-sidebar-layout":"default","site-content-layout":"","ast-site-content-layout":"","site-content-style":"default","site-sidebar-style":"default","ast-global-header-display":"","ast-banner-title-visibility":"","ast-main-header-display":"","ast-hfb-above-header-display":"","ast-hfb-below-header-display":"","ast-hfb-mobile-header-display":"","site-post-title":"","ast-breadcrumbs-content":"","ast-featured-img":"","footer-sml-layout":"","theme-transparent-header-meta":"","adv-header-id-meta":"","stick-header-meta":"","header-above-stick-meta":"","header-main-stick-meta":"","header-below-stick-meta":"","astra-migrate-meta-layouts":"default","ast-page-background-enabled":"default","ast-page-background-meta":{"desktop":{"background-color":"var(--ast-global-color-4)","background-image":"","background-repeat":"repeat","background-position":"center center","background-size":"auto","background-attachment":"scroll","background-type":"","background-media":"","overlay-type":"","overlay-color":"","overlay-opacity":"","overlay-gradient":""},"tablet":{"background-color":"","background-image":"","background-repeat":"repeat","background-position":"center center","background-size":"auto","background-attachment":"scroll","background-type":"","background-media":"","overlay-type":"","overlay-color":"","overlay-opacity":"","overlay-gradient":""},"mobile":{"background-color":"","background-image":"","background-repeat":"repeat","background-position":"center center","background-size":"auto","background-attachment":"scroll","background-type":"","background-media":"","overlay-type":"","overlay-color":"","overlay-opacity":"","overlay-gradient":""}},"ast-content-background-meta":{"desktop":{"background-color":"var(--ast-global-color-5)","background-image":"","background-repeat":"repeat","background-position":"center center","background-size":"auto","background-attachment":"scroll","background-type":"","background-media":"","overlay-type":"","overlay-color":"","overlay-opacity":"","overlay-gradient":""},"tablet":{"background-color":"var(--ast-global-color-5)","background-image":"","background-repeat":"repeat","background-position":"center center","background-size":"auto","background-attachment":"scroll","background-type":"","background-media":"","overlay-type":"","overlay-color":"","overlay-opacity":"","overlay-gradient":""},"mobile":{"background-color":"var(--ast-global-color-5)","background-image":"","background-repeat":"repeat","background-position":"center center","background-size":"auto","background-attachment":"scroll","background-type":"","background-media":"","overlay-type":"","overlay-color":"","overlay-opacity":"","overlay-gradient":""}},"footnotes":""},"categories":[12,72,1,5],"tags":[],"class_list":["post-6312","post","type-post","status-publish","format-standard","has-post-thumbnail","hentry","category-3r","category-mitja","category-general","category-primaria"],"post_mailing_queue_ids":[],"_links":{"self":[{"href":"https:\/\/agora.xtec.cat\/ceip-rafaelcasanova\/wp-json\/wp\/v2\/posts\/6312","targetHints":{"allow":["GET"]}}],"collection":[{"href":"https:\/\/agora.xtec.cat\/ceip-rafaelcasanova\/wp-json\/wp\/v2\/posts"}],"about":[{"href":"https:\/\/agora.xtec.cat\/ceip-rafaelcasanova\/wp-json\/wp\/v2\/types\/post"}],"author":[{"embeddable":true,"href":"https:\/\/agora.xtec.cat\/ceip-rafaelcasanova\/wp-json\/wp\/v2\/users\/37"}],"replies":[{"embeddable":true,"href":"https:\/\/agora.xtec.cat\/ceip-rafaelcasanova\/wp-json\/wp\/v2\/comments?post=6312"}],"version-history":[{"count":2,"href":"https:\/\/agora.xtec.cat\/ceip-rafaelcasanova\/wp-json\/wp\/v2\/posts\/6312\/revisions"}],"predecessor-version":[{"id":6315,"href":"https:\/\/agora.xtec.cat\/ceip-rafaelcasanova\/wp-json\/wp\/v2\/posts\/6312\/revisions\/6315"}],"wp:featuredmedia":[{"embeddable":true,"href":"https:\/\/agora.xtec.cat\/ceip-rafaelcasanova\/wp-json\/wp\/v2\/media\/6313"}],"wp:attachment":[{"href":"https:\/\/agora.xtec.cat\/ceip-rafaelcasanova\/wp-json\/wp\/v2\/media?parent=6312"}],"wp:term":[{"taxonomy":"category","embeddable":true,"href":"https:\/\/agora.xtec.cat\/ceip-rafaelcasanova\/wp-json\/wp\/v2\/categories?post=6312"},{"taxonomy":"post_tag","embeddable":true,"href":"https:\/\/agora.xtec.cat\/ceip-rafaelcasanova\/wp-json\/wp\/v2\/tags?post=6312"}],"curies":[{"name":"wp","href":"https:\/\/api.w.org\/{rel}","templated":true}]}}