{"id":5882,"date":"2022-11-02T18:54:49","date_gmt":"2022-11-02T17:54:49","guid":{"rendered":"https:\/\/agora.xtec.cat\/ceip-rafaelcasanova\/?p=5882"},"modified":"2022-11-02T18:55:37","modified_gmt":"2022-11-02T17:55:37","slug":"visitem-el-cosmocaixa","status":"publish","type":"post","link":"https:\/\/agora.xtec.cat\/ceip-rafaelcasanova\/primaria\/visitem-el-cosmocaixa\/","title":{"rendered":"Visitem el Cosmocaixa!"},"content":{"rendered":"<p>Durant algunes semantes hem estat treballant el Sistema Solar i l&#8217;Univers a l&#8217;escola. Gr\u00e0cies a la visita al Cosmocaixa hem pogut con\u00e8ixer algunes cosetes m\u00e9s. El primer que vam fer a l&#8217;arribar va ser visitar el planetari; ens van recordar coses que ja s&#8217;havien per\u00f2 tamb\u00e9 ens van explicar de noves. Vam poder veure la sortida del Sol aix\u00ed com tamb\u00e9 algunes constel\u00b7lacions i la Lluna!<\/p>\n<p>Despr\u00e9s, vam poder gaudir de l&#8217;exposici\u00f3 de ci\u00e8ncia i del bosc inundat. Va ser un dia molt divertit on, a banda de pasar-ho molt b\u00e9 vam aprendre coses noves!<\/p>\n<p>Si voleu veure com ens ho vam passar, nom\u00e9s cal que cliqueu a la imatge!<a href=\"https:\/\/photos.app.goo.gl\/yQpPMxJricQc3qrU7\"><img loading=\"lazy\" decoding=\"async\" class=\"wp-image-5883 alignleft\" src=\"https:\/\/agora.xtec.cat\/ceip-rafaelcasanova\/wp-content\/uploads\/usu715\/2022\/11\/Captura-de-pantalla-2022-11-01-a-las-18.56.22-1024x905.png\" alt=\"\" width=\"451\" height=\"399\" srcset=\"https:\/\/agora.xtec.cat\/ceip-rafaelcasanova\/wp-content\/uploads\/usu715\/2022\/11\/Captura-de-pantalla-2022-11-01-a-las-18.56.22-1024x905.png 1024w, https:\/\/agora.xtec.cat\/ceip-rafaelcasanova\/wp-content\/uploads\/usu715\/2022\/11\/Captura-de-pantalla-2022-11-01-a-las-18.56.22-300x265.png 300w, https:\/\/agora.xtec.cat\/ceip-rafaelcasanova\/wp-content\/uploads\/usu715\/2022\/11\/Captura-de-pantalla-2022-11-01-a-las-18.56.22-768x679.png 768w, https:\/\/agora.xtec.cat\/ceip-rafaelcasanova\/wp-content\/uploads\/usu715\/2022\/11\/Captura-de-pantalla-2022-11-01-a-las-18.56.22.png 1086w\" sizes=\"auto, (max-width: 451px) 100vw, 451px\" \/><\/a><\/p>\n","protected":false},"excerpt":{"rendered":"<p>Durant algunes semantes hem estat treballant el Sistema Solar i l&#8217;Univers a l&#8217;escola. Gr\u00e0cies a la visita al Cosmocaixa hem pogut con\u00e8ixer algunes cosetes m\u00e9s. El primer que vam fer a l&#8217;arribar va ser visitar el planetari; ens van recordar coses que ja s&#8217;havien per\u00f2 tamb\u00e9 ens van explicar de noves. Vam poder veure la [&hellip;]<\/p>\n","protected":false},"author":1,"featured_media":5883,"comment_status":"open","ping_status":"closed","sticky":false,"template":"","format":"standard","meta":{"_bbp_topic_count":0,"_bbp_reply_count":0,"_bbp_total_topic_count":0,"_bbp_total_reply_count":0,"_bbp_voice_count":0,"_bbp_anonymous_reply_count":0,"_bbp_topic_count_hidden":0,"_bbp_reply_count_hidden":0,"_bbp_forum_subforum_count":0,"site-sidebar-layout":"default","site-content-layout":"","ast-site-content-layout":"","site-content-style":"default","site-sidebar-style":"default","ast-global-header-display":"","ast-banner-title-visibility":"","ast-main-header-display":"","ast-hfb-above-header-display":"","ast-hfb-below-header-display":"","ast-hfb-mobile-header-display":"","site-post-title":"","ast-breadcrumbs-content":"","ast-featured-img":"","footer-sml-layout":"","theme-transparent-header-meta":"","adv-header-id-meta":"","stick-header-meta":"","header-above-stick-meta":"","header-main-stick-meta":"","header-below-stick-meta":"","astra-migrate-meta-layouts":"default","ast-page-background-enabled":"default","ast-page-background-meta":{"desktop":{"background-color":"var(--ast-global-color-4)","background-image":"","background-repeat":"repeat","background-position":"center center","background-size":"auto","background-attachment":"scroll","background-type":"","background-media":"","overlay-type":"","overlay-color":"","overlay-opacity":"","overlay-gradient":""},"tablet":{"background-color":"","background-image":"","background-repeat":"repeat","background-position":"center center","background-size":"auto","background-attachment":"scroll","background-type":"","background-media":"","overlay-type":"","overlay-color":"","overlay-opacity":"","overlay-gradient":""},"mobile":{"background-color":"","background-image":"","background-repeat":"repeat","background-position":"center center","background-size":"auto","background-attachment":"scroll","background-type":"","background-media":"","overlay-type":"","overlay-color":"","overlay-opacity":"","overlay-gradient":""}},"ast-content-background-meta":{"desktop":{"background-color":"var(--ast-global-color-5)","background-image":"","background-repeat":"repeat","background-position":"center center","background-size":"auto","background-attachment":"scroll","background-type":"","background-media":"","overlay-type":"","overlay-color":"","overlay-opacity":"","overlay-gradient":""},"tablet":{"background-color":"var(--ast-global-color-5)","background-image":"","background-repeat":"repeat","background-position":"center center","background-size":"auto","background-attachment":"scroll","background-type":"","background-media":"","overlay-type":"","overlay-color":"","overlay-opacity":"","overlay-gradient":""},"mobile":{"background-color":"var(--ast-global-color-5)","background-image":"","background-repeat":"repeat","background-position":"center center","background-size":"auto","background-attachment":"scroll","background-type":"","background-media":"","overlay-type":"","overlay-color":"","overlay-opacity":"","overlay-gradient":""}},"footnotes":""},"categories":[12,72,5],"tags":[],"class_list":["post-5882","post","type-post","status-publish","format-standard","has-post-thumbnail","hentry","category-3r","category-mitja","category-primaria"],"post_mailing_queue_ids":[],"_links":{"self":[{"href":"https:\/\/agora.xtec.cat\/ceip-rafaelcasanova\/wp-json\/wp\/v2\/posts\/5882","targetHints":{"allow":["GET"]}}],"collection":[{"href":"https:\/\/agora.xtec.cat\/ceip-rafaelcasanova\/wp-json\/wp\/v2\/posts"}],"about":[{"href":"https:\/\/agora.xtec.cat\/ceip-rafaelcasanova\/wp-json\/wp\/v2\/types\/post"}],"author":[{"embeddable":true,"href":"https:\/\/agora.xtec.cat\/ceip-rafaelcasanova\/wp-json\/wp\/v2\/users\/1"}],"replies":[{"embeddable":true,"href":"https:\/\/agora.xtec.cat\/ceip-rafaelcasanova\/wp-json\/wp\/v2\/comments?post=5882"}],"version-history":[{"count":2,"href":"https:\/\/agora.xtec.cat\/ceip-rafaelcasanova\/wp-json\/wp\/v2\/posts\/5882\/revisions"}],"predecessor-version":[{"id":5885,"href":"https:\/\/agora.xtec.cat\/ceip-rafaelcasanova\/wp-json\/wp\/v2\/posts\/5882\/revisions\/5885"}],"wp:featuredmedia":[{"embeddable":true,"href":"https:\/\/agora.xtec.cat\/ceip-rafaelcasanova\/wp-json\/wp\/v2\/media\/5883"}],"wp:attachment":[{"href":"https:\/\/agora.xtec.cat\/ceip-rafaelcasanova\/wp-json\/wp\/v2\/media?parent=5882"}],"wp:term":[{"taxonomy":"category","embeddable":true,"href":"https:\/\/agora.xtec.cat\/ceip-rafaelcasanova\/wp-json\/wp\/v2\/categories?post=5882"},{"taxonomy":"post_tag","embeddable":true,"href":"https:\/\/agora.xtec.cat\/ceip-rafaelcasanova\/wp-json\/wp\/v2\/tags?post=5882"}],"curies":[{"name":"wp","href":"https:\/\/api.w.org\/{rel}","templated":true}]}}