{"id":5758,"date":"2022-10-09T19:43:48","date_gmt":"2022-10-09T17:43:48","guid":{"rendered":"https:\/\/agora.xtec.cat\/ceip-rafaelcasanova\/?p=5758"},"modified":"2022-10-18T12:00:59","modified_gmt":"2022-10-18T10:00:59","slug":"festa-benvinguda-del-curs","status":"publish","type":"post","link":"https:\/\/agora.xtec.cat\/ceip-rafaelcasanova\/afa\/festa-benvinguda-del-curs\/","title":{"rendered":"FESTA BENVINGUDA DEL CURS"},"content":{"rendered":"<p>El proper dissabte 15 d&#8217;octubre farem la Festa de benvinguda del curs 22-23 a l&#8217;escola. Hi haur\u00e0 dinar popular i activitats per els infants.<\/p>\n<p>Ser\u00e0 divertit, no us ho podeu perdre!<\/p>\n<p>La venda de tiquets ser\u00e0 dilluns 10 d&#8217;octubre i dimarts 11 d&#8217;octubre a les 16:30h a l&#8217;AMPA.<\/p>\n<p>&nbsp;<\/p>\n<p><a href=\"https:\/\/agora.xtec.cat\/ceip-rafaelcasanova\/wp-content\/uploads\/usu715\/2022\/10\/Invitacion-a-Cumpleanos-Moderna-para-ninos-Safari-Ilustrado.jpg\"><img loading=\"lazy\" decoding=\"async\" class=\"aligncenter size-large wp-image-5759\" src=\"https:\/\/agora.xtec.cat\/ceip-rafaelcasanova\/wp-content\/uploads\/usu715\/2022\/10\/Invitacion-a-Cumpleanos-Moderna-para-ninos-Safari-Ilustrado-726x1024.jpg\" alt=\"\" width=\"726\" height=\"1024\" srcset=\"https:\/\/agora.xtec.cat\/ceip-rafaelcasanova\/wp-content\/uploads\/usu715\/2022\/10\/Invitacion-a-Cumpleanos-Moderna-para-ninos-Safari-Ilustrado-726x1024.jpg 726w, https:\/\/agora.xtec.cat\/ceip-rafaelcasanova\/wp-content\/uploads\/usu715\/2022\/10\/Invitacion-a-Cumpleanos-Moderna-para-ninos-Safari-Ilustrado-213x300.jpg 213w, https:\/\/agora.xtec.cat\/ceip-rafaelcasanova\/wp-content\/uploads\/usu715\/2022\/10\/Invitacion-a-Cumpleanos-Moderna-para-ninos-Safari-Ilustrado-768x1083.jpg 768w, https:\/\/agora.xtec.cat\/ceip-rafaelcasanova\/wp-content\/uploads\/usu715\/2022\/10\/Invitacion-a-Cumpleanos-Moderna-para-ninos-Safari-Ilustrado-1090x1536.jpg 1090w, https:\/\/agora.xtec.cat\/ceip-rafaelcasanova\/wp-content\/uploads\/usu715\/2022\/10\/Invitacion-a-Cumpleanos-Moderna-para-ninos-Safari-Ilustrado.jpg 1240w\" sizes=\"auto, (max-width: 726px) 100vw, 726px\" \/><\/a><\/p>\n","protected":false},"excerpt":{"rendered":"<p>El proper dissabte 15 d&#8217;octubre farem la Festa de benvinguda del curs 22-23 a l&#8217;escola. Hi haur\u00e0 dinar popular i activitats per els infants. Ser\u00e0 divertit, no us ho podeu perdre! La venda de tiquets ser\u00e0 dilluns 10 d&#8217;octubre i dimarts 11 d&#8217;octubre a les 16:30h a l&#8217;AMPA. &nbsp;<\/p>\n","protected":false},"author":1,"featured_media":5759,"comment_status":"open","ping_status":"closed","sticky":false,"template":"","format":"standard","meta":{"_bbp_topic_count":0,"_bbp_reply_count":0,"_bbp_total_topic_count":0,"_bbp_total_reply_count":0,"_bbp_voice_count":0,"_bbp_anonymous_reply_count":0,"_bbp_topic_count_hidden":0,"_bbp_reply_count_hidden":0,"_bbp_forum_subforum_count":0,"site-sidebar-layout":"default","site-content-layout":"","ast-site-content-layout":"","site-content-style":"default","site-sidebar-style":"default","ast-global-header-display":"","ast-banner-title-visibility":"","ast-main-header-display":"","ast-hfb-above-header-display":"","ast-hfb-below-header-display":"","ast-hfb-mobile-header-display":"","site-post-title":"","ast-breadcrumbs-content":"","ast-featured-img":"","footer-sml-layout":"","theme-transparent-header-meta":"","adv-header-id-meta":"","stick-header-meta":"","header-above-stick-meta":"","header-main-stick-meta":"","header-below-stick-meta":"","astra-migrate-meta-layouts":"default","ast-page-background-enabled":"default","ast-page-background-meta":{"desktop":{"background-color":"var(--ast-global-color-4)","background-image":"","background-repeat":"repeat","background-position":"center center","background-size":"auto","background-attachment":"scroll","background-type":"","background-media":"","overlay-type":"","overlay-color":"","overlay-opacity":"","overlay-gradient":""},"tablet":{"background-color":"","background-image":"","background-repeat":"repeat","background-position":"center center","background-size":"auto","background-attachment":"scroll","background-type":"","background-media":"","overlay-type":"","overlay-color":"","overlay-opacity":"","overlay-gradient":""},"mobile":{"background-color":"","background-image":"","background-repeat":"repeat","background-position":"center center","background-size":"auto","background-attachment":"scroll","background-type":"","background-media":"","overlay-type":"","overlay-color":"","overlay-opacity":"","overlay-gradient":""}},"ast-content-background-meta":{"desktop":{"background-color":"var(--ast-global-color-5)","background-image":"","background-repeat":"repeat","background-position":"center center","background-size":"auto","background-attachment":"scroll","background-type":"","background-media":"","overlay-type":"","overlay-color":"","overlay-opacity":"","overlay-gradient":""},"tablet":{"background-color":"var(--ast-global-color-5)","background-image":"","background-repeat":"repeat","background-position":"center center","background-size":"auto","background-attachment":"scroll","background-type":"","background-media":"","overlay-type":"","overlay-color":"","overlay-opacity":"","overlay-gradient":""},"mobile":{"background-color":"var(--ast-global-color-5)","background-image":"","background-repeat":"repeat","background-position":"center center","background-size":"auto","background-attachment":"scroll","background-type":"","background-media":"","overlay-type":"","overlay-color":"","overlay-opacity":"","overlay-gradient":""}},"footnotes":""},"categories":[7],"tags":[],"class_list":["post-5758","post","type-post","status-publish","format-standard","has-post-thumbnail","hentry","category-afa"],"post_mailing_queue_ids":[],"_links":{"self":[{"href":"https:\/\/agora.xtec.cat\/ceip-rafaelcasanova\/wp-json\/wp\/v2\/posts\/5758","targetHints":{"allow":["GET"]}}],"collection":[{"href":"https:\/\/agora.xtec.cat\/ceip-rafaelcasanova\/wp-json\/wp\/v2\/posts"}],"about":[{"href":"https:\/\/agora.xtec.cat\/ceip-rafaelcasanova\/wp-json\/wp\/v2\/types\/post"}],"author":[{"embeddable":true,"href":"https:\/\/agora.xtec.cat\/ceip-rafaelcasanova\/wp-json\/wp\/v2\/users\/1"}],"replies":[{"embeddable":true,"href":"https:\/\/agora.xtec.cat\/ceip-rafaelcasanova\/wp-json\/wp\/v2\/comments?post=5758"}],"version-history":[{"count":1,"href":"https:\/\/agora.xtec.cat\/ceip-rafaelcasanova\/wp-json\/wp\/v2\/posts\/5758\/revisions"}],"predecessor-version":[{"id":5760,"href":"https:\/\/agora.xtec.cat\/ceip-rafaelcasanova\/wp-json\/wp\/v2\/posts\/5758\/revisions\/5760"}],"wp:featuredmedia":[{"embeddable":true,"href":"https:\/\/agora.xtec.cat\/ceip-rafaelcasanova\/wp-json\/wp\/v2\/media\/5759"}],"wp:attachment":[{"href":"https:\/\/agora.xtec.cat\/ceip-rafaelcasanova\/wp-json\/wp\/v2\/media?parent=5758"}],"wp:term":[{"taxonomy":"category","embeddable":true,"href":"https:\/\/agora.xtec.cat\/ceip-rafaelcasanova\/wp-json\/wp\/v2\/categories?post=5758"},{"taxonomy":"post_tag","embeddable":true,"href":"https:\/\/agora.xtec.cat\/ceip-rafaelcasanova\/wp-json\/wp\/v2\/tags?post=5758"}],"curies":[{"name":"wp","href":"https:\/\/api.w.org\/{rel}","templated":true}]}}