{"id":5498,"date":"2022-06-12T18:51:27","date_gmt":"2022-06-12T16:51:27","guid":{"rendered":"https:\/\/agora.xtec.cat\/ceip-rafaelcasanova\/?p=5498"},"modified":"2022-06-12T18:54:19","modified_gmt":"2022-06-12T16:54:19","slug":"jornades-atletiques-a-cicle-inicial","status":"publish","type":"post","link":"https:\/\/agora.xtec.cat\/ceip-rafaelcasanova\/primaria\/1r\/jornades-atletiques-a-cicle-inicial\/","title":{"rendered":"Jornades atl\u00e8tiques a cicle inicial!"},"content":{"rendered":"<p>Aquesta setmana els nens i les nenes de Cicle Inicial hem gaudit de les tradicionals Jornades Atl\u00e8tiques.<\/p>\n<p>Vam provar les diferents disciplines de l&#8217;atletisme: des del llan\u00e7ament de disc al salt d&#8217;al\u00e7ada, passant per les tanques, la perxa i la javelina. Vam fer, incl\u00fas, curses adaptades com si f\u00f3ssim invidents!<\/p>\n<p>Ens ho vam passar d&#8217;all\u00f2 m\u00e9s b\u00e9!<\/p>\n<p><a href=\"https:\/\/photos.app.goo.gl\/X3kugMoxXGxuD1FZ9\">Us deixem algunes fotos<\/a>.<\/p>\n<p><a href=\"https:\/\/photos.app.goo.gl\/X3kugMoxXGxuD1FZ9\"><img loading=\"lazy\" decoding=\"async\" class=\"aligncenter size-full wp-image-5500\" src=\"https:\/\/agora.xtec.cat\/ceip-rafaelcasanova\/wp-content\/uploads\/usu715\/2022\/06\/WhatsApp-Image-2022-06-10-at-6.20.06-PM.jpeg\" alt=\"\" width=\"1024\" height=\"768\" srcset=\"https:\/\/agora.xtec.cat\/ceip-rafaelcasanova\/wp-content\/uploads\/usu715\/2022\/06\/WhatsApp-Image-2022-06-10-at-6.20.06-PM.jpeg 1024w, https:\/\/agora.xtec.cat\/ceip-rafaelcasanova\/wp-content\/uploads\/usu715\/2022\/06\/WhatsApp-Image-2022-06-10-at-6.20.06-PM-300x225.jpeg 300w, https:\/\/agora.xtec.cat\/ceip-rafaelcasanova\/wp-content\/uploads\/usu715\/2022\/06\/WhatsApp-Image-2022-06-10-at-6.20.06-PM-768x576.jpeg 768w, https:\/\/agora.xtec.cat\/ceip-rafaelcasanova\/wp-content\/uploads\/usu715\/2022\/06\/WhatsApp-Image-2022-06-10-at-6.20.06-PM-200x150.jpeg 200w\" sizes=\"auto, (max-width: 1024px) 100vw, 1024px\" \/><\/a> <a href=\"https:\/\/photos.app.goo.gl\/X3kugMoxXGxuD1FZ9\"><img loading=\"lazy\" decoding=\"async\" class=\"aligncenter size-large wp-image-5501\" src=\"https:\/\/agora.xtec.cat\/ceip-rafaelcasanova\/wp-content\/uploads\/usu715\/2022\/06\/WhatsApp-Image-2022-06-12-at-6.44.04-PM-1024x577.jpeg\" alt=\"\" width=\"1024\" height=\"577\" srcset=\"https:\/\/agora.xtec.cat\/ceip-rafaelcasanova\/wp-content\/uploads\/usu715\/2022\/06\/WhatsApp-Image-2022-06-12-at-6.44.04-PM-1024x577.jpeg 1024w, https:\/\/agora.xtec.cat\/ceip-rafaelcasanova\/wp-content\/uploads\/usu715\/2022\/06\/WhatsApp-Image-2022-06-12-at-6.44.04-PM-300x169.jpeg 300w, https:\/\/agora.xtec.cat\/ceip-rafaelcasanova\/wp-content\/uploads\/usu715\/2022\/06\/WhatsApp-Image-2022-06-12-at-6.44.04-PM-768x432.jpeg 768w, https:\/\/agora.xtec.cat\/ceip-rafaelcasanova\/wp-content\/uploads\/usu715\/2022\/06\/WhatsApp-Image-2022-06-12-at-6.44.04-PM-1536x865.jpeg 1536w, https:\/\/agora.xtec.cat\/ceip-rafaelcasanova\/wp-content\/uploads\/usu715\/2022\/06\/WhatsApp-Image-2022-06-12-at-6.44.04-PM.jpeg 2000w\" sizes=\"auto, (max-width: 1024px) 100vw, 1024px\" \/><\/a> <a href=\"https:\/\/photos.app.goo.gl\/X3kugMoxXGxuD1FZ9\"><img loading=\"lazy\" decoding=\"async\" class=\"aligncenter size-large wp-image-5499\" src=\"https:\/\/agora.xtec.cat\/ceip-rafaelcasanova\/wp-content\/uploads\/usu715\/2022\/06\/WhatsApp-Image-2022-06-10-at-5.35.50-PM-768x1024.jpeg\" alt=\"\" width=\"768\" height=\"1024\" srcset=\"https:\/\/agora.xtec.cat\/ceip-rafaelcasanova\/wp-content\/uploads\/usu715\/2022\/06\/WhatsApp-Image-2022-06-10-at-5.35.50-PM-768x1024.jpeg 768w, https:\/\/agora.xtec.cat\/ceip-rafaelcasanova\/wp-content\/uploads\/usu715\/2022\/06\/WhatsApp-Image-2022-06-10-at-5.35.50-PM-225x300.jpeg 225w, https:\/\/agora.xtec.cat\/ceip-rafaelcasanova\/wp-content\/uploads\/usu715\/2022\/06\/WhatsApp-Image-2022-06-10-at-5.35.50-PM-1152x1536.jpeg 1152w, https:\/\/agora.xtec.cat\/ceip-rafaelcasanova\/wp-content\/uploads\/usu715\/2022\/06\/WhatsApp-Image-2022-06-10-at-5.35.50-PM.jpeg 1200w\" sizes=\"auto, (max-width: 768px) 100vw, 768px\" \/><\/a><\/p>\n","protected":false},"excerpt":{"rendered":"<p>Aquesta setmana els nens i les nenes de Cicle Inicial hem gaudit de les tradicionals Jornades Atl\u00e8tiques.<\/p>\n","protected":false},"author":1,"featured_media":5500,"comment_status":"open","ping_status":"closed","sticky":false,"template":"","format":"standard","meta":{"_bbp_topic_count":0,"_bbp_reply_count":0,"_bbp_total_topic_count":0,"_bbp_total_reply_count":0,"_bbp_voice_count":0,"_bbp_anonymous_reply_count":0,"_bbp_topic_count_hidden":0,"_bbp_reply_count_hidden":0,"_bbp_forum_subforum_count":0,"site-sidebar-layout":"default","site-content-layout":"","ast-site-content-layout":"","site-content-style":"default","site-sidebar-style":"default","ast-global-header-display":"","ast-banner-title-visibility":"","ast-main-header-display":"","ast-hfb-above-header-display":"","ast-hfb-below-header-display":"","ast-hfb-mobile-header-display":"","site-post-title":"","ast-breadcrumbs-content":"","ast-featured-img":"","footer-sml-layout":"","theme-transparent-header-meta":"","adv-header-id-meta":"","stick-header-meta":"","header-above-stick-meta":"","header-main-stick-meta":"","header-below-stick-meta":"","astra-migrate-meta-layouts":"default","ast-page-background-enabled":"default","ast-page-background-meta":{"desktop":{"background-color":"var(--ast-global-color-4)","background-image":"","background-repeat":"repeat","background-position":"center center","background-size":"auto","background-attachment":"scroll","background-type":"","background-media":"","overlay-type":"","overlay-color":"","overlay-opacity":"","overlay-gradient":""},"tablet":{"background-color":"","background-image":"","background-repeat":"repeat","background-position":"center center","background-size":"auto","background-attachment":"scroll","background-type":"","background-media":"","overlay-type":"","overlay-color":"","overlay-opacity":"","overlay-gradient":""},"mobile":{"background-color":"","background-image":"","background-repeat":"repeat","background-position":"center center","background-size":"auto","background-attachment":"scroll","background-type":"","background-media":"","overlay-type":"","overlay-color":"","overlay-opacity":"","overlay-gradient":""}},"ast-content-background-meta":{"desktop":{"background-color":"var(--ast-global-color-5)","background-image":"","background-repeat":"repeat","background-position":"center center","background-size":"auto","background-attachment":"scroll","background-type":"","background-media":"","overlay-type":"","overlay-color":"","overlay-opacity":"","overlay-gradient":""},"tablet":{"background-color":"var(--ast-global-color-5)","background-image":"","background-repeat":"repeat","background-position":"center center","background-size":"auto","background-attachment":"scroll","background-type":"","background-media":"","overlay-type":"","overlay-color":"","overlay-opacity":"","overlay-gradient":""},"mobile":{"background-color":"var(--ast-global-color-5)","background-image":"","background-repeat":"repeat","background-position":"center center","background-size":"auto","background-attachment":"scroll","background-type":"","background-media":"","overlay-type":"","overlay-color":"","overlay-opacity":"","overlay-gradient":""}},"footnotes":""},"categories":[10,11,71],"tags":[],"class_list":["post-5498","post","type-post","status-publish","format-standard","has-post-thumbnail","hentry","category-1r","category-2n","category-mitjans"],"post_mailing_queue_ids":[],"_links":{"self":[{"href":"https:\/\/agora.xtec.cat\/ceip-rafaelcasanova\/wp-json\/wp\/v2\/posts\/5498","targetHints":{"allow":["GET"]}}],"collection":[{"href":"https:\/\/agora.xtec.cat\/ceip-rafaelcasanova\/wp-json\/wp\/v2\/posts"}],"about":[{"href":"https:\/\/agora.xtec.cat\/ceip-rafaelcasanova\/wp-json\/wp\/v2\/types\/post"}],"author":[{"embeddable":true,"href":"https:\/\/agora.xtec.cat\/ceip-rafaelcasanova\/wp-json\/wp\/v2\/users\/1"}],"replies":[{"embeddable":true,"href":"https:\/\/agora.xtec.cat\/ceip-rafaelcasanova\/wp-json\/wp\/v2\/comments?post=5498"}],"version-history":[{"count":2,"href":"https:\/\/agora.xtec.cat\/ceip-rafaelcasanova\/wp-json\/wp\/v2\/posts\/5498\/revisions"}],"predecessor-version":[{"id":5503,"href":"https:\/\/agora.xtec.cat\/ceip-rafaelcasanova\/wp-json\/wp\/v2\/posts\/5498\/revisions\/5503"}],"wp:featuredmedia":[{"embeddable":true,"href":"https:\/\/agora.xtec.cat\/ceip-rafaelcasanova\/wp-json\/wp\/v2\/media\/5500"}],"wp:attachment":[{"href":"https:\/\/agora.xtec.cat\/ceip-rafaelcasanova\/wp-json\/wp\/v2\/media?parent=5498"}],"wp:term":[{"taxonomy":"category","embeddable":true,"href":"https:\/\/agora.xtec.cat\/ceip-rafaelcasanova\/wp-json\/wp\/v2\/categories?post=5498"},{"taxonomy":"post_tag","embeddable":true,"href":"https:\/\/agora.xtec.cat\/ceip-rafaelcasanova\/wp-json\/wp\/v2\/tags?post=5498"}],"curies":[{"name":"wp","href":"https:\/\/api.w.org\/{rel}","templated":true}]}}