{"id":3596,"date":"2021-03-03T13:50:02","date_gmt":"2021-03-03T12:50:02","guid":{"rendered":"http:\/\/agora.xtec.cat\/ceip-rafaelcasanova\/?p=3596"},"modified":"2021-03-15T13:10:43","modified_gmt":"2021-03-15T12:10:43","slug":"setmana-cultural-a-educacio-infantil","status":"publish","type":"post","link":"https:\/\/agora.xtec.cat\/ceip-rafaelcasanova\/petits\/setmana-cultural-a-educacio-infantil\/","title":{"rendered":"Setmana Cultural a Educaci\u00f3 Infantil"},"content":{"rendered":"<p>Durant la setmana cultural, els nens i nenes d&#8217;infantil han fet un viatge arreu del m\u00f3n per con\u00e8ixer la \u00cdndia, M\u00e8xic, la Xina i Brasil, que van ser els 4 pa\u00efsos seleccionats al Carnaval.<\/p>\n<p>Vam poder con\u00e8ixer alguns costums i elements t\u00edpics de cada pa\u00eds, i vam gaudir molt de l&#8217;experi\u00e8ncia!<\/p>\n<p>Feu clic a la imatge per poder veure algunes de les fotos:<\/p>\n<p><a href=\"https:\/\/photos.google.com\/album\/AF1QipMAGksr9XMSYEklgqRUQ9sBL7dG5pK7k-xGuoVN\" target=\"_blank\" rel=\"noopener noreferrer\"><img loading=\"lazy\" decoding=\"async\" class=\"SzDcob aligncenter\" src=\"https:\/\/lh3.googleusercontent.com\/gh3q36Ccd_cYlCHPy6Lg5IAAjyUSYsTpE1kA8eBABpvD4TZgdo72Y8IK00QwDiReiHmlEV-ay4WIRIGOC7AaVc9ePdB7fKvI9n2WEIaRLweST0Ii11uYNlMcpxOpOHbKz9ao1cRLTxgTRYYTapOthY4muGaK0cUYAErK2dWSWjX4ReQl_di97GmKA8t2IKPj-Vi1_SHsylGPN-MMmNDwP2RdUTzQkqi3hml-8YYKaT90Iq3I3gRl3IUFUCg769cQhgJSRi9sR0bxH8zAb0tHW4CbwtjgxWYetG4deekB_io6viJ1tqYuqg0Cly5CZ6EO5E6HqViwYJChXYq0I38oIYMK5keu27BKNdKh6NtcgGgFk11hyWDkHGp_0PWsqJxpaRoX3csR-DFLdffhtE3IROVStcDfqYmYcC1URO_cNDds7O4af_oX-GsRur-x2AvqfzlMoi4iWztliu4gvyJm8Z5AJTGqi_2DcJWJmt6CK4N2YjREkUMIc3-xLO0uZmNBptxy2V2EqKrvS8OKFKBhWe1o1Ulcc0-tnOBbzH5WNPtVzPHRuQuJ8NBHyBEzUOp_4s-ZUvglc2kW0FPKkJr8bgFRAOrxLV9oQESvLONmR7ALiTLHRG55QmluEI7juIJKlHUlNQNORMtRWlrSRyO9vpSjsGsTsJrDWocCOd3ULd04iYT-TVsGXriv0PKY00CheQnL8eGsEbVvSsncpjFDYoxK=w886-h664-no?authuser=0\" width=\"391\" height=\"293\" aria-label=\"Foto: Horizontal, 26 feb 2021 17:35:00\" data-atf=\"false\" data-iml=\"1283404\" \/><\/a><\/p>\n","protected":false},"excerpt":{"rendered":"<p>Durant la setmana cultural, els nens i nenes d&#8217;infantil han fet un viatge arreu del m\u00f3n per con\u00e8ixer la \u00cdndia, M\u00e8xic, la Xina i Brasil, que van ser els 4 pa\u00efsos seleccionats al Carnaval. Vam poder con\u00e8ixer alguns costums i elements t\u00edpics de cada pa\u00eds, i vam gaudir molt de l&#8217;experi\u00e8ncia! Feu clic a la [&hellip;]<\/p>\n","protected":false},"author":1,"featured_media":3691,"comment_status":"open","ping_status":"closed","sticky":false,"template":"","format":"standard","meta":{"_bbp_topic_count":0,"_bbp_reply_count":0,"_bbp_total_topic_count":0,"_bbp_total_reply_count":0,"_bbp_voice_count":0,"_bbp_anonymous_reply_count":0,"_bbp_topic_count_hidden":0,"_bbp_reply_count_hidden":0,"_bbp_forum_subforum_count":0,"site-sidebar-layout":"default","site-content-layout":"","ast-site-content-layout":"","site-content-style":"default","site-sidebar-style":"default","ast-global-header-display":"","ast-banner-title-visibility":"","ast-main-header-display":"","ast-hfb-above-header-display":"","ast-hfb-below-header-display":"","ast-hfb-mobile-header-display":"","site-post-title":"","ast-breadcrumbs-content":"","ast-featured-img":"","footer-sml-layout":"","theme-transparent-header-meta":"","adv-header-id-meta":"","stick-header-meta":"","header-above-stick-meta":"","header-main-stick-meta":"","header-below-stick-meta":"","astra-migrate-meta-layouts":"default","ast-page-background-enabled":"default","ast-page-background-meta":{"desktop":{"background-color":"var(--ast-global-color-4)","background-image":"","background-repeat":"repeat","background-position":"center center","background-size":"auto","background-attachment":"scroll","background-type":"","background-media":"","overlay-type":"","overlay-color":"","overlay-opacity":"","overlay-gradient":""},"tablet":{"background-color":"","background-image":"","background-repeat":"repeat","background-position":"center center","background-size":"auto","background-attachment":"scroll","background-type":"","background-media":"","overlay-type":"","overlay-color":"","overlay-opacity":"","overlay-gradient":""},"mobile":{"background-color":"","background-image":"","background-repeat":"repeat","background-position":"center center","background-size":"auto","background-attachment":"scroll","background-type":"","background-media":"","overlay-type":"","overlay-color":"","overlay-opacity":"","overlay-gradient":""}},"ast-content-background-meta":{"desktop":{"background-color":"var(--ast-global-color-5)","background-image":"","background-repeat":"repeat","background-position":"center center","background-size":"auto","background-attachment":"scroll","background-type":"","background-media":"","overlay-type":"","overlay-color":"","overlay-opacity":"","overlay-gradient":""},"tablet":{"background-color":"var(--ast-global-color-5)","background-image":"","background-repeat":"repeat","background-position":"center center","background-size":"auto","background-attachment":"scroll","background-type":"","background-media":"","overlay-type":"","overlay-color":"","overlay-opacity":"","overlay-gradient":""},"mobile":{"background-color":"var(--ast-global-color-5)","background-image":"","background-repeat":"repeat","background-position":"center center","background-size":"auto","background-attachment":"scroll","background-type":"","background-media":"","overlay-type":"","overlay-color":"","overlay-opacity":"","overlay-gradient":""}},"footnotes":""},"categories":[2,3,8,9],"tags":[],"class_list":["post-3596","post","type-post","status-publish","format-standard","has-post-thumbnail","hentry","category-petits","category-i3","category-i4","category-i5"],"post_mailing_queue_ids":[],"_links":{"self":[{"href":"https:\/\/agora.xtec.cat\/ceip-rafaelcasanova\/wp-json\/wp\/v2\/posts\/3596","targetHints":{"allow":["GET"]}}],"collection":[{"href":"https:\/\/agora.xtec.cat\/ceip-rafaelcasanova\/wp-json\/wp\/v2\/posts"}],"about":[{"href":"https:\/\/agora.xtec.cat\/ceip-rafaelcasanova\/wp-json\/wp\/v2\/types\/post"}],"author":[{"embeddable":true,"href":"https:\/\/agora.xtec.cat\/ceip-rafaelcasanova\/wp-json\/wp\/v2\/users\/1"}],"replies":[{"embeddable":true,"href":"https:\/\/agora.xtec.cat\/ceip-rafaelcasanova\/wp-json\/wp\/v2\/comments?post=3596"}],"version-history":[{"count":2,"href":"https:\/\/agora.xtec.cat\/ceip-rafaelcasanova\/wp-json\/wp\/v2\/posts\/3596\/revisions"}],"predecessor-version":[{"id":3692,"href":"https:\/\/agora.xtec.cat\/ceip-rafaelcasanova\/wp-json\/wp\/v2\/posts\/3596\/revisions\/3692"}],"wp:featuredmedia":[{"embeddable":true,"href":"https:\/\/agora.xtec.cat\/ceip-rafaelcasanova\/wp-json\/wp\/v2\/media\/3691"}],"wp:attachment":[{"href":"https:\/\/agora.xtec.cat\/ceip-rafaelcasanova\/wp-json\/wp\/v2\/media?parent=3596"}],"wp:term":[{"taxonomy":"category","embeddable":true,"href":"https:\/\/agora.xtec.cat\/ceip-rafaelcasanova\/wp-json\/wp\/v2\/categories?post=3596"},{"taxonomy":"post_tag","embeddable":true,"href":"https:\/\/agora.xtec.cat\/ceip-rafaelcasanova\/wp-json\/wp\/v2\/tags?post=3596"}],"curies":[{"name":"wp","href":"https:\/\/api.w.org\/{rel}","templated":true}]}}