{"id":2962,"date":"2020-05-29T19:45:08","date_gmt":"2020-05-29T17:45:08","guid":{"rendered":"http:\/\/agora.xtec.cat\/ceip-rafaelcasanova\/?p=2962"},"modified":"2022-01-31T16:27:37","modified_gmt":"2022-01-31T15:27:37","slug":"beques-de-menjador-escolar","status":"publish","type":"post","link":"https:\/\/agora.xtec.cat\/ceip-rafaelcasanova\/general\/beques-de-menjador-escolar\/","title":{"rendered":"Beques de Menjador Escolar"},"content":{"rendered":"<p><a href=\"https:\/\/agora.xtec.cat\/ceip-rafaelcasanova\/wp-content\/uploads\/usu715\/2020\/05\/Beques-menjador-2020-2021.pdf\" target=\"_blank\" rel=\"noopener noreferrer\">Beques-menjador-2020-2021<\/a> (feu click per a m\u00e9s informaci\u00f3).<\/p>\n<p>&nbsp;<\/p>\n<p>&nbsp;<\/p>\n<p>Quin es el termini per fer la sol\u00b7licitud?<br \/>\nEl termini \u00e9s del 4 de juny al 17 de juny de 2020<br \/>\nDes dels ajuntaments es posaran en contacte amb les fam\u00edlies que no disposen de cap mitj\u00e0 electr\u00f2nic per<br \/>\ntramitar la sol\u00b7licitud. Aquest proc\u00e9s es realitzar\u00e0 entre el 18 de juny i el dia 3 de juliol.<br \/>\n-Qui pot sol\u00b7licitar l\u2019ajut?<br \/>\nPodran sol\u00b7licitar l\u2019ajut els pares, mares, tutors legals o persona encarregada de la guarda i protecci\u00f3n de<br \/>\nl\u2019alumnat d\u2019ensenyament obligatori i de segon cicle d\u2019educaci\u00f3 intantil de centres educatius sufragars amb<br \/>\nons p\u00fablics per al curs 2020-2021 de la comarca del Baix Llobregat.<br \/>\n-Documentaci\u00f3 necesari per omplir la sol\u00b7licitud.<br \/>\nPer comen\u00e7ar i registrar-te:<br \/>\n&#8211; El teu DNI \/NIE f\u00edsic ( necessites el numero NIF i una altra dada)<br \/>\n&#8211; Un correu electr\u00f2nic (si no en tens pot posar el d\u2019un familiar proper)<br \/>\nPer continuar complimentant la sol\u00b7licitud:<br \/>\n&#8211; El numero IDALU (si no el tens el pots demanar al teu centre escolar)<br \/>\n&#8211; El numero DNI\/NIE\/de tots els membres de la unitat familiar que convisquin al teu domicili<br \/>\n(pares\/mares, fills i filles i avis\/\u00e0vies)<br \/>\n&#8211; Si has rebut una subvenci\u00f3 de lloguer, l\u2019import mensual.<br \/>\n&#8211; Si tens una pensi\u00f3 d\u2019aliments, import mensual<br \/>\n-On puc demanar el n\u00famero IDALU?<br \/>\n\uf0b7 Al centre escolar on esta matriculat i\/o ha presentat la sol\u00b7licitat la preinscripci\u00f3.<br \/>\n\uf0b7 Des de la p\u00e1gina web del Departament d\u2019Educaci\u00f3 de la Generalitat de Catalunya<br \/>\nwww http:\/\/ensenyament.gencat.cat\/es\/tramits\/tramits-temes\/identificador-alumne<br \/>\n-Com fer la presentaci\u00f3n de la sol\u00b7licitud telem\u00e1tica?<br \/>\nA causa de la COVID-19 i de les mesures de confinament es realitzar\u00e0 de manera telem\u00e0tica, mitjan\u00e7ant la<br \/>\np\u00e0gina web del Consell Comarcal: www. elbaixllobregat.cat<br \/>\nPodeu tramitar-la a trav\u00e9s d\u2019un m\u00f2bil, ordinador o tauleta. Disposeu d\u2019una guia detallada en la p\u00e0gina web<br \/>\ndel Consell Comarcal, www.elbaixllobregat.cat<br \/>\nUn cop complimentada la sol\u00b7licitud i revisada amb el bot\u00f3 d\u2019enviar es finalitza el tr\u00e0mit, i rebr\u00e0s un<br \/>\nmissatge en el teu correu electr\u00f2nic amb una copia de la sol\u00b7licitud que has presentat. Haur\u00e0s de guardar<br \/>\naquest copia on consta el teu n\u00famero d\u2019expedient.<br \/>\n-No tinc mitjans electr\u00f2nics per fer la sol\u00b7licitud?<br \/>\nDigueu-li al vostre centre educatiu, si no ho saben.<br \/>\n-Es necess\u00e0ria l\u2019autoritzaci\u00f3 per a la consulta de les dades relatives a a la renda, patrimoni, seguretat<br \/>\nsocial, agencia d\u2019Habitatge de Catalunya, residencia i discapacitat?<br \/>\nSi, es necess\u00e0ri, en cas de no autoritzar s&#8217;haura de presentar tota la documentaci\u00f3 requerida per a la seva<br \/>\nvaloraci\u00f3.<br \/>\n-He de complimentar dues sol\u00b7licituds si he de demanar dues beques per dos fills o filles?<br \/>\nNo, en la mateixa sol\u00b7licitud es pot demanar l\u2019ajut de menjador dels germans\/es.<br \/>\n-Quina es lel llindar econ\u00f2mic per obtener un ajut?<br \/>\nEls ingresos dels membres de la unitat familiar, no podr\u00e1 superar la suma dels seg\u00fcents imports:<br \/>\nPrimer adult ( sustentador\/a principal): 10.981,40\u20ac (pare\/mare, tutor\/a, parella de fet&#8230;)<br \/>\nSegon adult: ( sustentador\/a principal): 5.490,80\u20ac (pare\/mare, tutor\/a, parella de fet&#8230;)<br \/>\nAltres adults que integren la unitat familiar diferents als sustentadors principals: 2.745,35\u20ac (Avi\/a &#8230;.)<br \/>\nPer cada nen\/a de la unitat familiar: 3.294,45\u20ac (germans i sol\u00b7licitant)<br \/>\n-Qui son els membres de la Unitat Familiar?<br \/>\nEs consideren membres computables per al c\u00e0lcul de la renda familiar: Els progenitors, si escau, el\/la<br \/>\ntutor\/a o persona encarregada de la guarda i protecci\u00f3 del menor, el sol\u00b7licitant, els germans solters<br \/>\nmenors de vint-i-cinc anys i que convisquin en el domicili familiar a 31 de desembre de l\u2019any utilitzat en el<br \/>\nc\u00e0lcul de la renda familiar o els de m\u00e9s edat, quan es tracti de persones amb discapacitat f\u00edsica, ps\u00edquica o<br \/>\nsensorial, aix\u00ed com els avis i avies que justifiquin la seva resid\u00e8ncia al mateix domicili que els anteriors amb<br \/>\nel certificat municipal corresponent.<br \/>\nEn cas de que alg\u00fa membre de la unitat familiar no convisqui en el domicili i estigui al volant de<br \/>\nconviv\u00e8ncia, caldr\u00e0 donar-li de baixa en el mateix.<br \/>\n-En cas de divorci o separaci\u00f3 legal el nou c\u00f2njuge es considera membre de la Unitat Familiar?<br \/>\nSi, en cas de divorci o separaci\u00f3 legal dels pares, no es considerar\u00e0 membre computable aquell que no<br \/>\nconvisqui amb el sol\u00b7licitant de la beca. No obstant aix\u00f2, tindr\u00e0 la consideraci\u00f3 de membre computable, si<br \/>\nescau, el nou c\u00f2njuge o persona unida per an\u00e0loga relaci\u00f3, la renda de la qual s\u2019inclour\u00e0 dins del c\u00f2mput de<br \/>\nla renda familiar.<br \/>\n-En cas de custodia compartida qui ha de solicitar l\u2019ajut?<br \/>\nEn casos de cust\u00f2dia compartida s\u2019ha d\u2019incloure l\u2019altre sustentador amb el\/la que es comparteix la cust\u00f2dia.<br \/>\nAix\u00ed, en aquest sup\u00f2sit es consideraran com a membres de la unitat familiar \u00fanicament els ex c\u00f2njuges i els<br \/>\nfills comuns.<br \/>\nEn el cas que nom\u00e9s ho sol\u00b7liciti un dels progenitors\/es, es podr\u00e0 valorar la renda del progenitor\/a<br \/>\nsol\u00b7licitant i nomes li correspondr\u00e0 un ajut pels dies de cust\u00f2dia que estableixi el conveni regulador.<br \/>\n-Quan es considera que una familia \u00e9s monoparental?<br \/>\nLa condici\u00f3 de familia monoparental s\u2019acredita amb el carnet corresponent vigent, expedit pel<br \/>\nDepartament de treball, Afers Socials i Families.<br \/>\n-Quan es considera que una familia nombrosa general o especial?<br \/>\nLa condici\u00f3 de familia nombrosa general o especial s\u2019acredita amb el carnet corresponent vigent, expedit<br \/>\npel Departament de treball, Afers Socials i Families.<br \/>\n-Com consultar si tinc concedit l\u2019ajut?<br \/>\nLa resoluci\u00f3 de l\u2019ajut es notifica a partir de setembre mitjan\u00e7ant la publicaci\u00f3 al tauler d\u2019edictes i anuncis<br \/>\nelectr\u00f2nics del Consell Comarcal del Baix Llobregat : www.elbaixllobregat.cat. Tamb\u00e9 podr\u00e0 consultar de<br \/>\nmanera telem\u00e0tica mitjan\u00e7ant la web, i mitjan\u00e7ant els centres escolars.<br \/>\n-Com puc presentar una reclamaci\u00f3 en contra de la resoluci\u00f3n de l\u2019ajut?<br \/>\nEs podr\u00e0 interposar amb car\u00e0cter potestatiu recurs de reposici\u00f3, davant l\u2019\u00f2rgan que l\u2019ha dictada, en un<br \/>\ntermini d\u2019un mes a comptar des del dia seg\u00fcent a la publicaci\u00f3 al tauler d\u2019edictes i anuncis electr\u00f2nics del<br \/>\nConsell Comarcal del Baix Llobregat htpps:\/\/www.elbaixllobregat.cat.<br \/>\n-Qui es pot informar o aclarar dubtes sobre la sol\u00b7licitud telem\u00e1tica?<br \/>\nEn la p\u00e1gina web del Consell Comarcal del Baix Llobregat www.elbaixllobregat.<\/p>\n<p>&nbsp;<\/p>\n","protected":false},"excerpt":{"rendered":"<p>Beques-menjador-2020-2021 (feu click per a m\u00e9s informaci\u00f3). &nbsp; &nbsp; Quin es el termini per fer la sol\u00b7licitud? El termini \u00e9s del 4 de juny al 17 de juny de 2020 Des dels ajuntaments es posaran en contacte amb les fam\u00edlies que no disposen de cap mitj\u00e0 electr\u00f2nic per tramitar la sol\u00b7licitud. Aquest proc\u00e9s es realitzar\u00e0 [&hellip;]<\/p>\n","protected":false},"author":1,"featured_media":2963,"comment_status":"open","ping_status":"closed","sticky":false,"template":"","format":"standard","meta":{"_bbp_topic_count":0,"_bbp_reply_count":0,"_bbp_total_topic_count":0,"_bbp_total_reply_count":0,"_bbp_voice_count":0,"_bbp_anonymous_reply_count":0,"_bbp_topic_count_hidden":0,"_bbp_reply_count_hidden":0,"_bbp_forum_subforum_count":0,"site-sidebar-layout":"default","site-content-layout":"","ast-site-content-layout":"","site-content-style":"default","site-sidebar-style":"default","ast-global-header-display":"","ast-banner-title-visibility":"","ast-main-header-display":"","ast-hfb-above-header-display":"","ast-hfb-below-header-display":"","ast-hfb-mobile-header-display":"","site-post-title":"","ast-breadcrumbs-content":"","ast-featured-img":"","footer-sml-layout":"","theme-transparent-header-meta":"","adv-header-id-meta":"","stick-header-meta":"","header-above-stick-meta":"","header-main-stick-meta":"","header-below-stick-meta":"","astra-migrate-meta-layouts":"default","ast-page-background-enabled":"default","ast-page-background-meta":{"desktop":{"background-color":"var(--ast-global-color-4)","background-image":"","background-repeat":"repeat","background-position":"center center","background-size":"auto","background-attachment":"scroll","background-type":"","background-media":"","overlay-type":"","overlay-color":"","overlay-opacity":"","overlay-gradient":""},"tablet":{"background-color":"","background-image":"","background-repeat":"repeat","background-position":"center center","background-size":"auto","background-attachment":"scroll","background-type":"","background-media":"","overlay-type":"","overlay-color":"","overlay-opacity":"","overlay-gradient":""},"mobile":{"background-color":"","background-image":"","background-repeat":"repeat","background-position":"center center","background-size":"auto","background-attachment":"scroll","background-type":"","background-media":"","overlay-type":"","overlay-color":"","overlay-opacity":"","overlay-gradient":""}},"ast-content-background-meta":{"desktop":{"background-color":"var(--ast-global-color-5)","background-image":"","background-repeat":"repeat","background-position":"center center","background-size":"auto","background-attachment":"scroll","background-type":"","background-media":"","overlay-type":"","overlay-color":"","overlay-opacity":"","overlay-gradient":""},"tablet":{"background-color":"var(--ast-global-color-5)","background-image":"","background-repeat":"repeat","background-position":"center center","background-size":"auto","background-attachment":"scroll","background-type":"","background-media":"","overlay-type":"","overlay-color":"","overlay-opacity":"","overlay-gradient":""},"mobile":{"background-color":"var(--ast-global-color-5)","background-image":"","background-repeat":"repeat","background-position":"center center","background-size":"auto","background-attachment":"scroll","background-type":"","background-media":"","overlay-type":"","overlay-color":"","overlay-opacity":"","overlay-gradient":""}},"footnotes":""},"categories":[1],"tags":[],"class_list":["post-2962","post","type-post","status-publish","format-standard","has-post-thumbnail","hentry","category-general"],"post_mailing_queue_ids":[],"_links":{"self":[{"href":"https:\/\/agora.xtec.cat\/ceip-rafaelcasanova\/wp-json\/wp\/v2\/posts\/2962","targetHints":{"allow":["GET"]}}],"collection":[{"href":"https:\/\/agora.xtec.cat\/ceip-rafaelcasanova\/wp-json\/wp\/v2\/posts"}],"about":[{"href":"https:\/\/agora.xtec.cat\/ceip-rafaelcasanova\/wp-json\/wp\/v2\/types\/post"}],"author":[{"embeddable":true,"href":"https:\/\/agora.xtec.cat\/ceip-rafaelcasanova\/wp-json\/wp\/v2\/users\/1"}],"replies":[{"embeddable":true,"href":"https:\/\/agora.xtec.cat\/ceip-rafaelcasanova\/wp-json\/wp\/v2\/comments?post=2962"}],"version-history":[{"count":1,"href":"https:\/\/agora.xtec.cat\/ceip-rafaelcasanova\/wp-json\/wp\/v2\/posts\/2962\/revisions"}],"predecessor-version":[{"id":2965,"href":"https:\/\/agora.xtec.cat\/ceip-rafaelcasanova\/wp-json\/wp\/v2\/posts\/2962\/revisions\/2965"}],"wp:featuredmedia":[{"embeddable":true,"href":"https:\/\/agora.xtec.cat\/ceip-rafaelcasanova\/wp-json\/wp\/v2\/media\/2963"}],"wp:attachment":[{"href":"https:\/\/agora.xtec.cat\/ceip-rafaelcasanova\/wp-json\/wp\/v2\/media?parent=2962"}],"wp:term":[{"taxonomy":"category","embeddable":true,"href":"https:\/\/agora.xtec.cat\/ceip-rafaelcasanova\/wp-json\/wp\/v2\/categories?post=2962"},{"taxonomy":"post_tag","embeddable":true,"href":"https:\/\/agora.xtec.cat\/ceip-rafaelcasanova\/wp-json\/wp\/v2\/tags?post=2962"}],"curies":[{"name":"wp","href":"https:\/\/api.w.org\/{rel}","templated":true}]}}