{"id":2944,"date":"2020-05-22T23:49:56","date_gmt":"2020-05-22T21:49:56","guid":{"rendered":"http:\/\/agora.xtec.cat\/ceip-rafaelcasanova\/?p=2944"},"modified":"2020-05-22T23:51:00","modified_gmt":"2020-05-22T21:51:00","slug":"siguem-creatius-i-creatives","status":"publish","type":"post","link":"https:\/\/agora.xtec.cat\/ceip-rafaelcasanova\/ee\/siguem-creatius-i-creatives\/","title":{"rendered":"SIGUEM CREATIUS I CREATIVES!"},"content":{"rendered":"<p>Hola,<\/p>\n<p>Espero que estigueu b\u00e9.<\/p>\n<p>Aquesta setmana us proposo que els infants deixin volar la imaginaci\u00f3 i siguin creatius\/creatives.<\/p>\n<p>&nbsp;<\/p>\n<p><a href=\"https:\/\/agora.xtec.cat\/ceip-rafaelcasanova\/wp-content\/uploads\/usu715\/2020\/05\/creativitat.jpg\"><img loading=\"lazy\" decoding=\"async\" class=\"alignnone size-full wp-image-2946\" src=\"https:\/\/agora.xtec.cat\/ceip-rafaelcasanova\/wp-content\/uploads\/usu715\/2020\/05\/creativitat.jpg\" alt=\"\" width=\"512\" height=\"464\" srcset=\"https:\/\/agora.xtec.cat\/ceip-rafaelcasanova\/wp-content\/uploads\/usu715\/2020\/05\/creativitat.jpg 512w, https:\/\/agora.xtec.cat\/ceip-rafaelcasanova\/wp-content\/uploads\/usu715\/2020\/05\/creativitat-300x272.jpg 300w\" sizes=\"auto, (max-width: 512px) 100vw, 512px\" \/><\/a><\/p>\n<p>Podeu agafar una caixa que tingueu per casa i que es posin a dins i dibuixin, escriguin o facin grafomotricitat. \u00c9s important no dirigir-los i que dibuixin, facin els que els motivi en aquesta caixa. Despr\u00e9s podeu fer fotos i tindreu un bonic record.<\/p>\n<p>Podeu veure en aquesta imatge com podria quedar:<\/p>\n<p><a href=\"https:\/\/agora.xtec.cat\/ceip-rafaelcasanova\/wp-content\/uploads\/usu715\/2020\/05\/caixa-m\u00e0gica.png\"><img loading=\"lazy\" decoding=\"async\" class=\"alignnone size-full wp-image-2945\" src=\"https:\/\/agora.xtec.cat\/ceip-rafaelcasanova\/wp-content\/uploads\/usu715\/2020\/05\/caixa-m\u00e0gica.png\" alt=\"\" width=\"339\" height=\"395\" srcset=\"https:\/\/agora.xtec.cat\/ceip-rafaelcasanova\/wp-content\/uploads\/usu715\/2020\/05\/caixa-m\u00e0gica.png 339w, https:\/\/agora.xtec.cat\/ceip-rafaelcasanova\/wp-content\/uploads\/usu715\/2020\/05\/caixa-m\u00e0gica-257x300.png 257w\" sizes=\"auto, (max-width: 339px) 100vw, 339px\" \/><\/a><\/p>\n<p>Ara us proposo una activitat on amb la mateixa caixa o una altre podeu fer dos forats i amagar objectes i els nens\/es posen les mans al forat i han d\u2019endevinar quin objecte \u00e9s. Podeu veure un exemple en aquesta imatge:<\/p>\n<p><a href=\"https:\/\/agora.xtec.cat\/ceip-rafaelcasanova\/wp-content\/uploads\/usu715\/2020\/05\/caixa-sensorial.png\"><img loading=\"lazy\" decoding=\"async\" class=\"alignnone size-full wp-image-2947\" src=\"https:\/\/agora.xtec.cat\/ceip-rafaelcasanova\/wp-content\/uploads\/usu715\/2020\/05\/caixa-sensorial.png\" alt=\"\" width=\"286\" height=\"656\" srcset=\"https:\/\/agora.xtec.cat\/ceip-rafaelcasanova\/wp-content\/uploads\/usu715\/2020\/05\/caixa-sensorial.png 286w, https:\/\/agora.xtec.cat\/ceip-rafaelcasanova\/wp-content\/uploads\/usu715\/2020\/05\/caixa-sensorial-131x300.png 131w\" sizes=\"auto, (max-width: 286px) 100vw, 286px\" \/><\/a><\/p>\n<p>Per \u00faltim us proposo que si teniu una catifa o un altre material on poder fer com v\u00e0ries estacions i on els nens\/es puguin classificar diferents peces segons la tipologia(lletres, n\u00fameros, pedretes) els podr\u00e0 ser molt \u00fatil a l&#8217;hora de fer classificacions. Us poso un exemple per agafar idees:<\/p>\n<p>&nbsp;<\/p>\n<p><a href=\"https:\/\/agora.xtec.cat\/ceip-rafaelcasanova\/wp-content\/uploads\/usu715\/2020\/05\/activitats-sensorials.png\"><img loading=\"lazy\" decoding=\"async\" class=\"alignnone size-full wp-image-2948\" src=\"https:\/\/agora.xtec.cat\/ceip-rafaelcasanova\/wp-content\/uploads\/usu715\/2020\/05\/activitats-sensorials.png\" alt=\"\" width=\"469\" height=\"588\" srcset=\"https:\/\/agora.xtec.cat\/ceip-rafaelcasanova\/wp-content\/uploads\/usu715\/2020\/05\/activitats-sensorials.png 469w, https:\/\/agora.xtec.cat\/ceip-rafaelcasanova\/wp-content\/uploads\/usu715\/2020\/05\/activitats-sensorials-239x300.png 239w\" sizes=\"auto, (max-width: 469px) 100vw, 469px\" \/><\/a><\/p>\n<p>&nbsp;<\/p>\n<p>\u00c9s important fer algunes activitats sensorials i d&#8217;experimentaci\u00f3 com aquestes ja que degut al Covid-19 els infants no tenen tantes oportunitats exteriors per manipular objectes ni anar al parc de moment a jugar amb la sorra.<\/p>\n<p>Per tant potser una bona idea fer algunes activitats sensorials on es desperti la creativitat dels nens\/es.<\/p>\n<p>Espero que us agradin. Bon cap de setmana,<\/p>\n<p>Maite Llamas<\/p>\n","protected":false},"excerpt":{"rendered":"<p>SIGUEM CREATIUS I CREATIVES!<\/p>\n","protected":false},"author":1,"featured_media":2946,"comment_status":"open","ping_status":"closed","sticky":false,"template":"","format":"standard","meta":{"_bbp_topic_count":0,"_bbp_reply_count":0,"_bbp_total_topic_count":0,"_bbp_total_reply_count":0,"_bbp_voice_count":0,"_bbp_anonymous_reply_count":0,"_bbp_topic_count_hidden":0,"_bbp_reply_count_hidden":0,"_bbp_forum_subforum_count":0,"site-sidebar-layout":"default","site-content-layout":"","ast-site-content-layout":"","site-content-style":"default","site-sidebar-style":"default","ast-global-header-display":"","ast-banner-title-visibility":"","ast-main-header-display":"","ast-hfb-above-header-display":"","ast-hfb-below-header-display":"","ast-hfb-mobile-header-display":"","site-post-title":"","ast-breadcrumbs-content":"","ast-featured-img":"","footer-sml-layout":"","theme-transparent-header-meta":"","adv-header-id-meta":"","stick-header-meta":"","header-above-stick-meta":"","header-main-stick-meta":"","header-below-stick-meta":"","astra-migrate-meta-layouts":"default","ast-page-background-enabled":"default","ast-page-background-meta":{"desktop":{"background-color":"var(--ast-global-color-4)","background-image":"","background-repeat":"repeat","background-position":"center center","background-size":"auto","background-attachment":"scroll","background-type":"","background-media":"","overlay-type":"","overlay-color":"","overlay-opacity":"","overlay-gradient":""},"tablet":{"background-color":"","background-image":"","background-repeat":"repeat","background-position":"center center","background-size":"auto","background-attachment":"scroll","background-type":"","background-media":"","overlay-type":"","overlay-color":"","overlay-opacity":"","overlay-gradient":""},"mobile":{"background-color":"","background-image":"","background-repeat":"repeat","background-position":"center center","background-size":"auto","background-attachment":"scroll","background-type":"","background-media":"","overlay-type":"","overlay-color":"","overlay-opacity":"","overlay-gradient":""}},"ast-content-background-meta":{"desktop":{"background-color":"var(--ast-global-color-5)","background-image":"","background-repeat":"repeat","background-position":"center center","background-size":"auto","background-attachment":"scroll","background-type":"","background-media":"","overlay-type":"","overlay-color":"","overlay-opacity":"","overlay-gradient":""},"tablet":{"background-color":"var(--ast-global-color-5)","background-image":"","background-repeat":"repeat","background-position":"center center","background-size":"auto","background-attachment":"scroll","background-type":"","background-media":"","overlay-type":"","overlay-color":"","overlay-opacity":"","overlay-gradient":""},"mobile":{"background-color":"var(--ast-global-color-5)","background-image":"","background-repeat":"repeat","background-position":"center center","background-size":"auto","background-attachment":"scroll","background-type":"","background-media":"","overlay-type":"","overlay-color":"","overlay-opacity":"","overlay-gradient":""}},"footnotes":""},"categories":[65],"tags":[],"class_list":["post-2944","post","type-post","status-publish","format-standard","has-post-thumbnail","hentry","category-ee"],"post_mailing_queue_ids":[],"_links":{"self":[{"href":"https:\/\/agora.xtec.cat\/ceip-rafaelcasanova\/wp-json\/wp\/v2\/posts\/2944","targetHints":{"allow":["GET"]}}],"collection":[{"href":"https:\/\/agora.xtec.cat\/ceip-rafaelcasanova\/wp-json\/wp\/v2\/posts"}],"about":[{"href":"https:\/\/agora.xtec.cat\/ceip-rafaelcasanova\/wp-json\/wp\/v2\/types\/post"}],"author":[{"embeddable":true,"href":"https:\/\/agora.xtec.cat\/ceip-rafaelcasanova\/wp-json\/wp\/v2\/users\/1"}],"replies":[{"embeddable":true,"href":"https:\/\/agora.xtec.cat\/ceip-rafaelcasanova\/wp-json\/wp\/v2\/comments?post=2944"}],"version-history":[{"count":2,"href":"https:\/\/agora.xtec.cat\/ceip-rafaelcasanova\/wp-json\/wp\/v2\/posts\/2944\/revisions"}],"predecessor-version":[{"id":2950,"href":"https:\/\/agora.xtec.cat\/ceip-rafaelcasanova\/wp-json\/wp\/v2\/posts\/2944\/revisions\/2950"}],"wp:featuredmedia":[{"embeddable":true,"href":"https:\/\/agora.xtec.cat\/ceip-rafaelcasanova\/wp-json\/wp\/v2\/media\/2946"}],"wp:attachment":[{"href":"https:\/\/agora.xtec.cat\/ceip-rafaelcasanova\/wp-json\/wp\/v2\/media?parent=2944"}],"wp:term":[{"taxonomy":"category","embeddable":true,"href":"https:\/\/agora.xtec.cat\/ceip-rafaelcasanova\/wp-json\/wp\/v2\/categories?post=2944"},{"taxonomy":"post_tag","embeddable":true,"href":"https:\/\/agora.xtec.cat\/ceip-rafaelcasanova\/wp-json\/wp\/v2\/tags?post=2944"}],"curies":[{"name":"wp","href":"https:\/\/api.w.org\/{rel}","templated":true}]}}