{"id":2928,"date":"2020-05-10T20:44:34","date_gmt":"2020-05-10T18:44:34","guid":{"rendered":"http:\/\/agora.xtec.cat\/ceip-rafaelcasanova\/?p=2928"},"modified":"2020-05-10T20:45:04","modified_gmt":"2020-05-10T18:45:04","slug":"de-que-estan-fets-els-nuvols","status":"publish","type":"post","link":"https:\/\/agora.xtec.cat\/ceip-rafaelcasanova\/ee\/de-que-estan-fets-els-nuvols\/","title":{"rendered":"DE QU\u00c8 ESTAN FETS ELS N\u00daVOLS?"},"content":{"rendered":"<p>Bona tarda,<\/p>\n<p>Us proposo una pregunta, un repte educatiu per tal de qu\u00e8 els infants es q\u00fcestionin, preguntin, cerquin la resposta amb la vostra ajuda. Cada nen i nena al seu nivell. De qu\u00e8 estan fets els n\u00favols? Per qu\u00e8 plou?<\/p>\n<p><img decoding=\"async\" src=\"https:\/\/elcaso.elnacional.cat\/uploads\/s1\/13\/42\/38\/nuvol-tempesta-pexels.jpeg\" alt=\"La Setmana Santa arrencar\u00e0 amb sol per\u00f2 tamb\u00e9 tindrem fortes ...\" \/><\/p>\n<p><img decoding=\"async\" src=\"https:\/\/lh3.googleusercontent.com\/proxy\/OLlMEtmEHzmLafqr4ec0hq7CXgItetUr5Wqrs2sj2yDij8wMY9Oo2zVrDnXo0FyBnfnBYG0JVlnVCv8RzfzdG6FP4tPNJegfU8ZputgeBxOoVzsAGe_ZENMuGLXINJ5Zut3uvNg\" alt=\"BIOLOGIA I GEOLOGIA: Els n\u00favols\" \/><\/p>\n<p>&nbsp;<\/p>\n<p>B\u00e9 que acabeu de gaudir del dia observant el temps, podeu fer el vostre dibuix, i dep\u00e8n de l&#8217;edat tamb\u00e9 podeu incorporar el vostre nom i per anar m\u00e9s enll\u00e0 els de cicle inicial podeu incorporar alguna frase del temps.<\/p>\n<p>Una salutaci\u00f3 i a veure si trobeu la resposta,<\/p>\n<p>Maite Llamas<\/p>\n","protected":false},"excerpt":{"rendered":"<p>DE QU\u00c8 ESTAN FETS ELS N\u00daVOLS?<\/p>\n","protected":false},"author":1,"featured_media":2929,"comment_status":"open","ping_status":"closed","sticky":false,"template":"","format":"standard","meta":{"_bbp_topic_count":0,"_bbp_reply_count":0,"_bbp_total_topic_count":0,"_bbp_total_reply_count":0,"_bbp_voice_count":0,"_bbp_anonymous_reply_count":0,"_bbp_topic_count_hidden":0,"_bbp_reply_count_hidden":0,"_bbp_forum_subforum_count":0,"site-sidebar-layout":"default","site-content-layout":"","ast-site-content-layout":"","site-content-style":"default","site-sidebar-style":"default","ast-global-header-display":"","ast-banner-title-visibility":"","ast-main-header-display":"","ast-hfb-above-header-display":"","ast-hfb-below-header-display":"","ast-hfb-mobile-header-display":"","site-post-title":"","ast-breadcrumbs-content":"","ast-featured-img":"","footer-sml-layout":"","theme-transparent-header-meta":"","adv-header-id-meta":"","stick-header-meta":"","header-above-stick-meta":"","header-main-stick-meta":"","header-below-stick-meta":"","astra-migrate-meta-layouts":"default","ast-page-background-enabled":"default","ast-page-background-meta":{"desktop":{"background-color":"var(--ast-global-color-4)","background-image":"","background-repeat":"repeat","background-position":"center center","background-size":"auto","background-attachment":"scroll","background-type":"","background-media":"","overlay-type":"","overlay-color":"","overlay-opacity":"","overlay-gradient":""},"tablet":{"background-color":"","background-image":"","background-repeat":"repeat","background-position":"center center","background-size":"auto","background-attachment":"scroll","background-type":"","background-media":"","overlay-type":"","overlay-color":"","overlay-opacity":"","overlay-gradient":""},"mobile":{"background-color":"","background-image":"","background-repeat":"repeat","background-position":"center center","background-size":"auto","background-attachment":"scroll","background-type":"","background-media":"","overlay-type":"","overlay-color":"","overlay-opacity":"","overlay-gradient":""}},"ast-content-background-meta":{"desktop":{"background-color":"var(--ast-global-color-5)","background-image":"","background-repeat":"repeat","background-position":"center center","background-size":"auto","background-attachment":"scroll","background-type":"","background-media":"","overlay-type":"","overlay-color":"","overlay-opacity":"","overlay-gradient":""},"tablet":{"background-color":"var(--ast-global-color-5)","background-image":"","background-repeat":"repeat","background-position":"center center","background-size":"auto","background-attachment":"scroll","background-type":"","background-media":"","overlay-type":"","overlay-color":"","overlay-opacity":"","overlay-gradient":""},"mobile":{"background-color":"var(--ast-global-color-5)","background-image":"","background-repeat":"repeat","background-position":"center center","background-size":"auto","background-attachment":"scroll","background-type":"","background-media":"","overlay-type":"","overlay-color":"","overlay-opacity":"","overlay-gradient":""}},"footnotes":""},"categories":[65],"tags":[67],"class_list":["post-2928","post","type-post","status-publish","format-standard","has-post-thumbnail","hentry","category-ee","tag-de-que-estan-fets-els-nuvols"],"post_mailing_queue_ids":[],"_links":{"self":[{"href":"https:\/\/agora.xtec.cat\/ceip-rafaelcasanova\/wp-json\/wp\/v2\/posts\/2928","targetHints":{"allow":["GET"]}}],"collection":[{"href":"https:\/\/agora.xtec.cat\/ceip-rafaelcasanova\/wp-json\/wp\/v2\/posts"}],"about":[{"href":"https:\/\/agora.xtec.cat\/ceip-rafaelcasanova\/wp-json\/wp\/v2\/types\/post"}],"author":[{"embeddable":true,"href":"https:\/\/agora.xtec.cat\/ceip-rafaelcasanova\/wp-json\/wp\/v2\/users\/1"}],"replies":[{"embeddable":true,"href":"https:\/\/agora.xtec.cat\/ceip-rafaelcasanova\/wp-json\/wp\/v2\/comments?post=2928"}],"version-history":[{"count":1,"href":"https:\/\/agora.xtec.cat\/ceip-rafaelcasanova\/wp-json\/wp\/v2\/posts\/2928\/revisions"}],"predecessor-version":[{"id":2930,"href":"https:\/\/agora.xtec.cat\/ceip-rafaelcasanova\/wp-json\/wp\/v2\/posts\/2928\/revisions\/2930"}],"wp:featuredmedia":[{"embeddable":true,"href":"https:\/\/agora.xtec.cat\/ceip-rafaelcasanova\/wp-json\/wp\/v2\/media\/2929"}],"wp:attachment":[{"href":"https:\/\/agora.xtec.cat\/ceip-rafaelcasanova\/wp-json\/wp\/v2\/media?parent=2928"}],"wp:term":[{"taxonomy":"category","embeddable":true,"href":"https:\/\/agora.xtec.cat\/ceip-rafaelcasanova\/wp-json\/wp\/v2\/categories?post=2928"},{"taxonomy":"post_tag","embeddable":true,"href":"https:\/\/agora.xtec.cat\/ceip-rafaelcasanova\/wp-json\/wp\/v2\/tags?post=2928"}],"curies":[{"name":"wp","href":"https:\/\/api.w.org\/{rel}","templated":true}]}}