{"id":2760,"date":"2020-03-19T22:34:54","date_gmt":"2020-03-19T21:34:54","guid":{"rendered":"http:\/\/agora.xtec.cat\/ceip-rafaelcasanova\/?p=2760"},"modified":"2020-03-19T22:34:54","modified_gmt":"2020-03-19T21:34:54","slug":"per-triar-i-remenar-per-nens-i-nenes-de-cicle-inicialde-1r-a-2n","status":"publish","type":"post","link":"https:\/\/agora.xtec.cat\/ceip-rafaelcasanova\/ee\/per-triar-i-remenar-per-nens-i-nenes-de-cicle-inicialde-1r-a-2n\/","title":{"rendered":"PER TRIAR I REMENAR PER NENS I NENES DE CICLE INICIAL(DE 1R A 2N)"},"content":{"rendered":"<p>Bona nit a tothom,<\/p>\n<p>Les mestres de l&#8217;atenci\u00f3 a la diversitat us hem preparat tota una s\u00e8rie de recursos perqu\u00e8 els consulteu si voleu i els feu en fam\u00edlia, s\u00f3n recursos per consultar de manera volunt\u00e0ria.<\/p>\n<p>Primer de tot recomanem molt fer lectura, llegir cada dia uns 30 minuts, d&#8217;algun conte que tingueu per casa.<\/p>\n<p><a href=\"https:\/\/agora.xtec.cat\/ceip-rafaelcasanova\/wp-content\/uploads\/usu715\/2020\/03\/Com_crear_un_ambient_lector_a_l_escola_1.jpg\"><img loading=\"lazy\" decoding=\"async\" class=\"alignnone size-full wp-image-2761\" src=\"https:\/\/agora.xtec.cat\/ceip-rafaelcasanova\/wp-content\/uploads\/usu715\/2020\/03\/Com_crear_un_ambient_lector_a_l_escola_1.jpg\" alt=\"\" width=\"550\" height=\"525\" srcset=\"https:\/\/agora.xtec.cat\/ceip-rafaelcasanova\/wp-content\/uploads\/usu715\/2020\/03\/Com_crear_un_ambient_lector_a_l_escola_1.jpg 550w, https:\/\/agora.xtec.cat\/ceip-rafaelcasanova\/wp-content\/uploads\/usu715\/2020\/03\/Com_crear_un_ambient_lector_a_l_escola_1-300x286.jpg 300w\" sizes=\"auto, (max-width: 550px) 100vw, 550px\" \/><\/a><\/p>\n<p>Com a segona activitat volunt\u00e0ria els nens i les nenes poden fer un diari amb uns quants fulls o llibreta que tingueu per casa i anar apuntant el que van fent amb dibuixos, despr\u00e9s els hi quedar\u00e0 un record bonic.<\/p>\n<p><a href=\"https:\/\/agora.xtec.cat\/ceip-rafaelcasanova\/wp-content\/uploads\/usu715\/2020\/03\/DIARI.jpg\"><img loading=\"lazy\" decoding=\"async\" class=\"alignnone wp-image-2762\" src=\"https:\/\/agora.xtec.cat\/ceip-rafaelcasanova\/wp-content\/uploads\/usu715\/2020\/03\/DIARI.jpg\" alt=\"\" width=\"462\" height=\"513\" srcset=\"https:\/\/agora.xtec.cat\/ceip-rafaelcasanova\/wp-content\/uploads\/usu715\/2020\/03\/DIARI.jpg 832w, https:\/\/agora.xtec.cat\/ceip-rafaelcasanova\/wp-content\/uploads\/usu715\/2020\/03\/DIARI-270x300.jpg 270w, https:\/\/agora.xtec.cat\/ceip-rafaelcasanova\/wp-content\/uploads\/usu715\/2020\/03\/DIARI-768x852.jpg 768w\" sizes=\"auto, (max-width: 462px) 100vw, 462px\" \/><\/a><\/p>\n<p>En tercer lloc, poden fer una mica de cal\u00b7ligrafia i jocs de lectura, us posem diverses imatges tipo que poden fer de manera volunt\u00e0ria si volen. Podeu clicar a la imatge i surt l&#8217;enlla\u00e7 on podeu trobar el material:<\/p>\n<p>&nbsp;<\/p>\n<p><a href=\"https:\/\/www.slideshare.net\/FONASS\/fitxes-de-lectura-per-1r\"><img loading=\"lazy\" decoding=\"async\" class=\"alignnone size-full wp-image-2765\" src=\"https:\/\/agora.xtec.cat\/ceip-rafaelcasanova\/wp-content\/uploads\/usu715\/2020\/03\/fitxesdelecturaper1r-140205112453-phpapp01-thumbnail-2.jpg\" alt=\"\" width=\"120\" height=\"170\" \/> Lectoescriptura<\/a><\/p>\n<p><a href=\"https:\/\/agora.xtec.cat\/ceip-rafaelcasanova\/wp-content\/uploads\/usu715\/2020\/03\/eljocdelesfrasesilaparaulaintrusa-121109130209-phpapp02-thumbnail-2.jpg\"><img loading=\"lazy\" decoding=\"async\" class=\"alignnone size-full wp-image-2763\" src=\"https:\/\/agora.xtec.cat\/ceip-rafaelcasanova\/wp-content\/uploads\/usu715\/2020\/03\/eljocdelesfrasesilaparaulaintrusa-121109130209-phpapp02-thumbnail-2.jpg\" alt=\"\" width=\"120\" height=\"170\" \/>Jocs de paraules<\/a><\/p>\n<p>Us posem tamb\u00e9 tota una s\u00e8rie de lectures amb preguntes de comprensi\u00f3 lectora per si volen anar llegint els m\u00e9s grans de cicle inicial:<\/p>\n<p><a href=\"https:\/\/agora.xtec.cat\/ceip-rafaelcasanova\/wp-content\/uploads\/usu715\/2020\/03\/lectures-comprensives-primer-cicle-primria-2-638.jpg\"><img loading=\"lazy\" decoding=\"async\" class=\"alignnone size-full wp-image-2766\" src=\"https:\/\/agora.xtec.cat\/ceip-rafaelcasanova\/wp-content\/uploads\/usu715\/2020\/03\/lectures-comprensives-primer-cicle-primria-2-638.jpg\" alt=\"\" width=\"638\" height=\"451\" srcset=\"https:\/\/agora.xtec.cat\/ceip-rafaelcasanova\/wp-content\/uploads\/usu715\/2020\/03\/lectures-comprensives-primer-cicle-primria-2-638.jpg 638w, https:\/\/agora.xtec.cat\/ceip-rafaelcasanova\/wp-content\/uploads\/usu715\/2020\/03\/lectures-comprensives-primer-cicle-primria-2-638-300x212.jpg 300w\" sizes=\"auto, (max-width: 638px) 100vw, 638px\" \/><\/a><\/p>\n<p><a href=\"https:\/\/agora.xtec.cat\/ceip-rafaelcasanova\/wp-content\/uploads\/usu715\/2020\/03\/lectures-comprensives-primer-cicle-primria-3-638.jpg\"><img loading=\"lazy\" decoding=\"async\" class=\"alignnone size-full wp-image-2768\" src=\"https:\/\/agora.xtec.cat\/ceip-rafaelcasanova\/wp-content\/uploads\/usu715\/2020\/03\/lectures-comprensives-primer-cicle-primria-3-638.jpg\" alt=\"\" width=\"638\" height=\"451\" srcset=\"https:\/\/agora.xtec.cat\/ceip-rafaelcasanova\/wp-content\/uploads\/usu715\/2020\/03\/lectures-comprensives-primer-cicle-primria-3-638.jpg 638w, https:\/\/agora.xtec.cat\/ceip-rafaelcasanova\/wp-content\/uploads\/usu715\/2020\/03\/lectures-comprensives-primer-cicle-primria-3-638-300x212.jpg 300w\" sizes=\"auto, (max-width: 638px) 100vw, 638px\" \/><\/a><\/p>\n<p><a href=\"https:\/\/agora.xtec.cat\/ceip-rafaelcasanova\/wp-content\/uploads\/usu715\/2020\/03\/lectures-comprensives-primer-cicle-primria-5-638.jpg\"><img loading=\"lazy\" decoding=\"async\" class=\"alignnone size-full wp-image-2769\" src=\"https:\/\/agora.xtec.cat\/ceip-rafaelcasanova\/wp-content\/uploads\/usu715\/2020\/03\/lectures-comprensives-primer-cicle-primria-5-638.jpg\" alt=\"\" width=\"638\" height=\"451\" srcset=\"https:\/\/agora.xtec.cat\/ceip-rafaelcasanova\/wp-content\/uploads\/usu715\/2020\/03\/lectures-comprensives-primer-cicle-primria-5-638.jpg 638w, https:\/\/agora.xtec.cat\/ceip-rafaelcasanova\/wp-content\/uploads\/usu715\/2020\/03\/lectures-comprensives-primer-cicle-primria-5-638-300x212.jpg 300w\" sizes=\"auto, (max-width: 638px) 100vw, 638px\" \/><\/a><\/p>\n<p><a href=\"https:\/\/agora.xtec.cat\/ceip-rafaelcasanova\/wp-content\/uploads\/usu715\/2020\/03\/lectures-comprensives-primer-cicle-primria-7-638.jpg\"><img loading=\"lazy\" decoding=\"async\" class=\"alignnone size-full wp-image-2771\" src=\"https:\/\/agora.xtec.cat\/ceip-rafaelcasanova\/wp-content\/uploads\/usu715\/2020\/03\/lectures-comprensives-primer-cicle-primria-7-638.jpg\" alt=\"\" width=\"638\" height=\"451\" srcset=\"https:\/\/agora.xtec.cat\/ceip-rafaelcasanova\/wp-content\/uploads\/usu715\/2020\/03\/lectures-comprensives-primer-cicle-primria-7-638.jpg 638w, https:\/\/agora.xtec.cat\/ceip-rafaelcasanova\/wp-content\/uploads\/usu715\/2020\/03\/lectures-comprensives-primer-cicle-primria-7-638-300x212.jpg 300w\" sizes=\"auto, (max-width: 638px) 100vw, 638px\" \/><\/a><\/p>\n<p>Tamb\u00e9 us proposem de preparar algunes receptes volunt\u00e0ries, primer llegint alguns models i despr\u00e9s fent que ells i elles creien les seves:<\/p>\n<p><a href=\"https:\/\/agora.xtec.cat\/ceip-rafaelcasanova\/wp-content\/uploads\/usu715\/2020\/03\/Imagen2-700x509.png\"><img loading=\"lazy\" decoding=\"async\" class=\"alignnone size-full wp-image-2774\" src=\"https:\/\/agora.xtec.cat\/ceip-rafaelcasanova\/wp-content\/uploads\/usu715\/2020\/03\/Imagen2-700x509.png\" alt=\"\" width=\"700\" height=\"509\" srcset=\"https:\/\/agora.xtec.cat\/ceip-rafaelcasanova\/wp-content\/uploads\/usu715\/2020\/03\/Imagen2-700x509.png 700w, https:\/\/agora.xtec.cat\/ceip-rafaelcasanova\/wp-content\/uploads\/usu715\/2020\/03\/Imagen2-700x509-300x218.png 300w\" sizes=\"auto, (max-width: 700px) 100vw, 700px\" \/><\/a><\/p>\n<p><a href=\"https:\/\/agora.xtec.cat\/ceip-rafaelcasanova\/wp-content\/uploads\/usu715\/2020\/03\/cuinar-sense-foc-3-728.jpg\"><img loading=\"lazy\" decoding=\"async\" class=\"alignnone size-full wp-image-2775\" src=\"https:\/\/agora.xtec.cat\/ceip-rafaelcasanova\/wp-content\/uploads\/usu715\/2020\/03\/cuinar-sense-foc-3-728.jpg\" alt=\"\" width=\"728\" height=\"546\" srcset=\"https:\/\/agora.xtec.cat\/ceip-rafaelcasanova\/wp-content\/uploads\/usu715\/2020\/03\/cuinar-sense-foc-3-728.jpg 728w, https:\/\/agora.xtec.cat\/ceip-rafaelcasanova\/wp-content\/uploads\/usu715\/2020\/03\/cuinar-sense-foc-3-728-300x225.jpg 300w, https:\/\/agora.xtec.cat\/ceip-rafaelcasanova\/wp-content\/uploads\/usu715\/2020\/03\/cuinar-sense-foc-3-728-200x150.jpg 200w\" sizes=\"auto, (max-width: 728px) 100vw, 728px\" \/><\/a><\/p>\n<p><a href=\"https:\/\/agora.xtec.cat\/ceip-rafaelcasanova\/wp-content\/uploads\/usu715\/2020\/03\/RECEPTA-1-700x587.png\"><img loading=\"lazy\" decoding=\"async\" class=\"alignnone size-full wp-image-2776\" src=\"https:\/\/agora.xtec.cat\/ceip-rafaelcasanova\/wp-content\/uploads\/usu715\/2020\/03\/RECEPTA-1-700x587.png\" alt=\"\" width=\"700\" height=\"587\" srcset=\"https:\/\/agora.xtec.cat\/ceip-rafaelcasanova\/wp-content\/uploads\/usu715\/2020\/03\/RECEPTA-1-700x587.png 700w, https:\/\/agora.xtec.cat\/ceip-rafaelcasanova\/wp-content\/uploads\/usu715\/2020\/03\/RECEPTA-1-700x587-300x252.png 300w\" sizes=\"auto, (max-width: 700px) 100vw, 700px\" \/><\/a><\/p>\n<p><a href=\"https:\/\/agora.xtec.cat\/ceip-rafaelcasanova\/wp-content\/uploads\/usu715\/2020\/03\/la-cuina-per-nens-es-tota-una-diversio-els-dies-que-sesta-a-casa.jpg\"><img loading=\"lazy\" decoding=\"async\" class=\"alignnone size-full wp-image-2777\" src=\"https:\/\/agora.xtec.cat\/ceip-rafaelcasanova\/wp-content\/uploads\/usu715\/2020\/03\/la-cuina-per-nens-es-tota-una-diversio-els-dies-que-sesta-a-casa.jpg\" alt=\"\" width=\"300\" height=\"184\" \/><\/a><\/p>\n<p>Tamb\u00e9 podeu continuar els dijous amb el dia de la fruita, per tal de seguir fent rutines i h\u00e0bits saludables des de casa, aqui us mostrem idees que podeu fer en fam\u00edlia per tal de fer noves creacions per menjar la fruita,esperem que us agradin.<\/p>\n<p><a href=\"https:\/\/agora.xtec.cat\/ceip-rafaelcasanova\/wp-content\/uploads\/usu715\/2020\/03\/Receptes-de-fruita-per-a-nens-vitamines-de-fruita-al-plat06.jpg\"><img loading=\"lazy\" decoding=\"async\" class=\"alignnone size-full wp-image-2778\" src=\"https:\/\/agora.xtec.cat\/ceip-rafaelcasanova\/wp-content\/uploads\/usu715\/2020\/03\/Receptes-de-fruita-per-a-nens-vitamines-de-fruita-al-plat06.jpg\" alt=\"\" width=\"750\" height=\"750\" srcset=\"https:\/\/agora.xtec.cat\/ceip-rafaelcasanova\/wp-content\/uploads\/usu715\/2020\/03\/Receptes-de-fruita-per-a-nens-vitamines-de-fruita-al-plat06.jpg 750w, https:\/\/agora.xtec.cat\/ceip-rafaelcasanova\/wp-content\/uploads\/usu715\/2020\/03\/Receptes-de-fruita-per-a-nens-vitamines-de-fruita-al-plat06-150x150.jpg 150w, https:\/\/agora.xtec.cat\/ceip-rafaelcasanova\/wp-content\/uploads\/usu715\/2020\/03\/Receptes-de-fruita-per-a-nens-vitamines-de-fruita-al-plat06-300x300.jpg 300w\" sizes=\"auto, (max-width: 750px) 100vw, 750px\" \/><\/a><\/p>\n<p>&nbsp;<\/p>\n<p>&nbsp;<\/p>\n<p>Tamb\u00e9 us posem alguns fitxes de c\u00e0lcul per si voleu repasar a m\u00e9s a m\u00e9s, hi ha de diferents nivells, trieu el vostre:<\/p>\n<p><a href=\"https:\/\/agora.xtec.cat\/ceip-rafaelcasanova\/wp-content\/uploads\/usu715\/2020\/03\/45f4bc19d381c2aa5bfdbdc12e54c652.jpg\"><img loading=\"lazy\" decoding=\"async\" class=\"alignnone size-large wp-image-2779\" src=\"https:\/\/agora.xtec.cat\/ceip-rafaelcasanova\/wp-content\/uploads\/usu715\/2020\/03\/45f4bc19d381c2aa5bfdbdc12e54c652-724x1024.jpg\" alt=\"\" width=\"724\" height=\"1024\" srcset=\"https:\/\/agora.xtec.cat\/ceip-rafaelcasanova\/wp-content\/uploads\/usu715\/2020\/03\/45f4bc19d381c2aa5bfdbdc12e54c652-724x1024.jpg 724w, https:\/\/agora.xtec.cat\/ceip-rafaelcasanova\/wp-content\/uploads\/usu715\/2020\/03\/45f4bc19d381c2aa5bfdbdc12e54c652-212x300.jpg 212w, https:\/\/agora.xtec.cat\/ceip-rafaelcasanova\/wp-content\/uploads\/usu715\/2020\/03\/45f4bc19d381c2aa5bfdbdc12e54c652-768x1086.jpg 768w, https:\/\/agora.xtec.cat\/ceip-rafaelcasanova\/wp-content\/uploads\/usu715\/2020\/03\/45f4bc19d381c2aa5bfdbdc12e54c652.jpg 1131w\" sizes=\"auto, (max-width: 724px) 100vw, 724px\" \/><\/a><\/p>\n<p><a href=\"https:\/\/agora.xtec.cat\/ceip-rafaelcasanova\/wp-content\/uploads\/usu715\/2020\/03\/684219_1413812557.jpg\"><img loading=\"lazy\" decoding=\"async\" class=\"alignnone size-large wp-image-2780\" src=\"https:\/\/agora.xtec.cat\/ceip-rafaelcasanova\/wp-content\/uploads\/usu715\/2020\/03\/684219_1413812557-1024x744.jpg\" alt=\"\" width=\"1024\" height=\"744\" srcset=\"https:\/\/agora.xtec.cat\/ceip-rafaelcasanova\/wp-content\/uploads\/usu715\/2020\/03\/684219_1413812557-1024x744.jpg 1024w, https:\/\/agora.xtec.cat\/ceip-rafaelcasanova\/wp-content\/uploads\/usu715\/2020\/03\/684219_1413812557-300x218.jpg 300w, https:\/\/agora.xtec.cat\/ceip-rafaelcasanova\/wp-content\/uploads\/usu715\/2020\/03\/684219_1413812557-768x558.jpg 768w, https:\/\/agora.xtec.cat\/ceip-rafaelcasanova\/wp-content\/uploads\/usu715\/2020\/03\/684219_1413812557.jpg 1600w\" sizes=\"auto, (max-width: 1024px) 100vw, 1024px\" \/><\/a><\/p>\n<p><a href=\"https:\/\/agora.xtec.cat\/ceip-rafaelcasanova\/wp-content\/uploads\/usu715\/2020\/03\/b4c8a821f1d24ff782863c2a4db525a7.jpg\"><img loading=\"lazy\" decoding=\"async\" class=\"alignnone size-large wp-image-2781\" src=\"https:\/\/agora.xtec.cat\/ceip-rafaelcasanova\/wp-content\/uploads\/usu715\/2020\/03\/b4c8a821f1d24ff782863c2a4db525a7-711x1024.jpg\" alt=\"\" width=\"711\" height=\"1024\" srcset=\"https:\/\/agora.xtec.cat\/ceip-rafaelcasanova\/wp-content\/uploads\/usu715\/2020\/03\/b4c8a821f1d24ff782863c2a4db525a7-711x1024.jpg 711w, https:\/\/agora.xtec.cat\/ceip-rafaelcasanova\/wp-content\/uploads\/usu715\/2020\/03\/b4c8a821f1d24ff782863c2a4db525a7-208x300.jpg 208w, https:\/\/agora.xtec.cat\/ceip-rafaelcasanova\/wp-content\/uploads\/usu715\/2020\/03\/b4c8a821f1d24ff782863c2a4db525a7-768x1106.jpg 768w, https:\/\/agora.xtec.cat\/ceip-rafaelcasanova\/wp-content\/uploads\/usu715\/2020\/03\/b4c8a821f1d24ff782863c2a4db525a7.jpg 1111w\" sizes=\"auto, (max-width: 711px) 100vw, 711px\" \/><\/a><\/p>\n<p><a href=\"https:\/\/agora.xtec.cat\/ceip-rafaelcasanova\/wp-content\/uploads\/usu715\/2020\/03\/nmeros-a-la-carta-1r-18-728.jpg\"><img loading=\"lazy\" decoding=\"async\" class=\"alignnone size-full wp-image-2782\" src=\"https:\/\/agora.xtec.cat\/ceip-rafaelcasanova\/wp-content\/uploads\/usu715\/2020\/03\/nmeros-a-la-carta-1r-18-728.jpg\" alt=\"\" width=\"728\" height=\"905\" srcset=\"https:\/\/agora.xtec.cat\/ceip-rafaelcasanova\/wp-content\/uploads\/usu715\/2020\/03\/nmeros-a-la-carta-1r-18-728.jpg 728w, https:\/\/agora.xtec.cat\/ceip-rafaelcasanova\/wp-content\/uploads\/usu715\/2020\/03\/nmeros-a-la-carta-1r-18-728-241x300.jpg 241w\" sizes=\"auto, (max-width: 728px) 100vw, 728px\" \/><\/a><\/p>\n<p><a href=\"https:\/\/agora.xtec.cat\/ceip-rafaelcasanova\/wp-content\/uploads\/usu715\/2020\/03\/fitxa-21-sumes-portant.png\"><img loading=\"lazy\" decoding=\"async\" class=\"alignnone size-full wp-image-2783\" src=\"https:\/\/agora.xtec.cat\/ceip-rafaelcasanova\/wp-content\/uploads\/usu715\/2020\/03\/fitxa-21-sumes-portant.png\" alt=\"\" width=\"642\" height=\"785\" srcset=\"https:\/\/agora.xtec.cat\/ceip-rafaelcasanova\/wp-content\/uploads\/usu715\/2020\/03\/fitxa-21-sumes-portant.png 642w, https:\/\/agora.xtec.cat\/ceip-rafaelcasanova\/wp-content\/uploads\/usu715\/2020\/03\/fitxa-21-sumes-portant-245x300.png 245w\" sizes=\"auto, (max-width: 642px) 100vw, 642px\" \/><\/a><\/p>\n<p><a href=\"https:\/\/agora.xtec.cat\/ceip-rafaelcasanova\/wp-content\/uploads\/usu715\/2020\/03\/sumes-fins-al-5-1-638.jpg\"><img loading=\"lazy\" decoding=\"async\" class=\"alignnone size-full wp-image-2784\" src=\"https:\/\/agora.xtec.cat\/ceip-rafaelcasanova\/wp-content\/uploads\/usu715\/2020\/03\/sumes-fins-al-5-1-638.jpg\" alt=\"\" width=\"638\" height=\"903\" srcset=\"https:\/\/agora.xtec.cat\/ceip-rafaelcasanova\/wp-content\/uploads\/usu715\/2020\/03\/sumes-fins-al-5-1-638.jpg 638w, https:\/\/agora.xtec.cat\/ceip-rafaelcasanova\/wp-content\/uploads\/usu715\/2020\/03\/sumes-fins-al-5-1-638-212x300.jpg 212w\" sizes=\"auto, (max-width: 638px) 100vw, 638px\" \/><\/a><\/p>\n<p><a href=\"https:\/\/agora.xtec.cat\/ceip-rafaelcasanova\/wp-content\/uploads\/usu715\/2020\/03\/nmeros-a-la-carta-santillana-5-728.jpg\"><img loading=\"lazy\" decoding=\"async\" class=\"alignnone size-large wp-image-2785\" src=\"https:\/\/agora.xtec.cat\/ceip-rafaelcasanova\/wp-content\/uploads\/usu715\/2020\/03\/nmeros-a-la-carta-santillana-5-728.jpg\" alt=\"\" width=\"729\" height=\"905\" srcset=\"https:\/\/agora.xtec.cat\/ceip-rafaelcasanova\/wp-content\/uploads\/usu715\/2020\/03\/nmeros-a-la-carta-santillana-5-728.jpg 729w, https:\/\/agora.xtec.cat\/ceip-rafaelcasanova\/wp-content\/uploads\/usu715\/2020\/03\/nmeros-a-la-carta-santillana-5-728-242x300.jpg 242w\" sizes=\"auto, (max-width: 729px) 100vw, 729px\" \/><\/a><\/p>\n<p>Us animem a que aneu apuntant el dia que fa:<\/p>\n<p>&nbsp;<\/p>\n<p><a href=\"https:\/\/agora.xtec.cat\/ceip-rafaelcasanova\/wp-content\/uploads\/usu715\/2020\/03\/temps.jpg\"><img loading=\"lazy\" decoding=\"async\" class=\"alignnone size-large wp-image-2786\" src=\"https:\/\/agora.xtec.cat\/ceip-rafaelcasanova\/wp-content\/uploads\/usu715\/2020\/03\/temps-724x1024.jpg\" alt=\"\" width=\"724\" height=\"1024\" srcset=\"https:\/\/agora.xtec.cat\/ceip-rafaelcasanova\/wp-content\/uploads\/usu715\/2020\/03\/temps-724x1024.jpg 724w, https:\/\/agora.xtec.cat\/ceip-rafaelcasanova\/wp-content\/uploads\/usu715\/2020\/03\/temps-212x300.jpg 212w, https:\/\/agora.xtec.cat\/ceip-rafaelcasanova\/wp-content\/uploads\/usu715\/2020\/03\/temps-768x1086.jpg 768w, https:\/\/agora.xtec.cat\/ceip-rafaelcasanova\/wp-content\/uploads\/usu715\/2020\/03\/temps.jpg 1132w\" sizes=\"auto, (max-width: 724px) 100vw, 724px\" \/><\/a><\/p>\n<p>Aix\u00ed com tamb\u00e9 us deixem tota una s\u00e8rie d&#8217;enlla\u00e7os web perqu\u00e8 els consulteu si voleu jugar a trav\u00e9s de les TAC:<\/p>\n<p><a href=\"http:\/\/www.edu365.cat\/primaria\/catala\/index.html\">http:\/\/www.edu365.cat\/primaria\/catala\/index.html<\/a><\/p>\n<p><a href=\"http:\/\/math.cilenia.com\/ca\">http:\/\/math.cilenia.com\/ca<\/a><\/p>\n<p><a href=\"http:\/\/www.retomates.es\/\">http:\/\/www.retomates.es\/<\/a><\/p>\n<p>B\u00e9 esperem que us agradin aquests recursos de m\u00e9s a m\u00e9s, trieu i remeneu, nosaltres seguirem fent material per l&#8217;alumnat per la tornada.<\/p>\n<p>Una abra\u00e7ada,<\/p>\n<p>Anna Cutrina i Maite Llamas<\/p>\n<p><a href=\"https:\/\/agora.xtec.cat\/ceip-rafaelcasanova\/wp-content\/uploads\/usu715\/2020\/03\/educaci\u00f3-especial.png\"><img loading=\"lazy\" decoding=\"async\" class=\"alignnone size-full wp-image-2787\" src=\"https:\/\/agora.xtec.cat\/ceip-rafaelcasanova\/wp-content\/uploads\/usu715\/2020\/03\/educaci\u00f3-especial.png\" alt=\"\" width=\"480\" height=\"451\" srcset=\"https:\/\/agora.xtec.cat\/ceip-rafaelcasanova\/wp-content\/uploads\/usu715\/2020\/03\/educaci\u00f3-especial.png 480w, https:\/\/agora.xtec.cat\/ceip-rafaelcasanova\/wp-content\/uploads\/usu715\/2020\/03\/educaci\u00f3-especial-300x282.png 300w\" sizes=\"auto, (max-width: 480px) 100vw, 480px\" \/><\/a><\/p>\n<p><a href=\"https:\/\/agora.xtec.cat\/ceip-rafaelcasanova\/wp-content\/uploads\/usu715\/2020\/03\/sense-ale.jpg\"><img loading=\"lazy\" decoding=\"async\" class=\"alignnone size-full wp-image-2788\" src=\"https:\/\/agora.xtec.cat\/ceip-rafaelcasanova\/wp-content\/uploads\/usu715\/2020\/03\/sense-ale.jpg\" alt=\"\" width=\"236\" height=\"423\" srcset=\"https:\/\/agora.xtec.cat\/ceip-rafaelcasanova\/wp-content\/uploads\/usu715\/2020\/03\/sense-ale.jpg 236w, https:\/\/agora.xtec.cat\/ceip-rafaelcasanova\/wp-content\/uploads\/usu715\/2020\/03\/sense-ale-167x300.jpg 167w\" sizes=\"auto, (max-width: 236px) 100vw, 236px\" \/><\/a><\/p>\n","protected":false},"excerpt":{"rendered":"<p>Bona nit a tothom, Les mestres de l&#8217;atenci\u00f3 a la diversitat us hem preparat tota una s\u00e8rie de recursos perqu\u00e8 els consulteu si voleu i els feu en fam\u00edlia, s\u00f3n recursos per consultar de manera volunt\u00e0ria. Primer de tot recomanem molt fer lectura, llegir cada dia uns 30 minuts, d&#8217;algun conte que tingueu per casa. [&hellip;]<\/p>\n","protected":false},"author":1,"featured_media":0,"comment_status":"open","ping_status":"closed","sticky":false,"template":"","format":"standard","meta":{"_bbp_topic_count":0,"_bbp_reply_count":0,"_bbp_total_topic_count":0,"_bbp_total_reply_count":0,"_bbp_voice_count":0,"_bbp_anonymous_reply_count":0,"_bbp_topic_count_hidden":0,"_bbp_reply_count_hidden":0,"_bbp_forum_subforum_count":0,"site-sidebar-layout":"default","site-content-layout":"","ast-site-content-layout":"","site-content-style":"default","site-sidebar-style":"default","ast-global-header-display":"","ast-banner-title-visibility":"","ast-main-header-display":"","ast-hfb-above-header-display":"","ast-hfb-below-header-display":"","ast-hfb-mobile-header-display":"","site-post-title":"","ast-breadcrumbs-content":"","ast-featured-img":"","footer-sml-layout":"","theme-transparent-header-meta":"","adv-header-id-meta":"","stick-header-meta":"","header-above-stick-meta":"","header-main-stick-meta":"","header-below-stick-meta":"","astra-migrate-meta-layouts":"default","ast-page-background-enabled":"default","ast-page-background-meta":{"desktop":{"background-color":"var(--ast-global-color-4)","background-image":"","background-repeat":"repeat","background-position":"center center","background-size":"auto","background-attachment":"scroll","background-type":"","background-media":"","overlay-type":"","overlay-color":"","overlay-opacity":"","overlay-gradient":""},"tablet":{"background-color":"","background-image":"","background-repeat":"repeat","background-position":"center center","background-size":"auto","background-attachment":"scroll","background-type":"","background-media":"","overlay-type":"","overlay-color":"","overlay-opacity":"","overlay-gradient":""},"mobile":{"background-color":"","background-image":"","background-repeat":"repeat","background-position":"center center","background-size":"auto","background-attachment":"scroll","background-type":"","background-media":"","overlay-type":"","overlay-color":"","overlay-opacity":"","overlay-gradient":""}},"ast-content-background-meta":{"desktop":{"background-color":"var(--ast-global-color-5)","background-image":"","background-repeat":"repeat","background-position":"center center","background-size":"auto","background-attachment":"scroll","background-type":"","background-media":"","overlay-type":"","overlay-color":"","overlay-opacity":"","overlay-gradient":""},"tablet":{"background-color":"var(--ast-global-color-5)","background-image":"","background-repeat":"repeat","background-position":"center center","background-size":"auto","background-attachment":"scroll","background-type":"","background-media":"","overlay-type":"","overlay-color":"","overlay-opacity":"","overlay-gradient":""},"mobile":{"background-color":"var(--ast-global-color-5)","background-image":"","background-repeat":"repeat","background-position":"center center","background-size":"auto","background-attachment":"scroll","background-type":"","background-media":"","overlay-type":"","overlay-color":"","overlay-opacity":"","overlay-gradient":""}},"footnotes":""},"categories":[65],"tags":[],"class_list":["post-2760","post","type-post","status-publish","format-standard","hentry","category-ee"],"post_mailing_queue_ids":[],"_links":{"self":[{"href":"https:\/\/agora.xtec.cat\/ceip-rafaelcasanova\/wp-json\/wp\/v2\/posts\/2760","targetHints":{"allow":["GET"]}}],"collection":[{"href":"https:\/\/agora.xtec.cat\/ceip-rafaelcasanova\/wp-json\/wp\/v2\/posts"}],"about":[{"href":"https:\/\/agora.xtec.cat\/ceip-rafaelcasanova\/wp-json\/wp\/v2\/types\/post"}],"author":[{"embeddable":true,"href":"https:\/\/agora.xtec.cat\/ceip-rafaelcasanova\/wp-json\/wp\/v2\/users\/1"}],"replies":[{"embeddable":true,"href":"https:\/\/agora.xtec.cat\/ceip-rafaelcasanova\/wp-json\/wp\/v2\/comments?post=2760"}],"version-history":[{"count":2,"href":"https:\/\/agora.xtec.cat\/ceip-rafaelcasanova\/wp-json\/wp\/v2\/posts\/2760\/revisions"}],"predecessor-version":[{"id":2790,"href":"https:\/\/agora.xtec.cat\/ceip-rafaelcasanova\/wp-json\/wp\/v2\/posts\/2760\/revisions\/2790"}],"wp:attachment":[{"href":"https:\/\/agora.xtec.cat\/ceip-rafaelcasanova\/wp-json\/wp\/v2\/media?parent=2760"}],"wp:term":[{"taxonomy":"category","embeddable":true,"href":"https:\/\/agora.xtec.cat\/ceip-rafaelcasanova\/wp-json\/wp\/v2\/categories?post=2760"},{"taxonomy":"post_tag","embeddable":true,"href":"https:\/\/agora.xtec.cat\/ceip-rafaelcasanova\/wp-json\/wp\/v2\/tags?post=2760"}],"curies":[{"name":"wp","href":"https:\/\/api.w.org\/{rel}","templated":true}]}}