{"id":12968,"date":"2026-04-27T13:20:02","date_gmt":"2026-04-27T11:20:02","guid":{"rendered":"https:\/\/agora.xtec.cat\/ceip-quatrevents\/?p=12968"},"modified":"2026-04-27T13:20:37","modified_gmt":"2026-04-27T11:20:37","slug":"ambients-2","status":"publish","type":"post","link":"https:\/\/agora.xtec.cat\/ceip-quatrevents\/general\/ambients-2\/","title":{"rendered":"AMBIENTS"},"content":{"rendered":"\n<p>Aquest curs hem tornat a viure una experi\u00e8ncia molt especial als ambients d\u2019Infantil. Un any m\u00e9s, podem dir que ha estat tot un \u00e8xit!<\/p>\n\n\n\n<p>Cada dijous a la tarda, els nens i nenes d\u2019Infantil s\u2019han barrejat per compartir estones de joc, descoberta i aprenentatge en diferents ambients preparats amb molta cura. Aquesta organitzaci\u00f3 ens ha perm\u00e8s fomentar la relaci\u00f3 entre infants de diferents edats, afavorint la cooperaci\u00f3, l\u2019autonomia i el respecte mutu.<\/p>\n\n\n\n<p>Els ambients han estat espais vius, plens de propostes engrescadores que han despertat la curiositat i la creativitat dels infants. A trav\u00e9s del joc lliure i l\u2019experimentaci\u00f3, han pogut explorar, investigar i construir coneixement al seu ritme, sempre acompanyats per l\u2019equip docent.<\/p>\n\n\n\n<p>Ha estat un plaer veure com gaudien, compartien i creixien plegats. Agra\u00efm la implicaci\u00f3 de tots els infants i mestres que han fet possible, un cop m\u00e9s, aquesta experi\u00e8ncia tan enriquidora. Ja tenim ganes de repetir-la el proper curs!<\/p>\n\n\n\n<p class=\"has-text-align-center\"><strong><a href=\"https:\/\/photos.app.goo.gl\/wRSEEp3e43QJSrbG8\">\u00c0LBUM DE FOTOS<\/a><\/strong><\/p>\n","protected":false},"excerpt":{"rendered":"<p>Aquest curs hem tornat a viure una experi\u00e8ncia molt especial als ambients d\u2019Infantil. Un any m\u00e9s, podem dir que ha estat tot un \u00e8xit! Cada dijous a la tarda, els nens i nenes d\u2019Infantil s\u2019han barrejat per compartir estones de joc, descoberta i aprenentatge en diferents ambients preparats amb molta cura. Aquesta organitzaci\u00f3 ens ha [&hellip;]<\/p>\n","protected":false},"author":101,"featured_media":0,"comment_status":"open","ping_status":"open","sticky":false,"template":"","format":"standard","meta":{"_bbp_topic_count":0,"_bbp_reply_count":0,"_bbp_total_topic_count":0,"_bbp_total_reply_count":0,"_bbp_voice_count":0,"_bbp_anonymous_reply_count":0,"_bbp_topic_count_hidden":0,"_bbp_reply_count_hidden":0,"_bbp_forum_subforum_count":0,"site-sidebar-layout":"default","site-content-layout":"","ast-site-content-layout":"default","site-content-style":"default","site-sidebar-style":"default","ast-global-header-display":"","ast-banner-title-visibility":"","ast-main-header-display":"","ast-hfb-above-header-display":"","ast-hfb-below-header-display":"","ast-hfb-mobile-header-display":"","site-post-title":"","ast-breadcrumbs-content":"","ast-featured-img":"","footer-sml-layout":"","theme-transparent-header-meta":"","adv-header-id-meta":"","stick-header-meta":"","header-above-stick-meta":"","header-main-stick-meta":"","header-below-stick-meta":"","astra-migrate-meta-layouts":"set","ast-page-background-enabled":"default","ast-page-background-meta":{"desktop":{"background-color":"var(--ast-global-color-4)","background-image":"","background-repeat":"repeat","background-position":"center center","background-size":"auto","background-attachment":"scroll","background-type":"","background-media":"","overlay-type":"","overlay-color":"","overlay-opacity":"","overlay-gradient":""},"tablet":{"background-color":"","background-image":"","background-repeat":"repeat","background-position":"center center","background-size":"auto","background-attachment":"scroll","background-type":"","background-media":"","overlay-type":"","overlay-color":"","overlay-opacity":"","overlay-gradient":""},"mobile":{"background-color":"","background-image":"","background-repeat":"repeat","background-position":"center center","background-size":"auto","background-attachment":"scroll","background-type":"","background-media":"","overlay-type":"","overlay-color":"","overlay-opacity":"","overlay-gradient":""}},"ast-content-background-meta":{"desktop":{"background-color":"var(--ast-global-color-5)","background-image":"","background-repeat":"repeat","background-position":"center center","background-size":"auto","background-attachment":"scroll","background-type":"","background-media":"","overlay-type":"","overlay-color":"","overlay-opacity":"","overlay-gradient":""},"tablet":{"background-color":"var(--ast-global-color-5)","background-image":"","background-repeat":"repeat","background-position":"center center","background-size":"auto","background-attachment":"scroll","background-type":"","background-media":"","overlay-type":"","overlay-color":"","overlay-opacity":"","overlay-gradient":""},"mobile":{"background-color":"var(--ast-global-color-5)","background-image":"","background-repeat":"repeat","background-position":"center center","background-size":"auto","background-attachment":"scroll","background-type":"","background-media":"","overlay-type":"","overlay-color":"","overlay-opacity":"","overlay-gradient":""}},"footnotes":""},"categories":[1,3,8,9,2],"tags":[301],"class_list":["post-12968","post","type-post","status-publish","format-standard","hentry","category-general","category-i3","category-i4","category-i5","category-infantil","tag-curs-2025-2026"],"post_mailing_queue_ids":[],"_links":{"self":[{"href":"https:\/\/agora.xtec.cat\/ceip-quatrevents\/wp-json\/wp\/v2\/posts\/12968","targetHints":{"allow":["GET"]}}],"collection":[{"href":"https:\/\/agora.xtec.cat\/ceip-quatrevents\/wp-json\/wp\/v2\/posts"}],"about":[{"href":"https:\/\/agora.xtec.cat\/ceip-quatrevents\/wp-json\/wp\/v2\/types\/post"}],"author":[{"embeddable":true,"href":"https:\/\/agora.xtec.cat\/ceip-quatrevents\/wp-json\/wp\/v2\/users\/101"}],"replies":[{"embeddable":true,"href":"https:\/\/agora.xtec.cat\/ceip-quatrevents\/wp-json\/wp\/v2\/comments?post=12968"}],"version-history":[{"count":1,"href":"https:\/\/agora.xtec.cat\/ceip-quatrevents\/wp-json\/wp\/v2\/posts\/12968\/revisions"}],"predecessor-version":[{"id":12969,"href":"https:\/\/agora.xtec.cat\/ceip-quatrevents\/wp-json\/wp\/v2\/posts\/12968\/revisions\/12969"}],"wp:attachment":[{"href":"https:\/\/agora.xtec.cat\/ceip-quatrevents\/wp-json\/wp\/v2\/media?parent=12968"}],"wp:term":[{"taxonomy":"category","embeddable":true,"href":"https:\/\/agora.xtec.cat\/ceip-quatrevents\/wp-json\/wp\/v2\/categories?post=12968"},{"taxonomy":"post_tag","embeddable":true,"href":"https:\/\/agora.xtec.cat\/ceip-quatrevents\/wp-json\/wp\/v2\/tags?post=12968"}],"curies":[{"name":"wp","href":"https:\/\/api.w.org\/{rel}","templated":true}]}}