{"id":428,"date":"2012-05-17T16:33:24","date_gmt":"2012-05-17T16:33:24","guid":{"rendered":"http:\/\/escolapuigventos.cat\/?p=428"},"modified":"2012-05-17T16:33:24","modified_gmt":"2012-05-17T16:33:24","slug":"diada-de-la-musica-jornades-culturals-2012","status":"publish","type":"post","link":"https:\/\/agora.xtec.cat\/ceip-puigventos\/general\/diada-de-la-musica-jornades-culturals-2012\/","title":{"rendered":"DIADA DE LA M\u00daSICA &#8211; Jornades Culturals 2012-"},"content":{"rendered":"<p>Aqu\u00ed us deixem un v\u00eddeo amb un recull d&#8217;imatges del Dia de la m\u00fasica de les Jornades Culturals d&#8217;aquest any.<\/p>\n<p>Desitgem que us agradi!<\/p>\n<p>&nbsp;<\/p>\n<p><a title=\"DIA DE LA M\u00daSICA\" href=\"https:\/\/picasaweb.google.com\/106199254976737625419\/DiaDeLaMusica#slideshow\/5743764427146495138\" target=\"_blank\" rel=\"noopener\"><img loading=\"lazy\" decoding=\"async\" class=\"aligncenter size-medium wp-image-429\" title=\"musica_j\" src=\"https:\/\/agora.xtec.cat\/ceip-puigventos\/wp-content\/uploads\/usu2368\/2012\/05\/musica_j-300x225.jpg\" alt=\"\" width=\"300\" height=\"225\" srcset=\"https:\/\/agora.xtec.cat\/ceip-puigventos\/wp-content\/uploads\/usu2368\/2012\/05\/musica_j-300x225.jpg 300w, https:\/\/agora.xtec.cat\/ceip-puigventos\/wp-content\/uploads\/usu2368\/2012\/05\/musica_j-200x150.jpg 200w, https:\/\/agora.xtec.cat\/ceip-puigventos\/wp-content\/uploads\/usu2368\/2012\/05\/musica_j.jpg 460w\" sizes=\"auto, (max-width: 300px) 100vw, 300px\" \/><\/a><\/p>\n","protected":false},"excerpt":{"rendered":"<p>Aqu\u00ed us deixem un v\u00eddeo amb un recull d&#8217;imatges del Dia de la m\u00fasica de les Jornades Culturals d&#8217;aquest any.<br \/>\nDesitgem que us agradi!<br \/>\n&nbsp;<br \/>\n<a title=\"DIA DE LA M\u00daSICA\" href=\"https:\/\/picasaweb.google.com\/106199254976737625419\/DiaDeLaMusica#slideshow\/5743764427146495138\" target=\"_blank\" rel=\"noopener\"><\/a><\/p>\n","protected":false},"author":5,"featured_media":0,"comment_status":"closed","ping_status":"closed","sticky":false,"template":"","format":"standard","meta":{"_bbp_topic_count":0,"_bbp_reply_count":0,"_bbp_total_topic_count":0,"_bbp_total_reply_count":0,"_bbp_voice_count":0,"_bbp_anonymous_reply_count":0,"_bbp_topic_count_hidden":0,"_bbp_reply_count_hidden":0,"_bbp_forum_subforum_count":0,"footnotes":""},"categories":[1],"tags":[],"class_list":["post-428","post","type-post","status-publish","format-standard","hentry","category-general"],"post_mailing_queue_ids":[],"_links":{"self":[{"href":"https:\/\/agora.xtec.cat\/ceip-puigventos\/wp-json\/wp\/v2\/posts\/428","targetHints":{"allow":["GET"]}}],"collection":[{"href":"https:\/\/agora.xtec.cat\/ceip-puigventos\/wp-json\/wp\/v2\/posts"}],"about":[{"href":"https:\/\/agora.xtec.cat\/ceip-puigventos\/wp-json\/wp\/v2\/types\/post"}],"author":[{"embeddable":true,"href":"https:\/\/agora.xtec.cat\/ceip-puigventos\/wp-json\/wp\/v2\/users\/5"}],"replies":[{"embeddable":true,"href":"https:\/\/agora.xtec.cat\/ceip-puigventos\/wp-json\/wp\/v2\/comments?post=428"}],"version-history":[{"count":0,"href":"https:\/\/agora.xtec.cat\/ceip-puigventos\/wp-json\/wp\/v2\/posts\/428\/revisions"}],"wp:attachment":[{"href":"https:\/\/agora.xtec.cat\/ceip-puigventos\/wp-json\/wp\/v2\/media?parent=428"}],"wp:term":[{"taxonomy":"category","embeddable":true,"href":"https:\/\/agora.xtec.cat\/ceip-puigventos\/wp-json\/wp\/v2\/categories?post=428"},{"taxonomy":"post_tag","embeddable":true,"href":"https:\/\/agora.xtec.cat\/ceip-puigventos\/wp-json\/wp\/v2\/tags?post=428"}],"curies":[{"name":"wp","href":"https:\/\/api.w.org\/{rel}","templated":true}]}}