{"id":2405,"date":"2014-04-10T13:41:39","date_gmt":"2014-04-10T13:41:39","guid":{"rendered":"http:\/\/escolapuigventos.cat\/?p=2405"},"modified":"2014-04-10T13:41:39","modified_gmt":"2014-04-10T13:41:39","slug":"ambient-cos-i-moviment-de-cicle-mitja-del-segon-trimestre","status":"publish","type":"post","link":"https:\/\/agora.xtec.cat\/ceip-puigventos\/general\/ambient-cos-i-moviment-de-cicle-mitja-del-segon-trimestre\/","title":{"rendered":"AMBIENT COS I MOVIMENT DE CICLE MITJ\u00c0 DEL SEGON TRIMESTRE"},"content":{"rendered":"<p>Durant aquest segon trimestre els nens i les nenes que hem realitzat\u00a0 l\u2019ambient \u201cCos i moviment\u201d del Cicle Mitj\u00e0, hem realitzat jocs tradicionals, activitats d\u2019expressi\u00f3 corporal, jocs pre-esportius\u00a0 i jocs cooperatius.<\/p>\n<p>Com a grup hem assolit l\u2019objectiu principal de l\u2019ambient que \u00e9s utilitzar el cos de diferents formes per gaudir i expressar-nos. I sempre tot cooperant a l\u2019hora de fer les propostes de jocs i activitats. Cada sessi\u00f3 la inici\u00e0vem fent una trobada on acord\u00e0vem el qu\u00e8 far\u00edem. A m\u00e9s, el respecte tant els\/les companys\/es, al material i a les normes del joc ha estat un treball que hem fet excel\u00b7lentment. J\u00a1<\/p>\n<p>Com es veu en les seg\u00fcents fotografies, hem treballat molt i molt b\u00e9!<\/p>\n<p>&nbsp;<\/p>\n<p><a href=\"http:\/\/escolapuigventos.cat\/wp-content\/uploads\/IMG_4330.jpg\"><img loading=\"lazy\" decoding=\"async\" class=\"alignleft size-thumbnail wp-image-2406\" title=\"IMG_4330\" src=\"http:\/\/escolapuigventos.cat\/wp-content\/uploads\/IMG_4330-150x150.jpg\" alt=\"\" width=\"150\" height=\"150\" \/><\/a><a href=\"http:\/\/escolapuigventos.cat\/wp-content\/uploads\/IMG_4552.jpg\"><img loading=\"lazy\" decoding=\"async\" class=\"alignleft size-thumbnail wp-image-2407\" title=\"IMG_4552\" src=\"http:\/\/escolapuigventos.cat\/wp-content\/uploads\/IMG_4552-150x150.jpg\" alt=\"\" width=\"150\" height=\"150\" \/><\/a><a href=\"http:\/\/escolapuigventos.cat\/wp-content\/uploads\/IMG_5209.jpg\"><img loading=\"lazy\" decoding=\"async\" class=\"alignleft size-thumbnail wp-image-2408\" title=\"IMG_5209\" src=\"http:\/\/escolapuigventos.cat\/wp-content\/uploads\/IMG_5209-150x150.jpg\" alt=\"\" width=\"150\" height=\"150\" \/><\/a><\/p>\n","protected":false},"excerpt":{"rendered":"<p>Durant aquest segon trimestre els nens i les nenes que hem realitzat\u00a0 l\u2019ambient \u201cCos i moviment\u201d del Cicle Mitj\u00e0, hem realitzat jocs tradicionals, activitats d\u2019expressi\u00f3 corporal, jocs pre-esportius\u00a0 i jocs cooperatius.<br \/>\nCom a grup hem assolit l\u2019objectiu principal de l\u2019ambient que \u00e9s utilitzar el cos de&hellip;  <a href=\"https:\/\/agora.xtec.cat\/ceip-puigventos\/general\/ambient-cos-i-moviment-de-cicle-mitja-del-segon-trimestre\/\" title=\"Read AMBIENT COS I MOVIMENT DE CICLE MITJ\u00c0 DEL SEGON TRIMESTRE\">Llegeix m\u00e9s\u00bb<\/a><\/p>\n","protected":false},"author":5,"featured_media":0,"comment_status":"closed","ping_status":"open","sticky":false,"template":"","format":"standard","meta":{"_bbp_topic_count":0,"_bbp_reply_count":0,"_bbp_total_topic_count":0,"_bbp_total_reply_count":0,"_bbp_voice_count":0,"_bbp_anonymous_reply_count":0,"_bbp_topic_count_hidden":0,"_bbp_reply_count_hidden":0,"_bbp_forum_subforum_count":0,"footnotes":""},"categories":[1],"tags":[],"class_list":["post-2405","post","type-post","status-publish","format-standard","hentry","category-general"],"post_mailing_queue_ids":[],"_links":{"self":[{"href":"https:\/\/agora.xtec.cat\/ceip-puigventos\/wp-json\/wp\/v2\/posts\/2405","targetHints":{"allow":["GET"]}}],"collection":[{"href":"https:\/\/agora.xtec.cat\/ceip-puigventos\/wp-json\/wp\/v2\/posts"}],"about":[{"href":"https:\/\/agora.xtec.cat\/ceip-puigventos\/wp-json\/wp\/v2\/types\/post"}],"author":[{"embeddable":true,"href":"https:\/\/agora.xtec.cat\/ceip-puigventos\/wp-json\/wp\/v2\/users\/5"}],"replies":[{"embeddable":true,"href":"https:\/\/agora.xtec.cat\/ceip-puigventos\/wp-json\/wp\/v2\/comments?post=2405"}],"version-history":[{"count":0,"href":"https:\/\/agora.xtec.cat\/ceip-puigventos\/wp-json\/wp\/v2\/posts\/2405\/revisions"}],"wp:attachment":[{"href":"https:\/\/agora.xtec.cat\/ceip-puigventos\/wp-json\/wp\/v2\/media?parent=2405"}],"wp:term":[{"taxonomy":"category","embeddable":true,"href":"https:\/\/agora.xtec.cat\/ceip-puigventos\/wp-json\/wp\/v2\/categories?post=2405"},{"taxonomy":"post_tag","embeddable":true,"href":"https:\/\/agora.xtec.cat\/ceip-puigventos\/wp-json\/wp\/v2\/tags?post=2405"}],"curies":[{"name":"wp","href":"https:\/\/api.w.org\/{rel}","templated":true}]}}