{"id":7795,"date":"2021-02-25T21:24:59","date_gmt":"2021-02-25T20:24:59","guid":{"rendered":"http:\/\/agora.xtec.cat\/ceip-puigberenguer\/?p=7795"},"modified":"2021-02-25T21:24:59","modified_gmt":"2021-02-25T20:24:59","slug":"projecte-compartit-de-geologia-a-6e","status":"publish","type":"post","link":"https:\/\/agora.xtec.cat\/ceip-puigberenguer\/00portada\/projecte-compartit-de-geologia-a-6e\/","title":{"rendered":"PROJECTE COMPARTIT DE GEOLOGIA A 6\u00e8"},"content":{"rendered":"<p>Els i les alumnes de 6\u00e8 hem comen\u00e7at un projecte compartit anomenat \u201cLa geologia ens envolta?\u201d organitzat pel Camp d\u2019Aprenentatge del Bages.<\/p>\n<p>Hem iniciat aquest projecte amb un joc de pistes pel pati de l&#8217;escola on ens hem introdu\u00eft en el coneixement dels diferents tipus de roques experimentant i esbrinant algunes circumst\u00e0ncies de la seva formaci\u00f3.<\/p>\n<p>Durant aquest recorregut, hem anat recopilant diferents pistes que ens han condu\u00eft a la descoberta d&#8217;una capsa, la qual contenia diferents materials geol\u00f2gics i tres reptes que hem acceptat amb molt d\u2019entusiasme.<\/p>\n<p>Ens espera un projecte d\u2019all\u00f2 m\u00e9s interessant!<\/p>\n<p><a href=\"https:\/\/photos.app.goo.gl\/DHhefAqMDhzzyq5a6\"><img loading=\"lazy\" decoding=\"async\" class=\"aligncenter wp-image-7796\" src=\"https:\/\/agora.xtec.cat\/ceip-puigberenguer\/wp-content\/uploads\/usu1000\/2021\/02\/PORTADA.png\" alt=\"\" width=\"618\" height=\"433\" srcset=\"https:\/\/agora.xtec.cat\/ceip-puigberenguer\/wp-content\/uploads\/usu1000\/2021\/02\/PORTADA.png 1073w, https:\/\/agora.xtec.cat\/ceip-puigberenguer\/wp-content\/uploads\/usu1000\/2021\/02\/PORTADA-300x210.png 300w, https:\/\/agora.xtec.cat\/ceip-puigberenguer\/wp-content\/uploads\/usu1000\/2021\/02\/PORTADA-768x538.png 768w, https:\/\/agora.xtec.cat\/ceip-puigberenguer\/wp-content\/uploads\/usu1000\/2021\/02\/PORTADA-1024x718.png 1024w\" sizes=\"auto, (max-width: 618px) 100vw, 618px\" \/><\/a><\/p>\n<p>Aprendrem conjuntament amb altres nens i nenes de la comarca:<\/p>\n<h3 style=\"text-align: center;\">#projectescompartitscdabages<\/h3>\n<p>&nbsp;<\/p>\n<p>&nbsp;<\/p>\n","protected":false},"excerpt":{"rendered":"<p>Els i les alumnes de 6\u00e8 hem comen\u00e7at un projecte compartit anomenat \u201cLa geologia ens envolta?\u201d organitzat pel Camp d\u2019Aprenentatge del Bages. Hem iniciat aquest projecte amb un joc de pistes pel pati de l&#8217;escola on ens hem introdu\u00eft en el coneixement dels diferents tipus de roques experimentant i esbrinant algunes circumst\u00e0ncies de la seva [&hellip;]<\/p>\n","protected":false},"author":1,"featured_media":0,"comment_status":"open","ping_status":"closed","sticky":false,"template":"","format":"standard","meta":{"_bbp_topic_count":0,"_bbp_reply_count":0,"_bbp_total_topic_count":0,"_bbp_total_reply_count":0,"_bbp_voice_count":0,"_bbp_anonymous_reply_count":0,"_bbp_topic_count_hidden":0,"_bbp_reply_count_hidden":0,"_bbp_forum_subforum_count":0,"site-sidebar-layout":"default","site-content-layout":"","ast-site-content-layout":"","site-content-style":"default","site-sidebar-style":"default","ast-global-header-display":"","ast-banner-title-visibility":"","ast-main-header-display":"","ast-hfb-above-header-display":"","ast-hfb-below-header-display":"","ast-hfb-mobile-header-display":"","site-post-title":"","ast-breadcrumbs-content":"","ast-featured-img":"","footer-sml-layout":"","theme-transparent-header-meta":"","adv-header-id-meta":"","stick-header-meta":"","header-above-stick-meta":"","header-main-stick-meta":"","header-below-stick-meta":"","astra-migrate-meta-layouts":"default","ast-page-background-enabled":"default","ast-page-background-meta":{"desktop":{"background-color":"var(--ast-global-color-4)","background-image":"","background-repeat":"repeat","background-position":"center center","background-size":"auto","background-attachment":"scroll","background-type":"","background-media":"","overlay-type":"","overlay-color":"","overlay-opacity":"","overlay-gradient":""},"tablet":{"background-color":"","background-image":"","background-repeat":"repeat","background-position":"center center","background-size":"auto","background-attachment":"scroll","background-type":"","background-media":"","overlay-type":"","overlay-color":"","overlay-opacity":"","overlay-gradient":""},"mobile":{"background-color":"","background-image":"","background-repeat":"repeat","background-position":"center center","background-size":"auto","background-attachment":"scroll","background-type":"","background-media":"","overlay-type":"","overlay-color":"","overlay-opacity":"","overlay-gradient":""}},"ast-content-background-meta":{"desktop":{"background-color":"var(--ast-global-color-5)","background-image":"","background-repeat":"repeat","background-position":"center center","background-size":"auto","background-attachment":"scroll","background-type":"","background-media":"","overlay-type":"","overlay-color":"","overlay-opacity":"","overlay-gradient":""},"tablet":{"background-color":"var(--ast-global-color-5)","background-image":"","background-repeat":"repeat","background-position":"center center","background-size":"auto","background-attachment":"scroll","background-type":"","background-media":"","overlay-type":"","overlay-color":"","overlay-opacity":"","overlay-gradient":""},"mobile":{"background-color":"var(--ast-global-color-5)","background-image":"","background-repeat":"repeat","background-position":"center center","background-size":"auto","background-attachment":"scroll","background-type":"","background-media":"","overlay-type":"","overlay-color":"","overlay-opacity":"","overlay-gradient":""}},"footnotes":""},"categories":[206,1],"tags":[223],"class_list":["post-7795","post","type-post","status-publish","format-standard","hentry","category-curs-20-21","category-00portada","tag-projectescompartitscdabages"],"post_mailing_queue_ids":[],"_links":{"self":[{"href":"https:\/\/agora.xtec.cat\/ceip-puigberenguer\/wp-json\/wp\/v2\/posts\/7795","targetHints":{"allow":["GET"]}}],"collection":[{"href":"https:\/\/agora.xtec.cat\/ceip-puigberenguer\/wp-json\/wp\/v2\/posts"}],"about":[{"href":"https:\/\/agora.xtec.cat\/ceip-puigberenguer\/wp-json\/wp\/v2\/types\/post"}],"author":[{"embeddable":true,"href":"https:\/\/agora.xtec.cat\/ceip-puigberenguer\/wp-json\/wp\/v2\/users\/1"}],"replies":[{"embeddable":true,"href":"https:\/\/agora.xtec.cat\/ceip-puigberenguer\/wp-json\/wp\/v2\/comments?post=7795"}],"version-history":[{"count":2,"href":"https:\/\/agora.xtec.cat\/ceip-puigberenguer\/wp-json\/wp\/v2\/posts\/7795\/revisions"}],"predecessor-version":[{"id":7823,"href":"https:\/\/agora.xtec.cat\/ceip-puigberenguer\/wp-json\/wp\/v2\/posts\/7795\/revisions\/7823"}],"wp:attachment":[{"href":"https:\/\/agora.xtec.cat\/ceip-puigberenguer\/wp-json\/wp\/v2\/media?parent=7795"}],"wp:term":[{"taxonomy":"category","embeddable":true,"href":"https:\/\/agora.xtec.cat\/ceip-puigberenguer\/wp-json\/wp\/v2\/categories?post=7795"},{"taxonomy":"post_tag","embeddable":true,"href":"https:\/\/agora.xtec.cat\/ceip-puigberenguer\/wp-json\/wp\/v2\/tags?post=7795"}],"curies":[{"name":"wp","href":"https:\/\/api.w.org\/{rel}","templated":true}]}}