{"id":7552,"date":"2020-12-17T12:55:09","date_gmt":"2020-12-17T11:55:09","guid":{"rendered":"http:\/\/agora.xtec.cat\/ceip-puigberenguer\/?p=7552"},"modified":"2021-01-12T13:06:46","modified_gmt":"2021-01-12T12:06:46","slug":"descobrim-les-comunitats-autonomes","status":"publish","type":"post","link":"https:\/\/agora.xtec.cat\/ceip-puigberenguer\/00portada\/descobrim-les-comunitats-autonomes\/","title":{"rendered":"DESCOBRIM LES COMUNITATS AUT\u00d2NOMES"},"content":{"rendered":"<p>Aquest final de trimestre els alumnes de sis\u00e8 hem estat treballant les comunitats d&#8217;Espanya. Hem apr\u00e8s v\u00e0ries coses de cadascuna d&#8217;elles, com per exemple les seves prov\u00edncies, les festes tradicionals, els menjars t\u00edpics, persones famoses i moltes coses m\u00e9s. Hem fet unes maletes xul\u00edssimes com podeu veure a les seg\u00fcents fotografies.<br \/>\nPer altra banda ens hem endinsat viatjant per les comunitats, hem organitzat unes escapades de 5 dies per fer durant la setmana santa.<br \/>\nJa tenim uns experts en organitzar escapes aix\u00ed que fam\u00edlies quan vulgueu fer-n&#8217;hi una podeu delegar la preparaci\u00f3 als vostres fills.<\/p>\n<p>Bones festes a tothom!<\/p>\n<p><a href=\"https:\/\/agora.xtec.cat\/ceip-puigberenguer\/wp-content\/uploads\/usu1000\/2020\/12\/maletes.png\"><img loading=\"lazy\" decoding=\"async\" class=\"aligncenter wp-image-7553\" src=\"https:\/\/agora.xtec.cat\/ceip-puigberenguer\/wp-content\/uploads\/usu1000\/2020\/12\/maletes.png\" alt=\"\" width=\"1323\" height=\"260\" srcset=\"https:\/\/agora.xtec.cat\/ceip-puigberenguer\/wp-content\/uploads\/usu1000\/2020\/12\/maletes.png 1514w, https:\/\/agora.xtec.cat\/ceip-puigberenguer\/wp-content\/uploads\/usu1000\/2020\/12\/maletes-300x59.png 300w, https:\/\/agora.xtec.cat\/ceip-puigberenguer\/wp-content\/uploads\/usu1000\/2020\/12\/maletes-768x151.png 768w, https:\/\/agora.xtec.cat\/ceip-puigberenguer\/wp-content\/uploads\/usu1000\/2020\/12\/maletes-1024x201.png 1024w\" sizes=\"auto, (max-width: 1323px) 100vw, 1323px\" \/><\/a><\/p>\n","protected":false},"excerpt":{"rendered":"<p>Aquest final de trimestre els alumnes de sis\u00e8 hem estat treballant les comunitats d&#8217;Espanya. Hem apr\u00e8s v\u00e0ries coses de cadascuna d&#8217;elles, com per exemple les seves prov\u00edncies, les festes tradicionals, els menjars t\u00edpics, persones famoses i moltes coses m\u00e9s. Hem fet unes maletes xul\u00edssimes com&hellip;  <a href=\"https:\/\/agora.xtec.cat\/ceip-puigberenguer\/00portada\/descobrim-les-comunitats-autonomes\/\" title=\"Read DESCOBRIM LES COMUNITATS AUT\u00d2NOMES\">Llegeix m\u00e9s\u00bb<\/a><\/p>\n","protected":false},"author":1,"featured_media":0,"comment_status":"open","ping_status":"closed","sticky":false,"template":"","format":"standard","meta":{"_bbp_topic_count":0,"_bbp_reply_count":0,"_bbp_total_topic_count":0,"_bbp_total_reply_count":0,"_bbp_voice_count":0,"_bbp_anonymous_reply_count":0,"_bbp_topic_count_hidden":0,"_bbp_reply_count_hidden":0,"_bbp_forum_subforum_count":0,"footnotes":""},"categories":[206,1],"tags":[],"class_list":["post-7552","post","type-post","status-publish","format-standard","hentry","category-curs-20-21","category-00portada"],"post_mailing_queue_ids":[],"_links":{"self":[{"href":"https:\/\/agora.xtec.cat\/ceip-puigberenguer\/wp-json\/wp\/v2\/posts\/7552","targetHints":{"allow":["GET"]}}],"collection":[{"href":"https:\/\/agora.xtec.cat\/ceip-puigberenguer\/wp-json\/wp\/v2\/posts"}],"about":[{"href":"https:\/\/agora.xtec.cat\/ceip-puigberenguer\/wp-json\/wp\/v2\/types\/post"}],"author":[{"embeddable":true,"href":"https:\/\/agora.xtec.cat\/ceip-puigberenguer\/wp-json\/wp\/v2\/users\/1"}],"replies":[{"embeddable":true,"href":"https:\/\/agora.xtec.cat\/ceip-puigberenguer\/wp-json\/wp\/v2\/comments?post=7552"}],"version-history":[{"count":1,"href":"https:\/\/agora.xtec.cat\/ceip-puigberenguer\/wp-json\/wp\/v2\/posts\/7552\/revisions"}],"predecessor-version":[{"id":7554,"href":"https:\/\/agora.xtec.cat\/ceip-puigberenguer\/wp-json\/wp\/v2\/posts\/7552\/revisions\/7554"}],"wp:attachment":[{"href":"https:\/\/agora.xtec.cat\/ceip-puigberenguer\/wp-json\/wp\/v2\/media?parent=7552"}],"wp:term":[{"taxonomy":"category","embeddable":true,"href":"https:\/\/agora.xtec.cat\/ceip-puigberenguer\/wp-json\/wp\/v2\/categories?post=7552"},{"taxonomy":"post_tag","embeddable":true,"href":"https:\/\/agora.xtec.cat\/ceip-puigberenguer\/wp-json\/wp\/v2\/tags?post=7552"}],"curies":[{"name":"wp","href":"https:\/\/api.w.org\/{rel}","templated":true}]}}