{"id":7534,"date":"2020-12-15T17:00:31","date_gmt":"2020-12-15T16:00:31","guid":{"rendered":"http:\/\/agora.xtec.cat\/ceip-puigberenguer\/?p=7534"},"modified":"2021-01-12T13:07:42","modified_gmt":"2021-01-12T12:07:42","slug":"recomanacions-de-la-biblioteca-2","status":"publish","type":"post","link":"https:\/\/agora.xtec.cat\/ceip-puigberenguer\/00portada\/recomanacions-de-la-biblioteca-2\/","title":{"rendered":"RECOMANACIONS DE LA BIBLIOTECA"},"content":{"rendered":"<blockquote><p>Quan arriba Nadal, des de la Biblioteca de l&#8217;Escola Puigberenguer us animem i convidem a demanar llibres com a regal per aquestes dates. Enguany, us fem arribar una colla de novetats, com a recomanaci\u00f3, per\u00f2 si visiteu les biblioteques i llibreries, encara en coneixereu m\u00e9s.<\/p>\n<p>Les trobareu ordenades per edats, esperem que us serveixin i us engresquin! Aprofitem per desitjar-vos unes bones festes i una bona lectura.<\/p>\n<p><a href=\"https:\/\/agora.xtec.cat\/ceip-puigberenguer\/wp-content\/uploads\/usu1000\/2020\/12\/ALGUNES-NOVETATS-PER-A-NENES-I-NENS-FINS-ELS-6-ANYS.pdf\">ALGUNES NOVETATS PER A NENES I NENS FINS ELS 6 ANYS<\/a><\/p>\n<p><a href=\"https:\/\/agora.xtec.cat\/ceip-puigberenguer\/wp-content\/uploads\/usu1000\/2020\/12\/ALGUNES-NOVETATS-PER-A-NENES-I-NENS-FINS-ELS-8-ANYS.pdf\">ALGUNES NOVETATS PER A NENES I NENS FINS ELS 8 ANYS<\/a><\/p>\n<p><a href=\"https:\/\/agora.xtec.cat\/ceip-puigberenguer\/wp-content\/uploads\/usu1000\/2020\/12\/ALGUNES-NOVETATS-PER-A-NOIES-I-NOIS-FINS-ELS-10-ANYS.pdf\">ALGUNES NOVETATS PER A NOIES I NOIS FINS ELS 10 ANYS<\/a><\/p>\n<p><a href=\"https:\/\/agora.xtec.cat\/ceip-puigberenguer\/wp-content\/uploads\/usu1000\/2020\/12\/ALGUNES-NOVETATS-PER-A-NOIES-I-NOIS-A-PARTIR-DELS-11-ANYS-comprimido.pdf\">ALGUNES NOVETATS PER A NOIES I NOIS A PARTIR DELS 11 ANYS<\/a><\/p><\/blockquote>\n","protected":false},"excerpt":{"rendered":"<p>Quan arriba Nadal, des de la Biblioteca de l&#8217;Escola Puigberenguer us animem i convidem a demanar llibres com a regal per aquestes dates. Enguany, us fem arribar una colla de novetats, com a recomanaci\u00f3, per\u00f2 si visiteu les biblioteques i llibreries, encara en coneixereu m\u00e9s.<br \/>\nLes&hellip;  <a href=\"https:\/\/agora.xtec.cat\/ceip-puigberenguer\/00portada\/recomanacions-de-la-biblioteca-2\/\" title=\"Read RECOMANACIONS DE LA BIBLIOTECA\">Llegeix m\u00e9s\u00bb<\/a><\/p>\n","protected":false},"author":1,"featured_media":0,"comment_status":"open","ping_status":"closed","sticky":false,"template":"","format":"standard","meta":{"_bbp_topic_count":0,"_bbp_reply_count":0,"_bbp_total_topic_count":0,"_bbp_total_reply_count":0,"_bbp_voice_count":0,"_bbp_anonymous_reply_count":0,"_bbp_topic_count_hidden":0,"_bbp_reply_count_hidden":0,"_bbp_forum_subforum_count":0,"footnotes":""},"categories":[206,1],"tags":[],"class_list":["post-7534","post","type-post","status-publish","format-standard","hentry","category-curs-20-21","category-00portada"],"post_mailing_queue_ids":[],"_links":{"self":[{"href":"https:\/\/agora.xtec.cat\/ceip-puigberenguer\/wp-json\/wp\/v2\/posts\/7534","targetHints":{"allow":["GET"]}}],"collection":[{"href":"https:\/\/agora.xtec.cat\/ceip-puigberenguer\/wp-json\/wp\/v2\/posts"}],"about":[{"href":"https:\/\/agora.xtec.cat\/ceip-puigberenguer\/wp-json\/wp\/v2\/types\/post"}],"author":[{"embeddable":true,"href":"https:\/\/agora.xtec.cat\/ceip-puigberenguer\/wp-json\/wp\/v2\/users\/1"}],"replies":[{"embeddable":true,"href":"https:\/\/agora.xtec.cat\/ceip-puigberenguer\/wp-json\/wp\/v2\/comments?post=7534"}],"version-history":[{"count":3,"href":"https:\/\/agora.xtec.cat\/ceip-puigberenguer\/wp-json\/wp\/v2\/posts\/7534\/revisions"}],"predecessor-version":[{"id":7541,"href":"https:\/\/agora.xtec.cat\/ceip-puigberenguer\/wp-json\/wp\/v2\/posts\/7534\/revisions\/7541"}],"wp:attachment":[{"href":"https:\/\/agora.xtec.cat\/ceip-puigberenguer\/wp-json\/wp\/v2\/media?parent=7534"}],"wp:term":[{"taxonomy":"category","embeddable":true,"href":"https:\/\/agora.xtec.cat\/ceip-puigberenguer\/wp-json\/wp\/v2\/categories?post=7534"},{"taxonomy":"post_tag","embeddable":true,"href":"https:\/\/agora.xtec.cat\/ceip-puigberenguer\/wp-json\/wp\/v2\/tags?post=7534"}],"curies":[{"name":"wp","href":"https:\/\/api.w.org\/{rel}","templated":true}]}}