{"id":3851,"date":"2016-09-15T17:53:17","date_gmt":"2016-09-15T16:53:17","guid":{"rendered":"http:\/\/agora.xtec.cat\/ceip-puigberenguer\/?p=3851"},"modified":"2016-09-29T16:40:47","modified_gmt":"2016-09-29T15:40:47","slug":"trobada-dinici-de-curs-de-lampa","status":"publish","type":"post","link":"https:\/\/agora.xtec.cat\/ceip-puigberenguer\/afa\/trobada-dinici-de-curs-de-lampa\/","title":{"rendered":"TROBADA  D&#8217;INICI  DE  CURS  DE  L&#8217;AMPA"},"content":{"rendered":"<p>Benvinguts al nou curs de l\u2019Escola.<\/p>\n<p>Des de l\u2019<strong>AMPA<\/strong> us convoquem a la<strong> trobada d\u2019inici de curs<\/strong> que inclou l\u2019Assemblea ordin\u00e0ria.<\/p>\n<p>Ens trobarem a partir de <strong>2\/4 de 12:00<\/strong> del migdia del <strong>diumenge<\/strong> dia<strong> 25 de setembre<\/strong>.<\/p>\n<p>Mentre els pares fem l\u2019Assemblea, <strong>hi haur\u00e0 activitats pensades per a cada grup d\u2019edat dels nostres fills i filles<\/strong>, amb monitors que els acompanyaran.<\/p>\n<p>A les <strong>13:00 hores<\/strong> del migdia farem un <strong>vermut<\/strong> tots plegats i a continuaci\u00f3 <strong>paella<\/strong> de pel\u00b7l\u00edcula per celebrar l&#8217;inici de curs.<\/p>\n<p>Per tal de poder <strong>preveure el n\u00famero de persones<\/strong> que es quedaran a dinar i con\u00e8ixer tamb\u00e9 la quantitat de nens i nenes que vindran per aix\u00ed poder contractar els monitors necessaris, <strong>us agrair\u00edem que us apunt\u00e9ssiu al seg\u00fcent <a href=\"https:\/\/docs.google.com\/forms\/d\/e\/1FAIpQLScKISrCkV0vkWCXk2JdY6E1NwNgCxrkH_rFBxlJ3_Dh2wTHHQ\/viewform#start=openform\" target=\"_blank\" data-saferedirecturl=\"https:\/\/www.google.com\/url?hl=ca&amp;q=https:\/\/docs.google.com\/forms\/d\/e\/1FAIpQLScKISrCkV0vkWCXk2JdY6E1NwNgCxrkH_rFBxlJ3_Dh2wTHHQ\/viewform%23start%3Dopenform&amp;source=gmail&amp;ust=1474043552871000&amp;usg=AFQjCNGvWABQWOMTlaKtoWPINMRkkkN2Sg\">formulari web<\/a>.<\/strong><\/p>\n<p>El preu de la paella ser\u00e0 de <strong>2 \u20ac per persona amb inscripci\u00f3 anticipada<\/strong> mitjan\u00e7ant el formulari web, i <strong>4 \u20ac<\/strong> per aquells que s&#8217;apuntin el <strong>mateix dia<\/strong>.<\/p>\n<h2>ASSEMBLEA GENERAL DE L\u2019AMPA<\/h2>\n<p>Us convoquem el dia 25 de setembre de 2016, a les 11:30 al menjador gran de l\u2019escola.<\/p>\n<h3>ORDRE DEL DIA<\/h3>\n<ul>\n<li>Presentaci\u00f3.<\/li>\n<li>Lectura i aprovaci\u00f3 de l\u2019acta de l\u2019assemblea anterior.<\/li>\n<li>Aprovaci\u00f3 resultat curs anterior i pressupostos pel curs actual.<\/li>\n<li>Renovaci\u00f3 de c\u00e0rrecs.<\/li>\n<li>Activitats realitzades i comissions.<\/li>\n<li>Inversions per l\u2019escola: resum de les realitzades i noves propostes.<\/li>\n<li>Precs i preguntes.<\/li>\n<\/ul>\n<p>Adjuntem l&#8217;ordre del dia de l&#8217;Assemblea ordin\u00e0ria: <a href=\"http:\/\/agora.xtec.cat\/ceip-puigberenguer\/wp-content\/uploads\/usu1000\/2016\/09\/convocatoria-ASSEMBLEA-GENERAL-CURS-2016-2017.pdf\">convocatoria ASSEMBLEA GENERAL CURS 2016-2017<\/a><\/p>\n<p>Us hi esperem,<\/p>\n<p>AMPA Puigberenguer<\/p>\n","protected":false},"excerpt":{"rendered":"<p>Benvinguts al nou curs de l\u2019Escola.<br \/>\nDes de l\u2019AMPA us convoquem a la trobada d\u2019inici de curs que inclou l\u2019Assemblea ordin\u00e0ria.<br \/>\nEns trobarem a partir de 2\/4 de 12:00 del migdia del diumenge dia 25 de setembre.<br \/>\nMentre els pares fem l\u2019Assemblea, hi haur\u00e0 activitats pensades per a&hellip;  <a href=\"https:\/\/agora.xtec.cat\/ceip-puigberenguer\/afa\/trobada-dinici-de-curs-de-lampa\/\" title=\"Read TROBADA  D&#8217;INICI  DE  CURS  DE  L&#8217;AMPA\">Llegeix m\u00e9s\u00bb<\/a><\/p>\n","protected":false},"author":3,"featured_media":0,"comment_status":"open","ping_status":"open","sticky":false,"template":"","format":"standard","meta":{"_bbp_topic_count":0,"_bbp_reply_count":0,"_bbp_total_topic_count":0,"_bbp_total_reply_count":0,"_bbp_voice_count":0,"_bbp_anonymous_reply_count":0,"_bbp_topic_count_hidden":0,"_bbp_reply_count_hidden":0,"_bbp_forum_subforum_count":0,"footnotes":""},"categories":[50,127],"tags":[46,128,132,131,129,130],"class_list":["post-3851","post","type-post","status-publish","format-standard","hentry","category-afa","category-curs-2016-17","tag-ampa-2","tag-assemblea","tag-curs","tag-inici","tag-paella","tag-vermut"],"post_mailing_queue_ids":[],"_links":{"self":[{"href":"https:\/\/agora.xtec.cat\/ceip-puigberenguer\/wp-json\/wp\/v2\/posts\/3851","targetHints":{"allow":["GET"]}}],"collection":[{"href":"https:\/\/agora.xtec.cat\/ceip-puigberenguer\/wp-json\/wp\/v2\/posts"}],"about":[{"href":"https:\/\/agora.xtec.cat\/ceip-puigberenguer\/wp-json\/wp\/v2\/types\/post"}],"author":[{"embeddable":true,"href":"https:\/\/agora.xtec.cat\/ceip-puigberenguer\/wp-json\/wp\/v2\/users\/3"}],"replies":[{"embeddable":true,"href":"https:\/\/agora.xtec.cat\/ceip-puigberenguer\/wp-json\/wp\/v2\/comments?post=3851"}],"version-history":[{"count":3,"href":"https:\/\/agora.xtec.cat\/ceip-puigberenguer\/wp-json\/wp\/v2\/posts\/3851\/revisions"}],"predecessor-version":[{"id":3858,"href":"https:\/\/agora.xtec.cat\/ceip-puigberenguer\/wp-json\/wp\/v2\/posts\/3851\/revisions\/3858"}],"wp:attachment":[{"href":"https:\/\/agora.xtec.cat\/ceip-puigberenguer\/wp-json\/wp\/v2\/media?parent=3851"}],"wp:term":[{"taxonomy":"category","embeddable":true,"href":"https:\/\/agora.xtec.cat\/ceip-puigberenguer\/wp-json\/wp\/v2\/categories?post=3851"},{"taxonomy":"post_tag","embeddable":true,"href":"https:\/\/agora.xtec.cat\/ceip-puigberenguer\/wp-json\/wp\/v2\/tags?post=3851"}],"curies":[{"name":"wp","href":"https:\/\/api.w.org\/{rel}","templated":true}]}}