{"id":10765,"date":"2026-04-28T13:33:25","date_gmt":"2026-04-28T11:33:25","guid":{"rendered":"https:\/\/agora.xtec.cat\/ceip-puigberenguer\/?p=10765"},"modified":"2026-04-29T19:45:18","modified_gmt":"2026-04-29T17:45:18","slug":"sant-jordi-al-puigberenguer-2","status":"publish","type":"post","link":"https:\/\/agora.xtec.cat\/ceip-puigberenguer\/00portada\/sant-jordi-al-puigberenguer-2\/","title":{"rendered":"SANT JORDI AL PUIGBERENGUER"},"content":{"rendered":"<p>La setmana passada a l&#8217;escola Puigberenguer vam celebrar la <strong>Setmana Liter\u00e0ria<\/strong> en motiu de la festa de <strong>Sant Jordi<\/strong>. Al llarg de tota la setmana es van dur a terme diferents activitats relacionades amb aquesta festivitat. Les mestres de l&#8217;escola van explicar contes a diferents aules per compartir estones de lectura amb els infants. Els m\u00e9s petits van recitar poemes a l&#8217;alumnat de cicle mitj\u00e0 i superior i tamb\u00e9 van poder gaudir dels contes que els infants m\u00e9s grans els havien preparat. I, com cada any, l&#8217;alumnat d&#8217;I5 va representar la llegenda de Sant Jordi davant de tots els infants de l&#8217;escola. Tamb\u00e9 es va celebrar un certamen literari amb la participaci\u00f3 de l&#8217;alumnat, que va presentar diferents propostes liter\u00e0ries (punts de llibre, rodolins, acr\u00f2stics, blackouts o c\u00f2mics).<\/p>\n<p style=\"text-align: left;\">La setmana liter\u00e0ria ens recorda que, com cada <span class=\"hover:entity-accent entity-underline inline cursor-pointer align-baseline\"><span class=\"whitespace-normal\">Sant Jordi<\/span><\/span>, els llibres no s\u00f3n nom\u00e9s paraules impreses, sin\u00f3 portes obertes a nous mons, llavors de somnis i ponts que ens uneixen a trav\u00e9s de la imaginaci\u00f3 i el coneixement.<\/p>\n<p><img loading=\"lazy\" decoding=\"async\" class=\" wp-image-10782\" src=\"https:\/\/agora.xtec.cat\/ceip-puigberenguer\/wp-content\/uploads\/usu1000\/2026\/04\/Diseno-sin-titulo-1-300x219.jpg\" alt=\"\" width=\"624\" height=\"456\" srcset=\"https:\/\/agora.xtec.cat\/ceip-puigberenguer\/wp-content\/uploads\/usu1000\/2026\/04\/Diseno-sin-titulo-1-300x219.jpg 300w, https:\/\/agora.xtec.cat\/ceip-puigberenguer\/wp-content\/uploads\/usu1000\/2026\/04\/Diseno-sin-titulo-1-1024x747.jpg 1024w, https:\/\/agora.xtec.cat\/ceip-puigberenguer\/wp-content\/uploads\/usu1000\/2026\/04\/Diseno-sin-titulo-1-768x560.jpg 768w, https:\/\/agora.xtec.cat\/ceip-puigberenguer\/wp-content\/uploads\/usu1000\/2026\/04\/Diseno-sin-titulo-1.jpg 1353w\" sizes=\"auto, (max-width: 624px) 100vw, 624px\" \/><\/p>\n","protected":false},"excerpt":{"rendered":"<p>La setmana passada a l&#8217;escola Puigberenguer vam celebrar la Setmana Liter\u00e0ria en motiu de la festa de Sant Jordi. Al llarg de tota la setmana es van dur a terme diferents activitats relacionades amb aquesta festivitat. Les mestres de l&#8217;escola van explicar contes a diferents&hellip;  <a href=\"https:\/\/agora.xtec.cat\/ceip-puigberenguer\/00portada\/sant-jordi-al-puigberenguer-2\/\" title=\"Read SANT JORDI AL PUIGBERENGUER\">Llegeix m\u00e9s\u00bb<\/a><\/p>\n","protected":false},"author":1,"featured_media":0,"comment_status":"open","ping_status":"open","sticky":false,"template":"","format":"standard","meta":{"_bbp_topic_count":0,"_bbp_reply_count":0,"_bbp_total_topic_count":0,"_bbp_total_reply_count":0,"_bbp_voice_count":0,"_bbp_anonymous_reply_count":0,"_bbp_topic_count_hidden":0,"_bbp_reply_count_hidden":0,"_bbp_forum_subforum_count":0,"footnotes":""},"categories":[1],"tags":[],"class_list":["post-10765","post","type-post","status-publish","format-standard","hentry","category-00portada"],"post_mailing_queue_ids":[],"_links":{"self":[{"href":"https:\/\/agora.xtec.cat\/ceip-puigberenguer\/wp-json\/wp\/v2\/posts\/10765","targetHints":{"allow":["GET"]}}],"collection":[{"href":"https:\/\/agora.xtec.cat\/ceip-puigberenguer\/wp-json\/wp\/v2\/posts"}],"about":[{"href":"https:\/\/agora.xtec.cat\/ceip-puigberenguer\/wp-json\/wp\/v2\/types\/post"}],"author":[{"embeddable":true,"href":"https:\/\/agora.xtec.cat\/ceip-puigberenguer\/wp-json\/wp\/v2\/users\/1"}],"replies":[{"embeddable":true,"href":"https:\/\/agora.xtec.cat\/ceip-puigberenguer\/wp-json\/wp\/v2\/comments?post=10765"}],"version-history":[{"count":6,"href":"https:\/\/agora.xtec.cat\/ceip-puigberenguer\/wp-json\/wp\/v2\/posts\/10765\/revisions"}],"predecessor-version":[{"id":10791,"href":"https:\/\/agora.xtec.cat\/ceip-puigberenguer\/wp-json\/wp\/v2\/posts\/10765\/revisions\/10791"}],"wp:attachment":[{"href":"https:\/\/agora.xtec.cat\/ceip-puigberenguer\/wp-json\/wp\/v2\/media?parent=10765"}],"wp:term":[{"taxonomy":"category","embeddable":true,"href":"https:\/\/agora.xtec.cat\/ceip-puigberenguer\/wp-json\/wp\/v2\/categories?post=10765"},{"taxonomy":"post_tag","embeddable":true,"href":"https:\/\/agora.xtec.cat\/ceip-puigberenguer\/wp-json\/wp\/v2\/tags?post=10765"}],"curies":[{"name":"wp","href":"https:\/\/api.w.org\/{rel}","templated":true}]}}