{"id":10701,"date":"2026-01-26T14:22:27","date_gmt":"2026-01-26T13:22:27","guid":{"rendered":"https:\/\/agora.xtec.cat\/ceip-puigberenguer\/?p=10701"},"modified":"2026-01-26T14:26:48","modified_gmt":"2026-01-26T13:26:48","slug":"el-robot-veta-ens-visita-a-lescola","status":"publish","type":"post","link":"https:\/\/agora.xtec.cat\/ceip-puigberenguer\/00portada\/el-robot-veta-ens-visita-a-lescola\/","title":{"rendered":"EL ROBOT VETA ENS VISITA A L&#8217;ESCOLA"},"content":{"rendered":"<p>Durant la setmana del 19 al 23 de gener, l&#8217;alumnat d&#8217; I4, I5, 1r, 2n i 3r de prim\u00e0ria van poder gaudir del robot VETA, un robot de fusta programable amb blocs de colors i creat a Manresa per 3 amics enginyers (l&#8217;Aleix Badia, el Pau Lafoz i la Marina). El curs passat ja la vam poder gaudir i aquest curs hem repetit perqu\u00e8 va ser un \u00e8xit. L&#8217;alumnat va aprendre a programar el robot i tamb\u00e9 va gaudir molt amb el confeti que feia sortir per les orelles quan li posaves un cub de color rosa. Una experi\u00e8ncia molt enriquidora on l&#8217;alumnat va aprendre de rob\u00f2tica sense fer us de les pantalles.<\/p>\n<p><img loading=\"lazy\" decoding=\"async\" class=\" wp-image-10702 alignleft\" src=\"https:\/\/agora.xtec.cat\/ceip-puigberenguer\/wp-content\/uploads\/usu1000\/2026\/01\/veta-canva-web-300x169.jpg\" alt=\"\" width=\"410\" height=\"231\" srcset=\"https:\/\/agora.xtec.cat\/ceip-puigberenguer\/wp-content\/uploads\/usu1000\/2026\/01\/veta-canva-web-300x169.jpg 300w, https:\/\/agora.xtec.cat\/ceip-puigberenguer\/wp-content\/uploads\/usu1000\/2026\/01\/veta-canva-web-1024x576.jpg 1024w, https:\/\/agora.xtec.cat\/ceip-puigberenguer\/wp-content\/uploads\/usu1000\/2026\/01\/veta-canva-web-768x432.jpg 768w, https:\/\/agora.xtec.cat\/ceip-puigberenguer\/wp-content\/uploads\/usu1000\/2026\/01\/veta-canva-web-1536x864.jpg 1536w, https:\/\/agora.xtec.cat\/ceip-puigberenguer\/wp-content\/uploads\/usu1000\/2026\/01\/veta-canva-web.jpg 1920w\" sizes=\"auto, (max-width: 410px) 100vw, 410px\" \/><\/p>\n","protected":false},"excerpt":{"rendered":"<p>Durant la setmana del 19 al 23 de gener, l&#8217;alumnat d&#8217; I4, I5, 1r, 2n i 3r de prim\u00e0ria van poder gaudir del robot VETA, un robot de fusta programable amb blocs de colors i creat a Manresa per 3 amics enginyers (l&#8217;Aleix Badia, el&hellip;  <a href=\"https:\/\/agora.xtec.cat\/ceip-puigberenguer\/00portada\/el-robot-veta-ens-visita-a-lescola\/\" title=\"Read EL ROBOT VETA ENS VISITA A L&#8217;ESCOLA\">Llegeix m\u00e9s\u00bb<\/a><\/p>\n","protected":false},"author":1,"featured_media":0,"comment_status":"open","ping_status":"open","sticky":false,"template":"","format":"standard","meta":{"_bbp_topic_count":0,"_bbp_reply_count":0,"_bbp_total_topic_count":0,"_bbp_total_reply_count":0,"_bbp_voice_count":0,"_bbp_anonymous_reply_count":0,"_bbp_topic_count_hidden":0,"_bbp_reply_count_hidden":0,"_bbp_forum_subforum_count":0,"footnotes":""},"categories":[1],"tags":[],"class_list":["post-10701","post","type-post","status-publish","format-standard","hentry","category-00portada"],"post_mailing_queue_ids":[],"_links":{"self":[{"href":"https:\/\/agora.xtec.cat\/ceip-puigberenguer\/wp-json\/wp\/v2\/posts\/10701","targetHints":{"allow":["GET"]}}],"collection":[{"href":"https:\/\/agora.xtec.cat\/ceip-puigberenguer\/wp-json\/wp\/v2\/posts"}],"about":[{"href":"https:\/\/agora.xtec.cat\/ceip-puigberenguer\/wp-json\/wp\/v2\/types\/post"}],"author":[{"embeddable":true,"href":"https:\/\/agora.xtec.cat\/ceip-puigberenguer\/wp-json\/wp\/v2\/users\/1"}],"replies":[{"embeddable":true,"href":"https:\/\/agora.xtec.cat\/ceip-puigberenguer\/wp-json\/wp\/v2\/comments?post=10701"}],"version-history":[{"count":3,"href":"https:\/\/agora.xtec.cat\/ceip-puigberenguer\/wp-json\/wp\/v2\/posts\/10701\/revisions"}],"predecessor-version":[{"id":10705,"href":"https:\/\/agora.xtec.cat\/ceip-puigberenguer\/wp-json\/wp\/v2\/posts\/10701\/revisions\/10705"}],"wp:attachment":[{"href":"https:\/\/agora.xtec.cat\/ceip-puigberenguer\/wp-json\/wp\/v2\/media?parent=10701"}],"wp:term":[{"taxonomy":"category","embeddable":true,"href":"https:\/\/agora.xtec.cat\/ceip-puigberenguer\/wp-json\/wp\/v2\/categories?post=10701"},{"taxonomy":"post_tag","embeddable":true,"href":"https:\/\/agora.xtec.cat\/ceip-puigberenguer\/wp-json\/wp\/v2\/tags?post=10701"}],"curies":[{"name":"wp","href":"https:\/\/api.w.org\/{rel}","templated":true}]}}