{"id":10682,"date":"2025-12-14T12:49:53","date_gmt":"2025-12-14T11:49:53","guid":{"rendered":"https:\/\/agora.xtec.cat\/ceip-puigberenguer\/?p=10682"},"modified":"2025-12-14T12:50:29","modified_gmt":"2025-12-14T11:50:29","slug":"sorteig-tortell-i-panera","status":"publish","type":"post","link":"https:\/\/agora.xtec.cat\/ceip-puigberenguer\/00portada\/sorteig-tortell-i-panera\/","title":{"rendered":"SORTEIG TORTELL I PANERA"},"content":{"rendered":"<p>Per tal d\u2019abaratir una mica les col\u00f2nies, els nens i nenes de 5\u00e8 i 6\u00e8 han venut unes butlletes pel sorteig d\u2019un tortell i d\u2019una panera.<\/p>\n<p>Divendres va tenir lloc el sorteig de l\u2019ONCE que decidia el n\u00famero guanyador. La butlleta premiada \u00e9s la que t\u00e9 el n\u00famero 4.842.<\/p>\n<p><img loading=\"lazy\" decoding=\"async\" class=\"aligncenter wp-image-10683 size-full\" src=\"https:\/\/agora.xtec.cat\/ceip-puigberenguer\/wp-content\/uploads\/usu1000\/2025\/12\/BUTLLETA-MONA.png\" alt=\"\" width=\"1606\" height=\"1414\" srcset=\"https:\/\/agora.xtec.cat\/ceip-puigberenguer\/wp-content\/uploads\/usu1000\/2025\/12\/BUTLLETA-MONA.png 1606w, https:\/\/agora.xtec.cat\/ceip-puigberenguer\/wp-content\/uploads\/usu1000\/2025\/12\/BUTLLETA-MONA-300x264.png 300w, https:\/\/agora.xtec.cat\/ceip-puigberenguer\/wp-content\/uploads\/usu1000\/2025\/12\/BUTLLETA-MONA-1024x902.png 1024w, https:\/\/agora.xtec.cat\/ceip-puigberenguer\/wp-content\/uploads\/usu1000\/2025\/12\/BUTLLETA-MONA-768x676.png 768w, https:\/\/agora.xtec.cat\/ceip-puigberenguer\/wp-content\/uploads\/usu1000\/2025\/12\/BUTLLETA-MONA-1536x1352.png 1536w\" sizes=\"auto, (max-width: 1606px) 100vw, 1606px\" \/><\/p>\n","protected":false},"excerpt":{"rendered":"<p>Per tal d\u2019abaratir una mica les col\u00f2nies, els nens i nenes de 5\u00e8 i 6\u00e8 han venut unes butlletes pel sorteig d\u2019un tortell i d\u2019una panera.<br \/>\nDivendres va tenir lloc el sorteig de l\u2019ONCE que decidia el n\u00famero guanyador. La butlleta premiada \u00e9s la que t\u00e9&hellip;  <a href=\"https:\/\/agora.xtec.cat\/ceip-puigberenguer\/00portada\/sorteig-tortell-i-panera\/\" title=\"Read SORTEIG TORTELL I PANERA\">Llegeix m\u00e9s\u00bb<\/a><\/p>\n","protected":false},"author":1,"featured_media":0,"comment_status":"open","ping_status":"open","sticky":false,"template":"","format":"standard","meta":{"_bbp_topic_count":0,"_bbp_reply_count":0,"_bbp_total_topic_count":0,"_bbp_total_reply_count":0,"_bbp_voice_count":0,"_bbp_anonymous_reply_count":0,"_bbp_topic_count_hidden":0,"_bbp_reply_count_hidden":0,"_bbp_forum_subforum_count":0,"footnotes":""},"categories":[1],"tags":[],"class_list":["post-10682","post","type-post","status-publish","format-standard","hentry","category-00portada"],"post_mailing_queue_ids":[],"_links":{"self":[{"href":"https:\/\/agora.xtec.cat\/ceip-puigberenguer\/wp-json\/wp\/v2\/posts\/10682","targetHints":{"allow":["GET"]}}],"collection":[{"href":"https:\/\/agora.xtec.cat\/ceip-puigberenguer\/wp-json\/wp\/v2\/posts"}],"about":[{"href":"https:\/\/agora.xtec.cat\/ceip-puigberenguer\/wp-json\/wp\/v2\/types\/post"}],"author":[{"embeddable":true,"href":"https:\/\/agora.xtec.cat\/ceip-puigberenguer\/wp-json\/wp\/v2\/users\/1"}],"replies":[{"embeddable":true,"href":"https:\/\/agora.xtec.cat\/ceip-puigberenguer\/wp-json\/wp\/v2\/comments?post=10682"}],"version-history":[{"count":1,"href":"https:\/\/agora.xtec.cat\/ceip-puigberenguer\/wp-json\/wp\/v2\/posts\/10682\/revisions"}],"predecessor-version":[{"id":10684,"href":"https:\/\/agora.xtec.cat\/ceip-puigberenguer\/wp-json\/wp\/v2\/posts\/10682\/revisions\/10684"}],"wp:attachment":[{"href":"https:\/\/agora.xtec.cat\/ceip-puigberenguer\/wp-json\/wp\/v2\/media?parent=10682"}],"wp:term":[{"taxonomy":"category","embeddable":true,"href":"https:\/\/agora.xtec.cat\/ceip-puigberenguer\/wp-json\/wp\/v2\/categories?post=10682"},{"taxonomy":"post_tag","embeddable":true,"href":"https:\/\/agora.xtec.cat\/ceip-puigberenguer\/wp-json\/wp\/v2\/tags?post=10682"}],"curies":[{"name":"wp","href":"https:\/\/api.w.org\/{rel}","templated":true}]}}