{"id":10660,"date":"2025-11-25T13:46:29","date_gmt":"2025-11-25T12:46:29","guid":{"rendered":"https:\/\/agora.xtec.cat\/ceip-puigberenguer\/?p=10660"},"modified":"2025-11-25T13:50:41","modified_gmt":"2025-11-25T12:50:41","slug":"dia-de-santa-cecilia-2","status":"publish","type":"post","link":"https:\/\/agora.xtec.cat\/ceip-puigberenguer\/00portada\/dia-de-santa-cecilia-2\/","title":{"rendered":"DIA DE SANTA CEC\u00cdLIA"},"content":{"rendered":"<p>El passat 22 de novembre va ser Santa Cec\u00edlia, la patrona de la m\u00fasica. Per aquest motiu, el dilluns 24 vam celebrar-la a l&#8217;escola, tot escoltant petites audicions preparades per alguns infants de 4t, 5\u00e8 o 6\u00e8 que toquen algun instrument musical (can\u00e7ons tradicionals, cl\u00e0ssiques, actuals, nadales, m\u00edtiques,&#8230;). Gr\u00e0cies a ells i elles vam poder veure i escoltar el piano, la guitarra amb veu cantada, l&#8217;ukelele, el baix el\u00e8ctric, el violoncel, el tromb\u00f3 de vares, el clarinet i el fagot. Totes les classes de prim\u00e0ria van poder gaudir de les petites audicions que havien preparat els i les artistes. A infantil van poder gaudir del conte <em>El gos del Joanet<\/em> representat per algunes mestres i musicat per alguns infants de 5\u00e8.<\/p>\n<p>Va ser una matinal molt enriquidora i plena d&#8217;artistes,<\/p>\n<p>Moltes gr\u00e0cies a tothom qui ho ha fet possible.<\/p>\n<p><img loading=\"lazy\" decoding=\"async\" class=\"wp-image-10666 alignleft\" src=\"https:\/\/agora.xtec.cat\/ceip-puigberenguer\/wp-content\/uploads\/usu1000\/2025\/11\/WhatsApp-Image-2025-11-25-at-13.42.05-278x300.jpeg\" alt=\"\" width=\"109\" height=\"117\" srcset=\"https:\/\/agora.xtec.cat\/ceip-puigberenguer\/wp-content\/uploads\/usu1000\/2025\/11\/WhatsApp-Image-2025-11-25-at-13.42.05-278x300.jpeg 278w, https:\/\/agora.xtec.cat\/ceip-puigberenguer\/wp-content\/uploads\/usu1000\/2025\/11\/WhatsApp-Image-2025-11-25-at-13.42.05-947x1024.jpeg 947w, https:\/\/agora.xtec.cat\/ceip-puigberenguer\/wp-content\/uploads\/usu1000\/2025\/11\/WhatsApp-Image-2025-11-25-at-13.42.05-768x830.jpeg 768w, https:\/\/agora.xtec.cat\/ceip-puigberenguer\/wp-content\/uploads\/usu1000\/2025\/11\/WhatsApp-Image-2025-11-25-at-13.42.05.jpeg 1382w\" sizes=\"auto, (max-width: 109px) 100vw, 109px\" \/> <img loading=\"lazy\" decoding=\"async\" class=\"wp-image-10664 alignleft\" src=\"https:\/\/agora.xtec.cat\/ceip-puigberenguer\/wp-content\/uploads\/usu1000\/2025\/11\/WhatsApp-Image-2025-11-25-at-13.09.13-1-300x213.jpeg\" alt=\"\" width=\"170\" height=\"121\" srcset=\"https:\/\/agora.xtec.cat\/ceip-puigberenguer\/wp-content\/uploads\/usu1000\/2025\/11\/WhatsApp-Image-2025-11-25-at-13.09.13-1-300x213.jpeg 300w, https:\/\/agora.xtec.cat\/ceip-puigberenguer\/wp-content\/uploads\/usu1000\/2025\/11\/WhatsApp-Image-2025-11-25-at-13.09.13-1-768x546.jpeg 768w, https:\/\/agora.xtec.cat\/ceip-puigberenguer\/wp-content\/uploads\/usu1000\/2025\/11\/WhatsApp-Image-2025-11-25-at-13.09.13-1.jpeg 961w\" sizes=\"auto, (max-width: 170px) 100vw, 170px\" \/><\/p>\n<p>&nbsp;<\/p>\n","protected":false},"excerpt":{"rendered":"<p>El passat 22 de novembre va ser Santa Cec\u00edlia, la patrona de la m\u00fasica. Per aquest motiu, el dilluns 24 vam celebrar-la a l&#8217;escola, tot escoltant petites audicions preparades per alguns infants de 4t, 5\u00e8 o 6\u00e8 que toquen algun instrument musical (can\u00e7ons tradicionals, cl\u00e0ssiques,&hellip;  <a href=\"https:\/\/agora.xtec.cat\/ceip-puigberenguer\/00portada\/dia-de-santa-cecilia-2\/\" title=\"Read DIA DE SANTA CEC\u00cdLIA\">Llegeix m\u00e9s\u00bb<\/a><\/p>\n","protected":false},"author":1,"featured_media":0,"comment_status":"open","ping_status":"open","sticky":false,"template":"","format":"standard","meta":{"_bbp_topic_count":0,"_bbp_reply_count":0,"_bbp_total_topic_count":0,"_bbp_total_reply_count":0,"_bbp_voice_count":0,"_bbp_anonymous_reply_count":0,"_bbp_topic_count_hidden":0,"_bbp_reply_count_hidden":0,"_bbp_forum_subforum_count":0,"footnotes":""},"categories":[1],"tags":[],"class_list":["post-10660","post","type-post","status-publish","format-standard","hentry","category-00portada"],"post_mailing_queue_ids":[],"_links":{"self":[{"href":"https:\/\/agora.xtec.cat\/ceip-puigberenguer\/wp-json\/wp\/v2\/posts\/10660","targetHints":{"allow":["GET"]}}],"collection":[{"href":"https:\/\/agora.xtec.cat\/ceip-puigberenguer\/wp-json\/wp\/v2\/posts"}],"about":[{"href":"https:\/\/agora.xtec.cat\/ceip-puigberenguer\/wp-json\/wp\/v2\/types\/post"}],"author":[{"embeddable":true,"href":"https:\/\/agora.xtec.cat\/ceip-puigberenguer\/wp-json\/wp\/v2\/users\/1"}],"replies":[{"embeddable":true,"href":"https:\/\/agora.xtec.cat\/ceip-puigberenguer\/wp-json\/wp\/v2\/comments?post=10660"}],"version-history":[{"count":4,"href":"https:\/\/agora.xtec.cat\/ceip-puigberenguer\/wp-json\/wp\/v2\/posts\/10660\/revisions"}],"predecessor-version":[{"id":10669,"href":"https:\/\/agora.xtec.cat\/ceip-puigberenguer\/wp-json\/wp\/v2\/posts\/10660\/revisions\/10669"}],"wp:attachment":[{"href":"https:\/\/agora.xtec.cat\/ceip-puigberenguer\/wp-json\/wp\/v2\/media?parent=10660"}],"wp:term":[{"taxonomy":"category","embeddable":true,"href":"https:\/\/agora.xtec.cat\/ceip-puigberenguer\/wp-json\/wp\/v2\/categories?post=10660"},{"taxonomy":"post_tag","embeddable":true,"href":"https:\/\/agora.xtec.cat\/ceip-puigberenguer\/wp-json\/wp\/v2\/tags?post=10660"}],"curies":[{"name":"wp","href":"https:\/\/api.w.org\/{rel}","templated":true}]}}