{"id":10622,"date":"2025-10-21T13:32:55","date_gmt":"2025-10-21T11:32:55","guid":{"rendered":"https:\/\/agora.xtec.cat\/ceip-puigberenguer\/?p=10622"},"modified":"2025-10-21T13:32:55","modified_gmt":"2025-10-21T11:32:55","slug":"fem-ciencia-a-i4-electricitat-estatica","status":"publish","type":"post","link":"https:\/\/agora.xtec.cat\/ceip-puigberenguer\/00portada\/fem-ciencia-a-i4-electricitat-estatica\/","title":{"rendered":"FEM CI\u00c8NCIA A I4: ELECTRICITAT EST\u00c0TICA"},"content":{"rendered":"<p>Jugant, investigant, pensant, parlant, descobrint\u2026<br \/>\nL\u2019electricitat est\u00e0tica no s\u2019amaga, \u00e9s transparent diuen\u2026 i pot moure coses que pensin poquet\u2026 per\u00f2 primer s\u2019ha d\u2019activar fregant, com si s\u2019engegu\u00e9s. A m\u00e9s a m\u00e9s, no va per tubs com l\u2019electricitat dels llums i de la rentadora.<br \/>\nAquests dies a I4 proposem situacions que ens ajudin a entendre l\u2019electricitat est\u00e0tica.<\/p>\n<p><img loading=\"lazy\" decoding=\"async\" class=\"alignleft wp-image-10623 size-large\" src=\"https:\/\/agora.xtec.cat\/ceip-puigberenguer\/wp-content\/uploads\/usu1000\/2025\/10\/COLLAGE-ELECTRICITAT-ESTATICA-1024x819.jpg\" alt=\"\" width=\"1024\" height=\"819\" srcset=\"https:\/\/agora.xtec.cat\/ceip-puigberenguer\/wp-content\/uploads\/usu1000\/2025\/10\/COLLAGE-ELECTRICITAT-ESTATICA-1024x819.jpg 1024w, https:\/\/agora.xtec.cat\/ceip-puigberenguer\/wp-content\/uploads\/usu1000\/2025\/10\/COLLAGE-ELECTRICITAT-ESTATICA-300x240.jpg 300w, https:\/\/agora.xtec.cat\/ceip-puigberenguer\/wp-content\/uploads\/usu1000\/2025\/10\/COLLAGE-ELECTRICITAT-ESTATICA-768x614.jpg 768w, https:\/\/agora.xtec.cat\/ceip-puigberenguer\/wp-content\/uploads\/usu1000\/2025\/10\/COLLAGE-ELECTRICITAT-ESTATICA-1536x1229.jpg 1536w, https:\/\/agora.xtec.cat\/ceip-puigberenguer\/wp-content\/uploads\/usu1000\/2025\/10\/COLLAGE-ELECTRICITAT-ESTATICA.jpg 2000w\" sizes=\"auto, (max-width: 1024px) 100vw, 1024px\" \/><\/p>\n<div style=\"width: 848px;\" class=\"wp-video\"><!--[if lt IE 9]><script>document.createElement('video');<\/script><![endif]-->\n<video class=\"wp-video-shortcode\" id=\"video-10622-1\" width=\"848\" height=\"480\" preload=\"metadata\" controls=\"controls\"><source type=\"video\/mp4\" src=\"https:\/\/agora.xtec.cat\/ceip-puigberenguer\/wp-content\/uploads\/usu1000\/2025\/10\/CIENCIA-ELECTRICITAT-ESTATICA.mp4?_=1\" \/><a href=\"https:\/\/agora.xtec.cat\/ceip-puigberenguer\/wp-content\/uploads\/usu1000\/2025\/10\/CIENCIA-ELECTRICITAT-ESTATICA.mp4\">https:\/\/agora.xtec.cat\/ceip-puigberenguer\/wp-content\/uploads\/usu1000\/2025\/10\/CIENCIA-ELECTRICITAT-ESTATICA.mp4<\/a><\/video><\/div>\n","protected":false},"excerpt":{"rendered":"<p>Jugant, investigant, pensant, parlant, descobrint\u2026<br \/>\nL\u2019electricitat est\u00e0tica no s\u2019amaga, \u00e9s transparent diuen\u2026 i pot moure coses que pensin poquet\u2026 per\u00f2 primer s\u2019ha d\u2019activar fregant, com si s\u2019engegu\u00e9s. A m\u00e9s a m\u00e9s, no va per tubs com l\u2019electricitat dels llums i de la rentadora.<br \/>\nAquests dies a I4&hellip;  <a href=\"https:\/\/agora.xtec.cat\/ceip-puigberenguer\/00portada\/fem-ciencia-a-i4-electricitat-estatica\/\" title=\"Read FEM CI\u00c8NCIA A I4: ELECTRICITAT EST\u00c0TICA\">Llegeix m\u00e9s\u00bb<\/a><\/p>\n","protected":false},"author":1,"featured_media":0,"comment_status":"open","ping_status":"open","sticky":false,"template":"","format":"standard","meta":{"_bbp_topic_count":0,"_bbp_reply_count":0,"_bbp_total_topic_count":0,"_bbp_total_reply_count":0,"_bbp_voice_count":0,"_bbp_anonymous_reply_count":0,"_bbp_topic_count_hidden":0,"_bbp_reply_count_hidden":0,"_bbp_forum_subforum_count":0,"footnotes":""},"categories":[1,265],"tags":[],"class_list":["post-10622","post","type-post","status-publish","format-standard","hentry","category-00portada","category-promocio-2020-i4"],"post_mailing_queue_ids":[],"_links":{"self":[{"href":"https:\/\/agora.xtec.cat\/ceip-puigberenguer\/wp-json\/wp\/v2\/posts\/10622","targetHints":{"allow":["GET"]}}],"collection":[{"href":"https:\/\/agora.xtec.cat\/ceip-puigberenguer\/wp-json\/wp\/v2\/posts"}],"about":[{"href":"https:\/\/agora.xtec.cat\/ceip-puigberenguer\/wp-json\/wp\/v2\/types\/post"}],"author":[{"embeddable":true,"href":"https:\/\/agora.xtec.cat\/ceip-puigberenguer\/wp-json\/wp\/v2\/users\/1"}],"replies":[{"embeddable":true,"href":"https:\/\/agora.xtec.cat\/ceip-puigberenguer\/wp-json\/wp\/v2\/comments?post=10622"}],"version-history":[{"count":1,"href":"https:\/\/agora.xtec.cat\/ceip-puigberenguer\/wp-json\/wp\/v2\/posts\/10622\/revisions"}],"predecessor-version":[{"id":10625,"href":"https:\/\/agora.xtec.cat\/ceip-puigberenguer\/wp-json\/wp\/v2\/posts\/10622\/revisions\/10625"}],"wp:attachment":[{"href":"https:\/\/agora.xtec.cat\/ceip-puigberenguer\/wp-json\/wp\/v2\/media?parent=10622"}],"wp:term":[{"taxonomy":"category","embeddable":true,"href":"https:\/\/agora.xtec.cat\/ceip-puigberenguer\/wp-json\/wp\/v2\/categories?post=10622"},{"taxonomy":"post_tag","embeddable":true,"href":"https:\/\/agora.xtec.cat\/ceip-puigberenguer\/wp-json\/wp\/v2\/tags?post=10622"}],"curies":[{"name":"wp","href":"https:\/\/api.w.org\/{rel}","templated":true}]}}