{"id":782,"date":"2017-11-29T18:43:04","date_gmt":"2017-11-29T17:43:04","guid":{"rendered":"http:\/\/agora.xtec.cat\/ceip-puig-agut-manlleu\/?p=782"},"modified":"2018-03-02T11:19:37","modified_gmt":"2018-03-02T10:19:37","slug":"visita-a-lalcalde-i-la-policia","status":"publish","type":"post","link":"https:\/\/agora.xtec.cat\/ceip-puig-agut-manlleu\/general\/visita-a-lalcalde-i-la-policia\/","title":{"rendered":"VISITA A L&#8217;ALCALDE I LA POLICIA"},"content":{"rendered":"<p>Aquest dimecres 29 de novembre els alumnes de 3r de prim\u00e0ria hem visitat l&#8217;ajuntament, all\u00e0 l&#8217;alcalde ens ha donat la benvinguda a la sala de plens\u00a0i li hem pogut fer algunes preguntes.<\/p>\n<p>Seguidament hem visitat la policia local, els agents policials ens van explicar quines feines fan. La visita tamb\u00e9 ha perm\u00e8s als nens i nenes con\u00e8ixer la flota de vehicles policials.<\/p>\n<p><img loading=\"lazy\" decoding=\"async\" class=\"\" src=\"https:\/\/lh3.googleusercontent.com\/Oon0HbQqVncDmOoLotzECYcDu394f3L8foCNR4D3ohjIjs4-DUpd3gL1-kG8YapOqGoNDlWcPlnIV7M5jbSKcIMPuXMYjL1fDxEo4tSwn6Dfbu0uoviD1YeL1tqYdpqvUmcvEOz3feWUUAc20fr1NJoKLzl_-JfLXf8fUQc81W1d3TNWZW2zAYKvqLegYN8A8rbZ8Kj_5yUwC_3Xgz8hPNCu27sQIJI-MdeoD1q2b3KXJ-EnGUWjOuOX-yuHEZQXBQEUSmCM24a9r3OejkKgxc9H39OvML8lu8-i5E42YOi-ExjIl5yRWyYarKGIvlXsLa6_gZjDmjPAQst5aO6IKdOXd6hviI0f4ELqo1C7fC3rdZfrSHhFcQ_PQs7f3yYgZuDr2NyYObefTRlrkzKH7P8psSnhpuxt6LD8ckJL7fQ-lu83lKPSpXcNFvfa7n1ALSmVAFc3ZH7uJWwKfZRRxwv5h6V2reA6vJBwNWE3Y_YkK54itWePqEpR1M8Y8gUB9cntJnIGxA6_Nhr1flfSySGqaX394cnpFg0pcwADcndeeBGj2-U_imL04K1NwnzmsbNURvDoqpThchylbHjbO9ETpp6bfoszL-e7qhcpI4_u7mKVjhBelRIuPmxyJADR9YzJSxFycyTamOABuu0ELgV00Yu8kcyuRtE=w820-h615-no\" width=\"298\" height=\"223\" \/><\/p>\n<p><a href=\"https:\/\/photos.app.goo.gl\/83xg64JIzUFQBjvI2\">FOTOS<\/a> DE LA VISITA A L&#8217;AJUNTAMENT I LA POLICIA.<\/p>\n","protected":false},"excerpt":{"rendered":"<p>Aquest dimecres 29 de novembre els alumnes de 3r de prim\u00e0ria hem visitat l&#8217;ajuntament, all\u00e0 l&#8217;alcalde ens ha donat la benvinguda a la sala de plens\u00a0i li hem pogut fer algunes preguntes. Seguidament hem visitat la policia local, els agents policials ens van explicar quines feines fan. La visita tamb\u00e9 ha perm\u00e8s als nens i [&hellip;]<\/p>\n","protected":false},"author":1,"featured_media":0,"comment_status":"open","ping_status":"closed","sticky":false,"template":"","format":"standard","meta":{"_bbp_topic_count":0,"_bbp_reply_count":0,"_bbp_total_topic_count":0,"_bbp_total_reply_count":0,"_bbp_voice_count":0,"_bbp_anonymous_reply_count":0,"_bbp_topic_count_hidden":0,"_bbp_reply_count_hidden":0,"_bbp_forum_subforum_count":0,"site-sidebar-layout":"default","site-content-layout":"","ast-site-content-layout":"","site-content-style":"default","site-sidebar-style":"default","ast-global-header-display":"","ast-banner-title-visibility":"","ast-main-header-display":"","ast-hfb-above-header-display":"","ast-hfb-below-header-display":"","ast-hfb-mobile-header-display":"","site-post-title":"","ast-breadcrumbs-content":"","ast-featured-img":"","footer-sml-layout":"","theme-transparent-header-meta":"","adv-header-id-meta":"","stick-header-meta":"","header-above-stick-meta":"","header-main-stick-meta":"","header-below-stick-meta":"","astra-migrate-meta-layouts":"default","ast-page-background-enabled":"default","ast-page-background-meta":{"desktop":{"background-color":"var(--ast-global-color-4)","background-image":"","background-repeat":"repeat","background-position":"center center","background-size":"auto","background-attachment":"scroll","background-type":"","background-media":"","overlay-type":"","overlay-color":"","overlay-opacity":"","overlay-gradient":""},"tablet":{"background-color":"","background-image":"","background-repeat":"repeat","background-position":"center center","background-size":"auto","background-attachment":"scroll","background-type":"","background-media":"","overlay-type":"","overlay-color":"","overlay-opacity":"","overlay-gradient":""},"mobile":{"background-color":"","background-image":"","background-repeat":"repeat","background-position":"center center","background-size":"auto","background-attachment":"scroll","background-type":"","background-media":"","overlay-type":"","overlay-color":"","overlay-opacity":"","overlay-gradient":""}},"ast-content-background-meta":{"desktop":{"background-color":"var(--ast-global-color-5)","background-image":"","background-repeat":"repeat","background-position":"center center","background-size":"auto","background-attachment":"scroll","background-type":"","background-media":"","overlay-type":"","overlay-color":"","overlay-opacity":"","overlay-gradient":""},"tablet":{"background-color":"var(--ast-global-color-5)","background-image":"","background-repeat":"repeat","background-position":"center center","background-size":"auto","background-attachment":"scroll","background-type":"","background-media":"","overlay-type":"","overlay-color":"","overlay-opacity":"","overlay-gradient":""},"mobile":{"background-color":"var(--ast-global-color-5)","background-image":"","background-repeat":"repeat","background-position":"center center","background-size":"auto","background-attachment":"scroll","background-type":"","background-media":"","overlay-type":"","overlay-color":"","overlay-opacity":"","overlay-gradient":""}},"footnotes":""},"categories":[1,4],"tags":[],"class_list":["post-782","post","type-post","status-publish","format-standard","hentry","category-general","category-portada"],"post_mailing_queue_ids":[],"_links":{"self":[{"href":"https:\/\/agora.xtec.cat\/ceip-puig-agut-manlleu\/wp-json\/wp\/v2\/posts\/782","targetHints":{"allow":["GET"]}}],"collection":[{"href":"https:\/\/agora.xtec.cat\/ceip-puig-agut-manlleu\/wp-json\/wp\/v2\/posts"}],"about":[{"href":"https:\/\/agora.xtec.cat\/ceip-puig-agut-manlleu\/wp-json\/wp\/v2\/types\/post"}],"author":[{"embeddable":true,"href":"https:\/\/agora.xtec.cat\/ceip-puig-agut-manlleu\/wp-json\/wp\/v2\/users\/1"}],"replies":[{"embeddable":true,"href":"https:\/\/agora.xtec.cat\/ceip-puig-agut-manlleu\/wp-json\/wp\/v2\/comments?post=782"}],"version-history":[{"count":2,"href":"https:\/\/agora.xtec.cat\/ceip-puig-agut-manlleu\/wp-json\/wp\/v2\/posts\/782\/revisions"}],"predecessor-version":[{"id":853,"href":"https:\/\/agora.xtec.cat\/ceip-puig-agut-manlleu\/wp-json\/wp\/v2\/posts\/782\/revisions\/853"}],"wp:attachment":[{"href":"https:\/\/agora.xtec.cat\/ceip-puig-agut-manlleu\/wp-json\/wp\/v2\/media?parent=782"}],"wp:term":[{"taxonomy":"category","embeddable":true,"href":"https:\/\/agora.xtec.cat\/ceip-puig-agut-manlleu\/wp-json\/wp\/v2\/categories?post=782"},{"taxonomy":"post_tag","embeddable":true,"href":"https:\/\/agora.xtec.cat\/ceip-puig-agut-manlleu\/wp-json\/wp\/v2\/tags?post=782"}],"curies":[{"name":"wp","href":"https:\/\/api.w.org\/{rel}","templated":true}]}}