{"id":16124,"date":"2025-10-28T08:53:52","date_gmt":"2025-10-28T07:53:52","guid":{"rendered":"https:\/\/agora.xtec.cat\/ceip-practiques-tarragona\/?p=16124"},"modified":"2025-10-28T08:55:01","modified_gmt":"2025-10-28T07:55:01","slug":"1r-al-museu-dart-modern-de-la-diputacio-de-tarragona","status":"publish","type":"post","link":"https:\/\/agora.xtec.cat\/ceip-practiques-tarragona\/portada\/1r-al-museu-dart-modern-de-la-diputacio-de-tarragona\/","title":{"rendered":"1r ha anat al Museu d&#8217;Art Modern de la Diputaci\u00f3 de Tarragona!"},"content":{"rendered":"<p><span style=\"font-weight: 400;\">Els alumnes de primer hem gaudit d\u2019un mat\u00ed al Museu d\u2019Art Modern de Tarragona. Hem realitzat una activitat sobre el paisatge. Ara ja som capa\u00e7os d\u2019observar i analitzar els paisatges des d&#8217;una altra perspectiva. Vam analitzar l\u2019obra La esfinge de Roscoff, del pintor Josep Nogu\u00e9 Mass\u00f3. \u00c9s una quadre que es divideix en tres peces. Al museu, en tenen dues, la central i la de la dreta. La part esquerra del quadre, de moment, ning\u00fa l\u2019ha trobat.<\/span><\/p>\n<p><span style=\"font-weight: 400;\">Despr\u00e9s vam fer un taller i vam elaborar unes postals amb aquarel\u00b7la, meravelloses!<\/span><\/p>\n<p><a href=\"https:\/\/agora.xtec.cat\/ceip-practiques-tarragona\/wp-content\/uploads\/usu583\/2025\/10\/1761378283597-scaled.jpg\"><img loading=\"lazy\" decoding=\"async\" class=\"size-large wp-image-16125 aligncenter\" src=\"https:\/\/agora.xtec.cat\/ceip-practiques-tarragona\/wp-content\/uploads\/usu583\/2025\/10\/1761378283597-768x1024.jpg\" alt=\"\" width=\"768\" height=\"1024\" srcset=\"https:\/\/agora.xtec.cat\/ceip-practiques-tarragona\/wp-content\/uploads\/usu583\/2025\/10\/1761378283597-768x1024.jpg 768w, https:\/\/agora.xtec.cat\/ceip-practiques-tarragona\/wp-content\/uploads\/usu583\/2025\/10\/1761378283597-225x300.jpg 225w, https:\/\/agora.xtec.cat\/ceip-practiques-tarragona\/wp-content\/uploads\/usu583\/2025\/10\/1761378283597-1152x1536.jpg 1152w, https:\/\/agora.xtec.cat\/ceip-practiques-tarragona\/wp-content\/uploads\/usu583\/2025\/10\/1761378283597-1536x2048.jpg 1536w, https:\/\/agora.xtec.cat\/ceip-practiques-tarragona\/wp-content\/uploads\/usu583\/2025\/10\/1761378283597-scaled.jpg 1920w\" sizes=\"auto, (max-width: 768px) 100vw, 768px\" \/><\/a> <a href=\"https:\/\/agora.xtec.cat\/ceip-practiques-tarragona\/wp-content\/uploads\/usu583\/2025\/10\/IMG_7336-scaled.jpg\"><img loading=\"lazy\" decoding=\"async\" class=\"size-large wp-image-16126 aligncenter\" src=\"https:\/\/agora.xtec.cat\/ceip-practiques-tarragona\/wp-content\/uploads\/usu583\/2025\/10\/IMG_7336-1024x768.jpg\" alt=\"\" width=\"1024\" height=\"768\" srcset=\"https:\/\/agora.xtec.cat\/ceip-practiques-tarragona\/wp-content\/uploads\/usu583\/2025\/10\/IMG_7336-1024x768.jpg 1024w, https:\/\/agora.xtec.cat\/ceip-practiques-tarragona\/wp-content\/uploads\/usu583\/2025\/10\/IMG_7336-300x225.jpg 300w, https:\/\/agora.xtec.cat\/ceip-practiques-tarragona\/wp-content\/uploads\/usu583\/2025\/10\/IMG_7336-768x576.jpg 768w, https:\/\/agora.xtec.cat\/ceip-practiques-tarragona\/wp-content\/uploads\/usu583\/2025\/10\/IMG_7336-1536x1152.jpg 1536w, https:\/\/agora.xtec.cat\/ceip-practiques-tarragona\/wp-content\/uploads\/usu583\/2025\/10\/IMG_7336-2048x1536.jpg 2048w, https:\/\/agora.xtec.cat\/ceip-practiques-tarragona\/wp-content\/uploads\/usu583\/2025\/10\/IMG_7336-200x150.jpg 200w\" sizes=\"auto, (max-width: 1024px) 100vw, 1024px\" \/><\/a> <a href=\"https:\/\/agora.xtec.cat\/ceip-practiques-tarragona\/wp-content\/uploads\/usu583\/2025\/10\/IMG_7371-scaled.jpg\"><img loading=\"lazy\" decoding=\"async\" class=\"size-large wp-image-16129 aligncenter\" src=\"https:\/\/agora.xtec.cat\/ceip-practiques-tarragona\/wp-content\/uploads\/usu583\/2025\/10\/IMG_7371-1024x768.jpg\" alt=\"\" width=\"1024\" height=\"768\" srcset=\"https:\/\/agora.xtec.cat\/ceip-practiques-tarragona\/wp-content\/uploads\/usu583\/2025\/10\/IMG_7371-1024x768.jpg 1024w, https:\/\/agora.xtec.cat\/ceip-practiques-tarragona\/wp-content\/uploads\/usu583\/2025\/10\/IMG_7371-300x225.jpg 300w, https:\/\/agora.xtec.cat\/ceip-practiques-tarragona\/wp-content\/uploads\/usu583\/2025\/10\/IMG_7371-768x576.jpg 768w, https:\/\/agora.xtec.cat\/ceip-practiques-tarragona\/wp-content\/uploads\/usu583\/2025\/10\/IMG_7371-1536x1152.jpg 1536w, https:\/\/agora.xtec.cat\/ceip-practiques-tarragona\/wp-content\/uploads\/usu583\/2025\/10\/IMG_7371-2048x1536.jpg 2048w, https:\/\/agora.xtec.cat\/ceip-practiques-tarragona\/wp-content\/uploads\/usu583\/2025\/10\/IMG_7371-200x150.jpg 200w\" sizes=\"auto, (max-width: 1024px) 100vw, 1024px\" \/><\/a><\/p>\n","protected":false},"excerpt":{"rendered":"<p>Els alumnes de primer hem gaudit d\u2019un mat\u00ed al Museu d\u2019Art Modern de Tarragona. Hem realitzat una activitat sobre el paisatge. Ara ja som capa\u00e7os d\u2019observar i analitzar els paisatges des d&#8217;una altra perspectiva. Vam analitzar l\u2019obra La esfinge de Roscoff, del pintor Josep Nogu\u00e9&hellip;  <a href=\"https:\/\/agora.xtec.cat\/ceip-practiques-tarragona\/portada\/1r-al-museu-dart-modern-de-la-diputacio-de-tarragona\/\" title=\"Read 1r ha anat al Museu d&#8217;Art Modern de la Diputaci\u00f3 de Tarragona!\">Llegeix m\u00e9s\u00bb<\/a><\/p>\n","protected":false},"author":101,"featured_media":16129,"comment_status":"closed","ping_status":"open","sticky":false,"template":"","format":"standard","meta":{"_bbp_topic_count":0,"_bbp_reply_count":0,"_bbp_total_topic_count":0,"_bbp_total_reply_count":0,"_bbp_voice_count":0,"_bbp_anonymous_reply_count":0,"_bbp_topic_count_hidden":0,"_bbp_reply_count_hidden":0,"_bbp_forum_subforum_count":0,"footnotes":""},"categories":[10,4],"tags":[],"class_list":["post-16124","post","type-post","status-publish","format-standard","has-post-thumbnail","hentry","category-1r","category-portada"],"post_mailing_queue_ids":[],"_links":{"self":[{"href":"https:\/\/agora.xtec.cat\/ceip-practiques-tarragona\/wp-json\/wp\/v2\/posts\/16124","targetHints":{"allow":["GET"]}}],"collection":[{"href":"https:\/\/agora.xtec.cat\/ceip-practiques-tarragona\/wp-json\/wp\/v2\/posts"}],"about":[{"href":"https:\/\/agora.xtec.cat\/ceip-practiques-tarragona\/wp-json\/wp\/v2\/types\/post"}],"author":[{"embeddable":true,"href":"https:\/\/agora.xtec.cat\/ceip-practiques-tarragona\/wp-json\/wp\/v2\/users\/101"}],"replies":[{"embeddable":true,"href":"https:\/\/agora.xtec.cat\/ceip-practiques-tarragona\/wp-json\/wp\/v2\/comments?post=16124"}],"version-history":[{"count":2,"href":"https:\/\/agora.xtec.cat\/ceip-practiques-tarragona\/wp-json\/wp\/v2\/posts\/16124\/revisions"}],"predecessor-version":[{"id":16131,"href":"https:\/\/agora.xtec.cat\/ceip-practiques-tarragona\/wp-json\/wp\/v2\/posts\/16124\/revisions\/16131"}],"wp:featuredmedia":[{"embeddable":true,"href":"https:\/\/agora.xtec.cat\/ceip-practiques-tarragona\/wp-json\/wp\/v2\/media\/16129"}],"wp:attachment":[{"href":"https:\/\/agora.xtec.cat\/ceip-practiques-tarragona\/wp-json\/wp\/v2\/media?parent=16124"}],"wp:term":[{"taxonomy":"category","embeddable":true,"href":"https:\/\/agora.xtec.cat\/ceip-practiques-tarragona\/wp-json\/wp\/v2\/categories?post=16124"},{"taxonomy":"post_tag","embeddable":true,"href":"https:\/\/agora.xtec.cat\/ceip-practiques-tarragona\/wp-json\/wp\/v2\/tags?post=16124"}],"curies":[{"name":"wp","href":"https:\/\/api.w.org\/{rel}","templated":true}]}}