{"id":15639,"date":"2025-04-23T16:01:52","date_gmt":"2025-04-23T14:01:52","guid":{"rendered":"https:\/\/agora.xtec.cat\/ceip-practiques-tarragona\/?p=15639"},"modified":"2025-04-23T16:01:52","modified_gmt":"2025-04-23T14:01:52","slug":"sant-jordi-2025","status":"publish","type":"post","link":"https:\/\/agora.xtec.cat\/ceip-practiques-tarragona\/infantil\/sant-jordi-2025\/","title":{"rendered":"Sant Jordi 2025!"},"content":{"rendered":"<p>Els i les infants de l&#8217;escola hem celebrat Sant Jordi a trav\u00e9s de tallers de confecci\u00f3 de punts de llibres. L&#8217;alumnat de 6\u00e8, 5\u00e8, 4t i 3r ha ajudat als nens i les nenes de I3 fins a 2n en els diferents tallers de manualitats que hem fet avui. Ens ho hem passat molt b\u00e9! Tots els i les discents de l&#8217;escola avui marxaran amb punts de llibre fets per ells!<\/p>\n<p>&nbsp;<\/p>\n\n\t\t<style type=\"text\/css\">\n\t\t\t#gallery-1 {\n\t\t\t\tmargin: auto;\n\t\t\t}\n\t\t\t#gallery-1 .gallery-item {\n\t\t\t\tfloat: left;\n\t\t\t\tmargin-top: 10px;\n\t\t\t\ttext-align: center;\n\t\t\t\twidth: 33%;\n\t\t\t}\n\t\t\t#gallery-1 img {\n\t\t\t\tborder: 2px solid #cfcfcf;\n\t\t\t}\n\t\t\t#gallery-1 .gallery-caption {\n\t\t\t\tmargin-left: 0;\n\t\t\t}\n\t\t\t\/* see gallery_shortcode() in wp-includes\/media.php *\/\n\t\t<\/style>\n\t\t<div id='gallery-1' class='gallery galleryid-15639 gallery-columns-3 gallery-size-thumbnail'><dl class='gallery-item'>\n\t\t\t<dt class='gallery-icon portrait'>\n\t\t\t\t<a href='https:\/\/agora.xtec.cat\/ceip-practiques-tarragona\/infantil\/sant-jordi-2025\/attachment\/img_2423\/'><img loading=\"lazy\" decoding=\"async\" width=\"150\" height=\"150\" src=\"https:\/\/agora.xtec.cat\/ceip-practiques-tarragona\/wp-content\/uploads\/usu583\/2025\/04\/IMG_2423-150x150.jpeg\" class=\"attachment-thumbnail size-thumbnail\" alt=\"\" \/><\/a>\n\t\t\t<\/dt><\/dl><dl class='gallery-item'>\n\t\t\t<dt class='gallery-icon portrait'>\n\t\t\t\t<a href='https:\/\/agora.xtec.cat\/ceip-practiques-tarragona\/infantil\/sant-jordi-2025\/attachment\/imatge-de-whatsapp-2025-04-23-a-les-15-29-38_48c993b6\/'><img loading=\"lazy\" decoding=\"async\" width=\"150\" height=\"150\" src=\"https:\/\/agora.xtec.cat\/ceip-practiques-tarragona\/wp-content\/uploads\/usu583\/2025\/04\/Imatge-de-WhatsApp-2025-04-23-a-les-15.29.38_48c993b6-150x150.jpg\" class=\"attachment-thumbnail size-thumbnail\" alt=\"\" \/><\/a>\n\t\t\t<\/dt><\/dl><dl class='gallery-item'>\n\t\t\t<dt class='gallery-icon portrait'>\n\t\t\t\t<a href='https:\/\/agora.xtec.cat\/ceip-practiques-tarragona\/infantil\/sant-jordi-2025\/attachment\/imatge-de-whatsapp-2025-04-23-a-les-15-49-46_76ce75b9\/'><img loading=\"lazy\" decoding=\"async\" width=\"150\" height=\"150\" src=\"https:\/\/agora.xtec.cat\/ceip-practiques-tarragona\/wp-content\/uploads\/usu583\/2025\/04\/Imatge-de-WhatsApp-2025-04-23-a-les-15.49.46_76ce75b9-150x150.jpg\" class=\"attachment-thumbnail size-thumbnail\" alt=\"\" \/><\/a>\n\t\t\t<\/dt><\/dl><br style=\"clear: both\" \/><dl class='gallery-item'>\n\t\t\t<dt class='gallery-icon portrait'>\n\t\t\t\t<a href='https:\/\/agora.xtec.cat\/ceip-practiques-tarragona\/infantil\/sant-jordi-2025\/attachment\/imatge-de-whatsapp-2025-04-23-a-les-15-49-46_44839220\/'><img loading=\"lazy\" decoding=\"async\" width=\"150\" height=\"150\" src=\"https:\/\/agora.xtec.cat\/ceip-practiques-tarragona\/wp-content\/uploads\/usu583\/2025\/04\/Imatge-de-WhatsApp-2025-04-23-a-les-15.49.46_44839220-150x150.jpg\" class=\"attachment-thumbnail size-thumbnail\" alt=\"\" \/><\/a>\n\t\t\t<\/dt><\/dl><dl class='gallery-item'>\n\t\t\t<dt class='gallery-icon portrait'>\n\t\t\t\t<a href='https:\/\/agora.xtec.cat\/ceip-practiques-tarragona\/infantil\/sant-jordi-2025\/attachment\/imatge-de-whatsapp-2025-04-23-a-les-15-49-46_dc8b7bf3\/'><img loading=\"lazy\" decoding=\"async\" width=\"150\" height=\"150\" src=\"https:\/\/agora.xtec.cat\/ceip-practiques-tarragona\/wp-content\/uploads\/usu583\/2025\/04\/Imatge-de-WhatsApp-2025-04-23-a-les-15.49.46_dc8b7bf3-150x150.jpg\" class=\"attachment-thumbnail size-thumbnail\" alt=\"\" \/><\/a>\n\t\t\t<\/dt><\/dl><dl class='gallery-item'>\n\t\t\t<dt class='gallery-icon portrait'>\n\t\t\t\t<a href='https:\/\/agora.xtec.cat\/ceip-practiques-tarragona\/infantil\/sant-jordi-2025\/attachment\/img_2423-2\/'><img loading=\"lazy\" decoding=\"async\" width=\"150\" height=\"150\" src=\"https:\/\/agora.xtec.cat\/ceip-practiques-tarragona\/wp-content\/uploads\/usu583\/2025\/04\/IMG_2423-1-150x150.jpeg\" class=\"attachment-thumbnail size-thumbnail\" alt=\"\" \/><\/a>\n\t\t\t<\/dt><\/dl><br style=\"clear: both\" \/><dl class='gallery-item'>\n\t\t\t<dt class='gallery-icon portrait'>\n\t\t\t\t<a href='https:\/\/agora.xtec.cat\/ceip-practiques-tarragona\/infantil\/sant-jordi-2025\/attachment\/img_2436\/'><img loading=\"lazy\" decoding=\"async\" width=\"150\" height=\"150\" src=\"https:\/\/agora.xtec.cat\/ceip-practiques-tarragona\/wp-content\/uploads\/usu583\/2025\/04\/IMG_2436-150x150.jpeg\" class=\"attachment-thumbnail size-thumbnail\" alt=\"\" \/><\/a>\n\t\t\t<\/dt><\/dl><dl class='gallery-item'>\n\t\t\t<dt class='gallery-icon landscape'>\n\t\t\t\t<a href='https:\/\/agora.xtec.cat\/ceip-practiques-tarragona\/infantil\/sant-jordi-2025\/attachment\/img_2457\/'><img loading=\"lazy\" decoding=\"async\" width=\"150\" height=\"150\" src=\"https:\/\/agora.xtec.cat\/ceip-practiques-tarragona\/wp-content\/uploads\/usu583\/2025\/04\/IMG_2457-150x150.jpeg\" class=\"attachment-thumbnail size-thumbnail\" alt=\"\" \/><\/a>\n\t\t\t<\/dt><\/dl>\n\t\t\t<br style='clear: both' \/>\n\t\t<\/div>\n\n","protected":false},"excerpt":{"rendered":"<p>Els i les infants de l&#8217;escola hem celebrat Sant Jordi a trav\u00e9s de tallers de confecci\u00f3 de punts de llibres. L&#8217;alumnat de 6\u00e8, 5\u00e8, 4t i 3r ha ajudat als nens i les nenes de I3 fins a 2n en els diferents tallers de manualitats&hellip;  <a href=\"https:\/\/agora.xtec.cat\/ceip-practiques-tarragona\/infantil\/sant-jordi-2025\/\" title=\"Read Sant Jordi 2025!\">Llegeix m\u00e9s\u00bb<\/a><\/p>\n","protected":false},"author":101,"featured_media":0,"comment_status":"closed","ping_status":"closed","sticky":false,"template":"","format":"standard","meta":{"_bbp_topic_count":0,"_bbp_reply_count":0,"_bbp_total_topic_count":0,"_bbp_total_reply_count":0,"_bbp_voice_count":0,"_bbp_anonymous_reply_count":0,"_bbp_topic_count_hidden":0,"_bbp_reply_count_hidden":0,"_bbp_forum_subforum_count":0,"footnotes":""},"categories":[2,4,5],"tags":[],"class_list":["post-15639","post","type-post","status-publish","format-standard","hentry","category-infantil","category-portada","category-primaria"],"post_mailing_queue_ids":[],"_links":{"self":[{"href":"https:\/\/agora.xtec.cat\/ceip-practiques-tarragona\/wp-json\/wp\/v2\/posts\/15639","targetHints":{"allow":["GET"]}}],"collection":[{"href":"https:\/\/agora.xtec.cat\/ceip-practiques-tarragona\/wp-json\/wp\/v2\/posts"}],"about":[{"href":"https:\/\/agora.xtec.cat\/ceip-practiques-tarragona\/wp-json\/wp\/v2\/types\/post"}],"author":[{"embeddable":true,"href":"https:\/\/agora.xtec.cat\/ceip-practiques-tarragona\/wp-json\/wp\/v2\/users\/101"}],"replies":[{"embeddable":true,"href":"https:\/\/agora.xtec.cat\/ceip-practiques-tarragona\/wp-json\/wp\/v2\/comments?post=15639"}],"version-history":[{"count":1,"href":"https:\/\/agora.xtec.cat\/ceip-practiques-tarragona\/wp-json\/wp\/v2\/posts\/15639\/revisions"}],"predecessor-version":[{"id":15650,"href":"https:\/\/agora.xtec.cat\/ceip-practiques-tarragona\/wp-json\/wp\/v2\/posts\/15639\/revisions\/15650"}],"wp:attachment":[{"href":"https:\/\/agora.xtec.cat\/ceip-practiques-tarragona\/wp-json\/wp\/v2\/media?parent=15639"}],"wp:term":[{"taxonomy":"category","embeddable":true,"href":"https:\/\/agora.xtec.cat\/ceip-practiques-tarragona\/wp-json\/wp\/v2\/categories?post=15639"},{"taxonomy":"post_tag","embeddable":true,"href":"https:\/\/agora.xtec.cat\/ceip-practiques-tarragona\/wp-json\/wp\/v2\/tags?post=15639"}],"curies":[{"name":"wp","href":"https:\/\/api.w.org\/{rel}","templated":true}]}}