{"id":15610,"date":"2025-04-03T16:12:13","date_gmt":"2025-04-03T14:12:13","guid":{"rendered":"https:\/\/agora.xtec.cat\/ceip-practiques-tarragona\/?p=15610"},"modified":"2025-04-03T16:15:19","modified_gmt":"2025-04-03T14:15:19","slug":"i5-i-5e-els-padrins-de-lectura-ja-estan-en-marxa","status":"publish","type":"post","link":"https:\/\/agora.xtec.cat\/ceip-practiques-tarragona\/general\/i5-i-5e-els-padrins-de-lectura-ja-estan-en-marxa\/","title":{"rendered":"I5 i 5\u00e8. Els padrins de lectura ja estan en marxa!"},"content":{"rendered":"<p data-pm-slice=\"1 1 []\">A l&#8217;escola, hem iniciat una activitat molt especial i enriquidora: el projecte de Padrins Lectors. Els alumnes de 5\u00e8 de prim\u00e0ria s&#8217;han convertit en padrins i padrines dels infants d&#8217;I5, compartint amb ells moments de lectura plens d&#8217;il\u00b7lusi\u00f3 i aprenentatge.<\/p>\n<p>Cada setmana, els padrins i els seus fillols es reuneixen per llegir plegats. Els m\u00e9s grans ajuden els petits a endinsar-se en el m\u00f3n de la lectura, fomentant aix\u00ed l&#8217;h\u00e0bit lector, l&#8217;empatia i el vincle entre diferents edats. Aquesta experi\u00e8ncia no nom\u00e9s enriqueix el vocabulari i la comprensi\u00f3 lectora dels m\u00e9s petits, sin\u00f3 que tamb\u00e9 refor\u00e7a l&#8217;autoestima i la responsabilitat dels m\u00e9s grans.<\/p>\n<p>Les primeres trobades han estat tot un \u00e8xit! Els infants d&#8217;I5 han conegut els seus padrins lectors i hem signat un contracte d&#8217;apadrinament on ens comprometen padrins i fillols a llegir, a escoltar, a conversar\u00a0 i a gaudir d&#8217;una estona de lectura molt agradable i enriquidora.<\/p>\n<p>Estem segurs que aquest projecte continuar\u00e0 deixant empremta en tots els participants.<\/p>\n<p><strong>Endavant, padrins i fillols, a seguir gaudint del m\u00e0gic m\u00f3n dels llibres!!!<\/strong><\/p>\n","protected":false},"excerpt":{"rendered":"<p>.&hellip;  <a href=\"https:\/\/agora.xtec.cat\/ceip-practiques-tarragona\/general\/i5-i-5e-els-padrins-de-lectura-ja-estan-en-marxa\/\" title=\"Read I5 i 5\u00e8. Els padrins de lectura ja estan en marxa!\">Llegeix m\u00e9s\u00bb<\/a><\/p>\n","protected":false},"author":22,"featured_media":15611,"comment_status":"closed","ping_status":"closed","sticky":false,"template":"","format":"standard","meta":{"_bbp_topic_count":0,"_bbp_reply_count":0,"_bbp_total_topic_count":0,"_bbp_total_reply_count":0,"_bbp_voice_count":0,"_bbp_anonymous_reply_count":0,"_bbp_topic_count_hidden":0,"_bbp_reply_count_hidden":0,"_bbp_forum_subforum_count":0,"footnotes":""},"categories":[253,262,14,110,1,9,2,4,5],"tags":[281,411,410,354],"class_list":["post-15610","post","type-post","status-publish","format-standard","has-post-thumbnail","hentry","category-catala-5e","category-religio-i-valors-5e","category-5e","category-biblioteca","category-general","category-i5","category-infantil","category-portada","category-primaria","tag-5e","tag-fillols-lectors","tag-i5","tag-padrins-lectors"],"post_mailing_queue_ids":[],"_links":{"self":[{"href":"https:\/\/agora.xtec.cat\/ceip-practiques-tarragona\/wp-json\/wp\/v2\/posts\/15610","targetHints":{"allow":["GET"]}}],"collection":[{"href":"https:\/\/agora.xtec.cat\/ceip-practiques-tarragona\/wp-json\/wp\/v2\/posts"}],"about":[{"href":"https:\/\/agora.xtec.cat\/ceip-practiques-tarragona\/wp-json\/wp\/v2\/types\/post"}],"author":[{"embeddable":true,"href":"https:\/\/agora.xtec.cat\/ceip-practiques-tarragona\/wp-json\/wp\/v2\/users\/22"}],"replies":[{"embeddable":true,"href":"https:\/\/agora.xtec.cat\/ceip-practiques-tarragona\/wp-json\/wp\/v2\/comments?post=15610"}],"version-history":[{"count":5,"href":"https:\/\/agora.xtec.cat\/ceip-practiques-tarragona\/wp-json\/wp\/v2\/posts\/15610\/revisions"}],"predecessor-version":[{"id":15619,"href":"https:\/\/agora.xtec.cat\/ceip-practiques-tarragona\/wp-json\/wp\/v2\/posts\/15610\/revisions\/15619"}],"wp:featuredmedia":[{"embeddable":true,"href":"https:\/\/agora.xtec.cat\/ceip-practiques-tarragona\/wp-json\/wp\/v2\/media\/15611"}],"wp:attachment":[{"href":"https:\/\/agora.xtec.cat\/ceip-practiques-tarragona\/wp-json\/wp\/v2\/media?parent=15610"}],"wp:term":[{"taxonomy":"category","embeddable":true,"href":"https:\/\/agora.xtec.cat\/ceip-practiques-tarragona\/wp-json\/wp\/v2\/categories?post=15610"},{"taxonomy":"post_tag","embeddable":true,"href":"https:\/\/agora.xtec.cat\/ceip-practiques-tarragona\/wp-json\/wp\/v2\/tags?post=15610"}],"curies":[{"name":"wp","href":"https:\/\/api.w.org\/{rel}","templated":true}]}}