{"id":15289,"date":"2025-01-23T08:53:12","date_gmt":"2025-01-23T07:53:12","guid":{"rendered":"https:\/\/agora.xtec.cat\/ceip-practiques-tarragona\/?p=15289"},"modified":"2025-01-23T08:53:12","modified_gmt":"2025-01-23T07:53:12","slug":"racons-de-cicle-inicial","status":"publish","type":"post","link":"https:\/\/agora.xtec.cat\/ceip-practiques-tarragona\/portada\/racons-de-cicle-inicial\/","title":{"rendered":"Racons de cicle inicial"},"content":{"rendered":"<p><span style=\"font-weight: 400;\">Al cicle inicial, dos cops per setmana treballem per <\/span><b>racons<\/b><span style=\"font-weight: 400;\"> l\u2019\u00e0mbit matem\u00e0tic i l&#8217;\u00e0mbit ling\u00fc\u00edstic. Es tracta d\u2019una proposta metodol\u00f2gica que ajuda a diversificar els diferents nivells i ritmes maduratius a l\u2019aula. Es fa a trav\u00e9s de la codoc\u00e8ncia, \u00e9s a dir, dos mestres dins de l\u2019aula.<\/span><\/p>\n<p><span style=\"font-weight: 400;\">Es divideix el grup classe en cinc subgrups, heterogenis. Han d\u2019anar rotant i canviant de rac\u00f3 cada setmana, per tal d\u2019executar les cinc propostes plantejades a cada ronda.\u00a0 \u00c9s un espai on els alumnes s\u00f3n els protagonistes del seu proc\u00e9s d&#8217;aprenentatge.\u00a0<\/span><\/p>\n<p><span style=\"font-weight: 400;\">A cada ronda de racons, es presenten cinc propostes diferents que es realitzen de manera simult\u00e0nia. Una sempre \u00e9s digital, on repassen sabers ja treballats i s\u2019inicien en el m\u00f3n digital a trav\u00e9s de les tauletes. Les altres propostes, n\u2019hi ha dos que acostumen a ser m\u00e9s complexes, i \u00e9s on sempre estan acompanyats per una mestra que guia, dinamitza, acompanya i proporciona oportunitats perqu\u00e8 cada alumne activi el seu potencial. Les altres dues propostes estan pensades perqu\u00e8 els alumnes les realitzin de manera aut\u00f2noma i individual, respectant els seus interessos i ritmes d&#8217;aprenentatge a trav\u00e9s d&#8217;activitats que ajuden a refor\u00e7ar sabers i destreses b\u00e0siques per a continuar desenvolupant i construint el seu aprenentatge. Aquesta manera de treballar afavoreix l\u2019autonomia i la capacitat d\u2019organitzaci\u00f3 del nen, com ara tamb\u00e9 ajuda a fer que les tasques es puguin realitzar de manera manipulativa i personalitzada.<\/span> <a href=\"https:\/\/agora.xtec.cat\/ceip-practiques-tarragona\/wp-content\/uploads\/usu583\/2025\/01\/IMG_0464-1-scaled.jpg\"><img loading=\"lazy\" decoding=\"async\" class=\"alignnone size-large wp-image-15294\" src=\"https:\/\/agora.xtec.cat\/ceip-practiques-tarragona\/wp-content\/uploads\/usu583\/2025\/01\/IMG_0464-1-768x1024.jpg\" alt=\"\" width=\"768\" height=\"1024\" srcset=\"https:\/\/agora.xtec.cat\/ceip-practiques-tarragona\/wp-content\/uploads\/usu583\/2025\/01\/IMG_0464-1-768x1024.jpg 768w, https:\/\/agora.xtec.cat\/ceip-practiques-tarragona\/wp-content\/uploads\/usu583\/2025\/01\/IMG_0464-1-225x300.jpg 225w, https:\/\/agora.xtec.cat\/ceip-practiques-tarragona\/wp-content\/uploads\/usu583\/2025\/01\/IMG_0464-1-1152x1536.jpg 1152w, https:\/\/agora.xtec.cat\/ceip-practiques-tarragona\/wp-content\/uploads\/usu583\/2025\/01\/IMG_0464-1-1536x2048.jpg 1536w, https:\/\/agora.xtec.cat\/ceip-practiques-tarragona\/wp-content\/uploads\/usu583\/2025\/01\/IMG_0464-1-scaled.jpg 1920w\" sizes=\"auto, (max-width: 768px) 100vw, 768px\" \/><\/a> <a href=\"https:\/\/agora.xtec.cat\/ceip-practiques-tarragona\/wp-content\/uploads\/usu583\/2025\/01\/IMG_0720-1-scaled.jpg\"><img loading=\"lazy\" decoding=\"async\" class=\"alignnone size-large wp-image-15295\" src=\"https:\/\/agora.xtec.cat\/ceip-practiques-tarragona\/wp-content\/uploads\/usu583\/2025\/01\/IMG_0720-1-768x1024.jpg\" alt=\"\" width=\"768\" height=\"1024\" srcset=\"https:\/\/agora.xtec.cat\/ceip-practiques-tarragona\/wp-content\/uploads\/usu583\/2025\/01\/IMG_0720-1-768x1024.jpg 768w, https:\/\/agora.xtec.cat\/ceip-practiques-tarragona\/wp-content\/uploads\/usu583\/2025\/01\/IMG_0720-1-225x300.jpg 225w, https:\/\/agora.xtec.cat\/ceip-practiques-tarragona\/wp-content\/uploads\/usu583\/2025\/01\/IMG_0720-1-1152x1536.jpg 1152w, https:\/\/agora.xtec.cat\/ceip-practiques-tarragona\/wp-content\/uploads\/usu583\/2025\/01\/IMG_0720-1-1536x2048.jpg 1536w, https:\/\/agora.xtec.cat\/ceip-practiques-tarragona\/wp-content\/uploads\/usu583\/2025\/01\/IMG_0720-1-scaled.jpg 1920w\" sizes=\"auto, (max-width: 768px) 100vw, 768px\" \/><\/a> <a href=\"https:\/\/agora.xtec.cat\/ceip-practiques-tarragona\/wp-content\/uploads\/usu583\/2025\/01\/1731709799935-1-scaled.jpg\"><img loading=\"lazy\" decoding=\"async\" class=\"alignnone size-large wp-image-15296\" src=\"https:\/\/agora.xtec.cat\/ceip-practiques-tarragona\/wp-content\/uploads\/usu583\/2025\/01\/1731709799935-1-1024x768.jpg\" alt=\"\" width=\"1024\" height=\"768\" srcset=\"https:\/\/agora.xtec.cat\/ceip-practiques-tarragona\/wp-content\/uploads\/usu583\/2025\/01\/1731709799935-1-1024x768.jpg 1024w, https:\/\/agora.xtec.cat\/ceip-practiques-tarragona\/wp-content\/uploads\/usu583\/2025\/01\/1731709799935-1-300x225.jpg 300w, https:\/\/agora.xtec.cat\/ceip-practiques-tarragona\/wp-content\/uploads\/usu583\/2025\/01\/1731709799935-1-768x576.jpg 768w, https:\/\/agora.xtec.cat\/ceip-practiques-tarragona\/wp-content\/uploads\/usu583\/2025\/01\/1731709799935-1-1536x1152.jpg 1536w, https:\/\/agora.xtec.cat\/ceip-practiques-tarragona\/wp-content\/uploads\/usu583\/2025\/01\/1731709799935-1-2048x1536.jpg 2048w, https:\/\/agora.xtec.cat\/ceip-practiques-tarragona\/wp-content\/uploads\/usu583\/2025\/01\/1731709799935-1-200x150.jpg 200w\" sizes=\"auto, (max-width: 1024px) 100vw, 1024px\" \/><\/a> <a href=\"https:\/\/agora.xtec.cat\/ceip-practiques-tarragona\/wp-content\/uploads\/usu583\/2025\/01\/1733056969380-1-scaled.jpg\"><img loading=\"lazy\" decoding=\"async\" class=\"alignnone size-large wp-image-15297\" src=\"https:\/\/agora.xtec.cat\/ceip-practiques-tarragona\/wp-content\/uploads\/usu583\/2025\/01\/1733056969380-1-1024x768.jpg\" alt=\"\" width=\"1024\" height=\"768\" srcset=\"https:\/\/agora.xtec.cat\/ceip-practiques-tarragona\/wp-content\/uploads\/usu583\/2025\/01\/1733056969380-1-1024x768.jpg 1024w, https:\/\/agora.xtec.cat\/ceip-practiques-tarragona\/wp-content\/uploads\/usu583\/2025\/01\/1733056969380-1-300x225.jpg 300w, https:\/\/agora.xtec.cat\/ceip-practiques-tarragona\/wp-content\/uploads\/usu583\/2025\/01\/1733056969380-1-768x576.jpg 768w, https:\/\/agora.xtec.cat\/ceip-practiques-tarragona\/wp-content\/uploads\/usu583\/2025\/01\/1733056969380-1-1536x1152.jpg 1536w, https:\/\/agora.xtec.cat\/ceip-practiques-tarragona\/wp-content\/uploads\/usu583\/2025\/01\/1733056969380-1-2048x1536.jpg 2048w, https:\/\/agora.xtec.cat\/ceip-practiques-tarragona\/wp-content\/uploads\/usu583\/2025\/01\/1733056969380-1-200x150.jpg 200w\" sizes=\"auto, (max-width: 1024px) 100vw, 1024px\" \/><\/a><\/p>\n","protected":false},"excerpt":{"rendered":"<p>Al cicle inicial, dos cops per setmana treballem per racons l\u2019\u00e0mbit matem\u00e0tic i l&#8217;\u00e0mbit ling\u00fc\u00edstic. Es tracta d\u2019una proposta metodol\u00f2gica que ajuda a diversificar els diferents nivells i ritmes maduratius a l\u2019aula. Es fa a trav\u00e9s de la codoc\u00e8ncia, \u00e9s a dir, dos mestres dins&hellip;  <a href=\"https:\/\/agora.xtec.cat\/ceip-practiques-tarragona\/portada\/racons-de-cicle-inicial\/\" title=\"Read Racons de cicle inicial\">Llegeix m\u00e9s\u00bb<\/a><\/p>\n","protected":false},"author":101,"featured_media":0,"comment_status":"closed","ping_status":"closed","sticky":false,"template":"","format":"standard","meta":{"_bbp_topic_count":0,"_bbp_reply_count":0,"_bbp_total_topic_count":0,"_bbp_total_reply_count":0,"_bbp_voice_count":0,"_bbp_anonymous_reply_count":0,"_bbp_topic_count_hidden":0,"_bbp_reply_count_hidden":0,"_bbp_forum_subforum_count":0,"footnotes":""},"categories":[10,11,4,5],"tags":[],"class_list":["post-15289","post","type-post","status-publish","format-standard","hentry","category-1r","category-2n","category-portada","category-primaria"],"post_mailing_queue_ids":[],"_links":{"self":[{"href":"https:\/\/agora.xtec.cat\/ceip-practiques-tarragona\/wp-json\/wp\/v2\/posts\/15289","targetHints":{"allow":["GET"]}}],"collection":[{"href":"https:\/\/agora.xtec.cat\/ceip-practiques-tarragona\/wp-json\/wp\/v2\/posts"}],"about":[{"href":"https:\/\/agora.xtec.cat\/ceip-practiques-tarragona\/wp-json\/wp\/v2\/types\/post"}],"author":[{"embeddable":true,"href":"https:\/\/agora.xtec.cat\/ceip-practiques-tarragona\/wp-json\/wp\/v2\/users\/101"}],"replies":[{"embeddable":true,"href":"https:\/\/agora.xtec.cat\/ceip-practiques-tarragona\/wp-json\/wp\/v2\/comments?post=15289"}],"version-history":[{"count":1,"href":"https:\/\/agora.xtec.cat\/ceip-practiques-tarragona\/wp-json\/wp\/v2\/posts\/15289\/revisions"}],"predecessor-version":[{"id":15298,"href":"https:\/\/agora.xtec.cat\/ceip-practiques-tarragona\/wp-json\/wp\/v2\/posts\/15289\/revisions\/15298"}],"wp:attachment":[{"href":"https:\/\/agora.xtec.cat\/ceip-practiques-tarragona\/wp-json\/wp\/v2\/media?parent=15289"}],"wp:term":[{"taxonomy":"category","embeddable":true,"href":"https:\/\/agora.xtec.cat\/ceip-practiques-tarragona\/wp-json\/wp\/v2\/categories?post=15289"},{"taxonomy":"post_tag","embeddable":true,"href":"https:\/\/agora.xtec.cat\/ceip-practiques-tarragona\/wp-json\/wp\/v2\/tags?post=15289"}],"curies":[{"name":"wp","href":"https:\/\/api.w.org\/{rel}","templated":true}]}}