{"id":15228,"date":"2024-05-30T16:39:01","date_gmt":"2024-05-30T14:39:01","guid":{"rendered":"https:\/\/agora.xtec.cat\/ceip-practiques-tarragona\/?p=15228"},"modified":"2024-12-02T16:46:36","modified_gmt":"2024-12-02T15:46:36","slug":"3r-taller-educaixa-a-ritme-de-nombres-i-xifres","status":"publish","type":"post","link":"https:\/\/agora.xtec.cat\/ceip-practiques-tarragona\/general\/3r-taller-educaixa-a-ritme-de-nombres-i-xifres\/","title":{"rendered":"3r &#8211; Taller Educaixa. A ritme de nombres i xifres"},"content":{"rendered":"<p>El 30 de maig de 2024, l&#8217;alumnat de 3r va fer un taller que els va permetre descobrir que les matem\u00e0tiques poden ser fascinants i divertides. L&#8217;alumnat va posar a prova la seva agilitat mental a trav\u00e9s de sorprenents jocs matem\u00e0tics. Va calcular amb \u00e0bacs i coneixer el fascinant m\u00f3n de la simetria i la proporci\u00f3. Finalment, va de desxifrar missatges secrets que estaven codificats en clau matem\u00e0tica.<\/p>\n<p>Aquesta activitat ha estat subvencionada per l\u2019organitzaci\u00f3 de sortides pedag\u00f2giques per l\u2019Ajuntament de Tarragona amb la finalitat de facilitar la participaci\u00f3 de tot l\u2019alumnat en les activitats organitzades pels centres educatius dins del terme municipal de Tarragona.<\/p>\n<p><img loading=\"lazy\" decoding=\"async\" class=\"aligncenter size-full wp-image-15231\" src=\"https:\/\/agora.xtec.cat\/ceip-practiques-tarragona\/wp-content\/uploads\/usu583\/2024\/12\/IMG20240530100748-scaled.jpg\" alt=\"\" width=\"2560\" height=\"1920\" srcset=\"https:\/\/agora.xtec.cat\/ceip-practiques-tarragona\/wp-content\/uploads\/usu583\/2024\/12\/IMG20240530100748-scaled.jpg 2560w, https:\/\/agora.xtec.cat\/ceip-practiques-tarragona\/wp-content\/uploads\/usu583\/2024\/12\/IMG20240530100748-300x225.jpg 300w, https:\/\/agora.xtec.cat\/ceip-practiques-tarragona\/wp-content\/uploads\/usu583\/2024\/12\/IMG20240530100748-1024x768.jpg 1024w, https:\/\/agora.xtec.cat\/ceip-practiques-tarragona\/wp-content\/uploads\/usu583\/2024\/12\/IMG20240530100748-768x576.jpg 768w, https:\/\/agora.xtec.cat\/ceip-practiques-tarragona\/wp-content\/uploads\/usu583\/2024\/12\/IMG20240530100748-1536x1152.jpg 1536w, https:\/\/agora.xtec.cat\/ceip-practiques-tarragona\/wp-content\/uploads\/usu583\/2024\/12\/IMG20240530100748-2048x1536.jpg 2048w, https:\/\/agora.xtec.cat\/ceip-practiques-tarragona\/wp-content\/uploads\/usu583\/2024\/12\/IMG20240530100748-200x150.jpg 200w\" sizes=\"auto, (max-width: 2560px) 100vw, 2560px\" \/> <img loading=\"lazy\" decoding=\"async\" class=\"aligncenter size-full wp-image-15230\" src=\"https:\/\/agora.xtec.cat\/ceip-practiques-tarragona\/wp-content\/uploads\/usu583\/2024\/12\/IMG_20240530_115119-scaled.jpg\" alt=\"\" width=\"2560\" height=\"1920\" srcset=\"https:\/\/agora.xtec.cat\/ceip-practiques-tarragona\/wp-content\/uploads\/usu583\/2024\/12\/IMG_20240530_115119-scaled.jpg 2560w, https:\/\/agora.xtec.cat\/ceip-practiques-tarragona\/wp-content\/uploads\/usu583\/2024\/12\/IMG_20240530_115119-300x225.jpg 300w, https:\/\/agora.xtec.cat\/ceip-practiques-tarragona\/wp-content\/uploads\/usu583\/2024\/12\/IMG_20240530_115119-1024x768.jpg 1024w, https:\/\/agora.xtec.cat\/ceip-practiques-tarragona\/wp-content\/uploads\/usu583\/2024\/12\/IMG_20240530_115119-768x576.jpg 768w, https:\/\/agora.xtec.cat\/ceip-practiques-tarragona\/wp-content\/uploads\/usu583\/2024\/12\/IMG_20240530_115119-1536x1152.jpg 1536w, https:\/\/agora.xtec.cat\/ceip-practiques-tarragona\/wp-content\/uploads\/usu583\/2024\/12\/IMG_20240530_115119-2048x1536.jpg 2048w, https:\/\/agora.xtec.cat\/ceip-practiques-tarragona\/wp-content\/uploads\/usu583\/2024\/12\/IMG_20240530_115119-200x150.jpg 200w\" sizes=\"auto, (max-width: 2560px) 100vw, 2560px\" \/><\/p>\n","protected":false},"excerpt":{"rendered":"<p>El 30 de maig de 2024, l&#8217;alumnat de 3r va fer un taller que els va permetre descobrir que les matem\u00e0tiques poden ser fascinants i divertides. L&#8217;alumnat va posar a prova la seva agilitat mental a trav\u00e9s de sorprenents jocs matem\u00e0tics. Va calcular amb \u00e0bacs&hellip;  <a href=\"https:\/\/agora.xtec.cat\/ceip-practiques-tarragona\/general\/3r-taller-educaixa-a-ritme-de-nombres-i-xifres\/\" title=\"Read 3r &#8211; Taller Educaixa. A ritme de nombres i xifres\">Llegeix m\u00e9s\u00bb<\/a><\/p>\n","protected":false},"author":48,"featured_media":15230,"comment_status":"closed","ping_status":"closed","sticky":false,"template":"","format":"standard","meta":{"_bbp_topic_count":0,"_bbp_reply_count":0,"_bbp_total_topic_count":0,"_bbp_total_reply_count":0,"_bbp_voice_count":0,"_bbp_anonymous_reply_count":0,"_bbp_topic_count_hidden":0,"_bbp_reply_count_hidden":0,"_bbp_forum_subforum_count":0,"footnotes":""},"categories":[1],"tags":[],"class_list":["post-15228","post","type-post","status-publish","format-standard","has-post-thumbnail","hentry","category-general"],"post_mailing_queue_ids":[],"_links":{"self":[{"href":"https:\/\/agora.xtec.cat\/ceip-practiques-tarragona\/wp-json\/wp\/v2\/posts\/15228","targetHints":{"allow":["GET"]}}],"collection":[{"href":"https:\/\/agora.xtec.cat\/ceip-practiques-tarragona\/wp-json\/wp\/v2\/posts"}],"about":[{"href":"https:\/\/agora.xtec.cat\/ceip-practiques-tarragona\/wp-json\/wp\/v2\/types\/post"}],"author":[{"embeddable":true,"href":"https:\/\/agora.xtec.cat\/ceip-practiques-tarragona\/wp-json\/wp\/v2\/users\/48"}],"replies":[{"embeddable":true,"href":"https:\/\/agora.xtec.cat\/ceip-practiques-tarragona\/wp-json\/wp\/v2\/comments?post=15228"}],"version-history":[{"count":2,"href":"https:\/\/agora.xtec.cat\/ceip-practiques-tarragona\/wp-json\/wp\/v2\/posts\/15228\/revisions"}],"predecessor-version":[{"id":15233,"href":"https:\/\/agora.xtec.cat\/ceip-practiques-tarragona\/wp-json\/wp\/v2\/posts\/15228\/revisions\/15233"}],"wp:featuredmedia":[{"embeddable":true,"href":"https:\/\/agora.xtec.cat\/ceip-practiques-tarragona\/wp-json\/wp\/v2\/media\/15230"}],"wp:attachment":[{"href":"https:\/\/agora.xtec.cat\/ceip-practiques-tarragona\/wp-json\/wp\/v2\/media?parent=15228"}],"wp:term":[{"taxonomy":"category","embeddable":true,"href":"https:\/\/agora.xtec.cat\/ceip-practiques-tarragona\/wp-json\/wp\/v2\/categories?post=15228"},{"taxonomy":"post_tag","embeddable":true,"href":"https:\/\/agora.xtec.cat\/ceip-practiques-tarragona\/wp-json\/wp\/v2\/tags?post=15228"}],"curies":[{"name":"wp","href":"https:\/\/api.w.org\/{rel}","templated":true}]}}