{"id":14930,"date":"2024-06-04T09:00:07","date_gmt":"2024-06-04T07:00:07","guid":{"rendered":"https:\/\/agora.xtec.cat\/ceip-practiques-tarragona\/?p=14930"},"modified":"2024-05-30T13:54:36","modified_gmt":"2024-05-30T11:54:36","slug":"sortida-di3-al-refugi-de-les-set-cabretes","status":"publish","type":"post","link":"https:\/\/agora.xtec.cat\/ceip-practiques-tarragona\/general\/sortida-di3-al-refugi-de-les-set-cabretes\/","title":{"rendered":"Sortida d&#8217;I3 al Refugi de les Set Cabretes"},"content":{"rendered":"<p><span style=\"font-weight: 400\">Les nenes i nens d\u2019I3 han anat d\u2019excursi\u00f3 al Refugi de les set cabretes, a Botarell.<\/span><\/p>\n<p><span style=\"font-weight: 400\">Un dia on tots els infants van poder fer de grangers, cuidant als diferents animals de la granja: ovelles, cavalls, cabres, entre molts d\u2019altres.<\/span><\/p>\n<p><span style=\"font-weight: 400\">Us animem a veure les fotografies, ens ho vam passar d\u2019all\u00f2 m\u00e9s b\u00e9!\u00a0<\/span><\/p>\n<p><a href=\"https:\/\/agora.xtec.cat\/ceip-practiques-tarragona\/wp-content\/uploads\/usu583\/2024\/05\/IMG_2777.jpg\"><img loading=\"lazy\" decoding=\"async\" class=\"wp-image-14931 aligncenter\" src=\"https:\/\/agora.xtec.cat\/ceip-practiques-tarragona\/wp-content\/uploads\/usu583\/2024\/05\/IMG_2777.jpg\" alt=\"\" width=\"595\" height=\"446\" srcset=\"https:\/\/agora.xtec.cat\/ceip-practiques-tarragona\/wp-content\/uploads\/usu583\/2024\/05\/IMG_2777.jpg 1008w, https:\/\/agora.xtec.cat\/ceip-practiques-tarragona\/wp-content\/uploads\/usu583\/2024\/05\/IMG_2777-300x225.jpg 300w, https:\/\/agora.xtec.cat\/ceip-practiques-tarragona\/wp-content\/uploads\/usu583\/2024\/05\/IMG_2777-768x576.jpg 768w, https:\/\/agora.xtec.cat\/ceip-practiques-tarragona\/wp-content\/uploads\/usu583\/2024\/05\/IMG_2777-200x150.jpg 200w\" sizes=\"auto, (max-width: 595px) 100vw, 595px\" \/><\/a> <a href=\"https:\/\/agora.xtec.cat\/ceip-practiques-tarragona\/wp-content\/uploads\/usu583\/2024\/05\/20240419_122652.jpg\"><img loading=\"lazy\" decoding=\"async\" class=\"wp-image-14932 aligncenter\" src=\"https:\/\/agora.xtec.cat\/ceip-practiques-tarragona\/wp-content\/uploads\/usu583\/2024\/05\/20240419_122652.jpg\" alt=\"\" width=\"561\" height=\"421\" srcset=\"https:\/\/agora.xtec.cat\/ceip-practiques-tarragona\/wp-content\/uploads\/usu583\/2024\/05\/20240419_122652.jpg 1000w, https:\/\/agora.xtec.cat\/ceip-practiques-tarragona\/wp-content\/uploads\/usu583\/2024\/05\/20240419_122652-300x225.jpg 300w, https:\/\/agora.xtec.cat\/ceip-practiques-tarragona\/wp-content\/uploads\/usu583\/2024\/05\/20240419_122652-768x576.jpg 768w, https:\/\/agora.xtec.cat\/ceip-practiques-tarragona\/wp-content\/uploads\/usu583\/2024\/05\/20240419_122652-200x150.jpg 200w\" sizes=\"auto, (max-width: 561px) 100vw, 561px\" \/><\/a> <a href=\"https:\/\/agora.xtec.cat\/ceip-practiques-tarragona\/wp-content\/uploads\/usu583\/2024\/05\/20240419_130155-rotated.jpg\"><img loading=\"lazy\" decoding=\"async\" class=\"wp-image-14933 aligncenter\" src=\"https:\/\/agora.xtec.cat\/ceip-practiques-tarragona\/wp-content\/uploads\/usu583\/2024\/05\/20240419_130155-rotated.jpg\" alt=\"\" width=\"539\" height=\"719\" srcset=\"https:\/\/agora.xtec.cat\/ceip-practiques-tarragona\/wp-content\/uploads\/usu583\/2024\/05\/20240419_130155-rotated.jpg 750w, https:\/\/agora.xtec.cat\/ceip-practiques-tarragona\/wp-content\/uploads\/usu583\/2024\/05\/20240419_130155-225x300.jpg 225w\" sizes=\"auto, (max-width: 539px) 100vw, 539px\" \/><\/a> <a href=\"https:\/\/agora.xtec.cat\/ceip-practiques-tarragona\/wp-content\/uploads\/usu583\/2024\/05\/IMG_1380.jpg\"><img loading=\"lazy\" decoding=\"async\" class=\"wp-image-14934 aligncenter\" src=\"https:\/\/agora.xtec.cat\/ceip-practiques-tarragona\/wp-content\/uploads\/usu583\/2024\/05\/IMG_1380.jpg\" alt=\"\" width=\"524\" height=\"393\" srcset=\"https:\/\/agora.xtec.cat\/ceip-practiques-tarragona\/wp-content\/uploads\/usu583\/2024\/05\/IMG_1380.jpg 1008w, https:\/\/agora.xtec.cat\/ceip-practiques-tarragona\/wp-content\/uploads\/usu583\/2024\/05\/IMG_1380-300x225.jpg 300w, https:\/\/agora.xtec.cat\/ceip-practiques-tarragona\/wp-content\/uploads\/usu583\/2024\/05\/IMG_1380-768x576.jpg 768w, https:\/\/agora.xtec.cat\/ceip-practiques-tarragona\/wp-content\/uploads\/usu583\/2024\/05\/IMG_1380-200x150.jpg 200w\" sizes=\"auto, (max-width: 524px) 100vw, 524px\" \/><\/a> <a href=\"https:\/\/agora.xtec.cat\/ceip-practiques-tarragona\/wp-content\/uploads\/usu583\/2024\/05\/IMG_1475-rotated.jpg\"><img loading=\"lazy\" decoding=\"async\" class=\"wp-image-14935 aligncenter\" src=\"https:\/\/agora.xtec.cat\/ceip-practiques-tarragona\/wp-content\/uploads\/usu583\/2024\/05\/IMG_1475-rotated.jpg\" alt=\"\" width=\"462\" height=\"616\" srcset=\"https:\/\/agora.xtec.cat\/ceip-practiques-tarragona\/wp-content\/uploads\/usu583\/2024\/05\/IMG_1475-rotated.jpg 756w, https:\/\/agora.xtec.cat\/ceip-practiques-tarragona\/wp-content\/uploads\/usu583\/2024\/05\/IMG_1475-225x300.jpg 225w\" sizes=\"auto, (max-width: 462px) 100vw, 462px\" \/><\/a><\/p>\n","protected":false},"excerpt":{"rendered":"<p>Les nenes i nens d\u2019I3 han anat d\u2019excursi\u00f3 al Refugi de les set cabretes, a Botarell.<br \/>\nUn dia on tots els infants van poder fer de grangers, cuidant als diferents animals de la granja: ovelles, cavalls, cabres, entre molts d\u2019altres.<br \/>\nUs animem a veure les fotografies, ens&hellip;  <a href=\"https:\/\/agora.xtec.cat\/ceip-practiques-tarragona\/general\/sortida-di3-al-refugi-de-les-set-cabretes\/\" title=\"Read Sortida d&#8217;I3 al Refugi de les Set Cabretes\">Llegeix m\u00e9s\u00bb<\/a><\/p>\n","protected":false},"author":91,"featured_media":14931,"comment_status":"closed","ping_status":"closed","sticky":false,"template":"","format":"standard","meta":{"_bbp_topic_count":0,"_bbp_reply_count":0,"_bbp_total_topic_count":0,"_bbp_total_reply_count":0,"_bbp_voice_count":0,"_bbp_anonymous_reply_count":0,"_bbp_topic_count_hidden":0,"_bbp_reply_count_hidden":0,"_bbp_forum_subforum_count":0,"footnotes":""},"categories":[40,1,3,2,4],"tags":[],"class_list":["post-14930","post","type-post","status-publish","format-standard","has-post-thumbnail","hentry","category-educacio-infantil","category-general","category-i3","category-infantil","category-portada"],"post_mailing_queue_ids":[],"_links":{"self":[{"href":"https:\/\/agora.xtec.cat\/ceip-practiques-tarragona\/wp-json\/wp\/v2\/posts\/14930","targetHints":{"allow":["GET"]}}],"collection":[{"href":"https:\/\/agora.xtec.cat\/ceip-practiques-tarragona\/wp-json\/wp\/v2\/posts"}],"about":[{"href":"https:\/\/agora.xtec.cat\/ceip-practiques-tarragona\/wp-json\/wp\/v2\/types\/post"}],"author":[{"embeddable":true,"href":"https:\/\/agora.xtec.cat\/ceip-practiques-tarragona\/wp-json\/wp\/v2\/users\/91"}],"replies":[{"embeddable":true,"href":"https:\/\/agora.xtec.cat\/ceip-practiques-tarragona\/wp-json\/wp\/v2\/comments?post=14930"}],"version-history":[{"count":1,"href":"https:\/\/agora.xtec.cat\/ceip-practiques-tarragona\/wp-json\/wp\/v2\/posts\/14930\/revisions"}],"predecessor-version":[{"id":14936,"href":"https:\/\/agora.xtec.cat\/ceip-practiques-tarragona\/wp-json\/wp\/v2\/posts\/14930\/revisions\/14936"}],"wp:featuredmedia":[{"embeddable":true,"href":"https:\/\/agora.xtec.cat\/ceip-practiques-tarragona\/wp-json\/wp\/v2\/media\/14931"}],"wp:attachment":[{"href":"https:\/\/agora.xtec.cat\/ceip-practiques-tarragona\/wp-json\/wp\/v2\/media?parent=14930"}],"wp:term":[{"taxonomy":"category","embeddable":true,"href":"https:\/\/agora.xtec.cat\/ceip-practiques-tarragona\/wp-json\/wp\/v2\/categories?post=14930"},{"taxonomy":"post_tag","embeddable":true,"href":"https:\/\/agora.xtec.cat\/ceip-practiques-tarragona\/wp-json\/wp\/v2\/tags?post=14930"}],"curies":[{"name":"wp","href":"https:\/\/api.w.org\/{rel}","templated":true}]}}