{"id":14922,"date":"2024-06-03T09:00:34","date_gmt":"2024-06-03T07:00:34","guid":{"rendered":"https:\/\/agora.xtec.cat\/ceip-practiques-tarragona\/?p=14922"},"modified":"2024-05-30T13:41:40","modified_gmt":"2024-05-30T11:41:40","slug":"els-infants-di4-hem-anat-a-prades","status":"publish","type":"post","link":"https:\/\/agora.xtec.cat\/ceip-practiques-tarragona\/infantil\/els-infants-di4-hem-anat-a-prades\/","title":{"rendered":"Els infants d&#8217;I4 hem anat a Prades!"},"content":{"rendered":"<p><span style=\"font-weight: 400\">Les nenes i els nens d\u2019I4 vam anar d&#8217;excursi\u00f3 a la Roca Foradada de Prades.<\/span><\/p>\n<p><span style=\"font-weight: 400\">Vam passar un dia envoltats de natura buscant els tresors amagats del cam\u00ed, escoltant els ocells i descobrint el conte del Follet de la Primavera. Va ser un dia d&#8217;all\u00f2 m\u00e9s divertit!<\/span><\/p>\n<p><a href=\"https:\/\/agora.xtec.cat\/ceip-practiques-tarragona\/wp-content\/uploads\/usu583\/2024\/05\/C7C027E9-4637-43C8-8ED1-04691C2B3D2D_1-rotated.jpg\"><img loading=\"lazy\" decoding=\"async\" class=\"wp-image-14923 aligncenter\" src=\"https:\/\/agora.xtec.cat\/ceip-practiques-tarragona\/wp-content\/uploads\/usu583\/2024\/05\/C7C027E9-4637-43C8-8ED1-04691C2B3D2D_1-rotated.jpg\" alt=\"\" width=\"398\" height=\"531\" srcset=\"https:\/\/agora.xtec.cat\/ceip-practiques-tarragona\/wp-content\/uploads\/usu583\/2024\/05\/C7C027E9-4637-43C8-8ED1-04691C2B3D2D_1-rotated.jpg 756w, https:\/\/agora.xtec.cat\/ceip-practiques-tarragona\/wp-content\/uploads\/usu583\/2024\/05\/C7C027E9-4637-43C8-8ED1-04691C2B3D2D_1-225x300.jpg 225w\" sizes=\"auto, (max-width: 398px) 100vw, 398px\" \/><\/a><a href=\"https:\/\/agora.xtec.cat\/ceip-practiques-tarragona\/wp-content\/uploads\/usu583\/2024\/05\/7443CE43-C863-4EF5-9737-B638FA7DBFB1_1.jpg\"><img loading=\"lazy\" decoding=\"async\" class=\"wp-image-14924 aligncenter\" src=\"https:\/\/agora.xtec.cat\/ceip-practiques-tarragona\/wp-content\/uploads\/usu583\/2024\/05\/7443CE43-C863-4EF5-9737-B638FA7DBFB1_1.jpg\" alt=\"\" width=\"455\" height=\"341\" srcset=\"https:\/\/agora.xtec.cat\/ceip-practiques-tarragona\/wp-content\/uploads\/usu583\/2024\/05\/7443CE43-C863-4EF5-9737-B638FA7DBFB1_1.jpg 1008w, https:\/\/agora.xtec.cat\/ceip-practiques-tarragona\/wp-content\/uploads\/usu583\/2024\/05\/7443CE43-C863-4EF5-9737-B638FA7DBFB1_1-300x225.jpg 300w, https:\/\/agora.xtec.cat\/ceip-practiques-tarragona\/wp-content\/uploads\/usu583\/2024\/05\/7443CE43-C863-4EF5-9737-B638FA7DBFB1_1-768x576.jpg 768w, https:\/\/agora.xtec.cat\/ceip-practiques-tarragona\/wp-content\/uploads\/usu583\/2024\/05\/7443CE43-C863-4EF5-9737-B638FA7DBFB1_1-200x150.jpg 200w\" sizes=\"auto, (max-width: 455px) 100vw, 455px\" \/><\/a> <a href=\"https:\/\/agora.xtec.cat\/ceip-practiques-tarragona\/wp-content\/uploads\/usu583\/2024\/05\/IMG_1966_1.jpg\"><img loading=\"lazy\" decoding=\"async\" class=\"wp-image-14925 aligncenter\" src=\"https:\/\/agora.xtec.cat\/ceip-practiques-tarragona\/wp-content\/uploads\/usu583\/2024\/05\/IMG_1966_1.jpg\" alt=\"\" width=\"513\" height=\"385\" srcset=\"https:\/\/agora.xtec.cat\/ceip-practiques-tarragona\/wp-content\/uploads\/usu583\/2024\/05\/IMG_1966_1.jpg 1008w, https:\/\/agora.xtec.cat\/ceip-practiques-tarragona\/wp-content\/uploads\/usu583\/2024\/05\/IMG_1966_1-300x225.jpg 300w, https:\/\/agora.xtec.cat\/ceip-practiques-tarragona\/wp-content\/uploads\/usu583\/2024\/05\/IMG_1966_1-768x576.jpg 768w, https:\/\/agora.xtec.cat\/ceip-practiques-tarragona\/wp-content\/uploads\/usu583\/2024\/05\/IMG_1966_1-200x150.jpg 200w\" sizes=\"auto, (max-width: 513px) 100vw, 513px\" \/><\/a> <a href=\"https:\/\/agora.xtec.cat\/ceip-practiques-tarragona\/wp-content\/uploads\/usu583\/2024\/05\/IMG_1926_1.jpg\"><img loading=\"lazy\" decoding=\"async\" class=\"wp-image-14926 aligncenter\" src=\"https:\/\/agora.xtec.cat\/ceip-practiques-tarragona\/wp-content\/uploads\/usu583\/2024\/05\/IMG_1926_1.jpg\" alt=\"\" width=\"496\" height=\"372\" srcset=\"https:\/\/agora.xtec.cat\/ceip-practiques-tarragona\/wp-content\/uploads\/usu583\/2024\/05\/IMG_1926_1.jpg 1008w, https:\/\/agora.xtec.cat\/ceip-practiques-tarragona\/wp-content\/uploads\/usu583\/2024\/05\/IMG_1926_1-300x225.jpg 300w, https:\/\/agora.xtec.cat\/ceip-practiques-tarragona\/wp-content\/uploads\/usu583\/2024\/05\/IMG_1926_1-768x576.jpg 768w, https:\/\/agora.xtec.cat\/ceip-practiques-tarragona\/wp-content\/uploads\/usu583\/2024\/05\/IMG_1926_1-200x150.jpg 200w\" sizes=\"auto, (max-width: 496px) 100vw, 496px\" \/><\/a> <a href=\"https:\/\/agora.xtec.cat\/ceip-practiques-tarragona\/wp-content\/uploads\/usu583\/2024\/05\/IMG_1906_1-rotated.jpg\"><img loading=\"lazy\" decoding=\"async\" class=\"wp-image-14927 aligncenter\" src=\"https:\/\/agora.xtec.cat\/ceip-practiques-tarragona\/wp-content\/uploads\/usu583\/2024\/05\/IMG_1906_1-rotated.jpg\" alt=\"\" width=\"374\" height=\"498\" srcset=\"https:\/\/agora.xtec.cat\/ceip-practiques-tarragona\/wp-content\/uploads\/usu583\/2024\/05\/IMG_1906_1-rotated.jpg 756w, https:\/\/agora.xtec.cat\/ceip-practiques-tarragona\/wp-content\/uploads\/usu583\/2024\/05\/IMG_1906_1-225x300.jpg 225w\" sizes=\"auto, (max-width: 374px) 100vw, 374px\" \/><\/a> <a href=\"https:\/\/agora.xtec.cat\/ceip-practiques-tarragona\/wp-content\/uploads\/usu583\/2024\/05\/IMG_1880_1.jpg\"><img loading=\"lazy\" decoding=\"async\" class=\"wp-image-14928 aligncenter\" src=\"https:\/\/agora.xtec.cat\/ceip-practiques-tarragona\/wp-content\/uploads\/usu583\/2024\/05\/IMG_1880_1.jpg\" alt=\"\" width=\"528\" height=\"396\" srcset=\"https:\/\/agora.xtec.cat\/ceip-practiques-tarragona\/wp-content\/uploads\/usu583\/2024\/05\/IMG_1880_1.jpg 1008w, https:\/\/agora.xtec.cat\/ceip-practiques-tarragona\/wp-content\/uploads\/usu583\/2024\/05\/IMG_1880_1-300x225.jpg 300w, https:\/\/agora.xtec.cat\/ceip-practiques-tarragona\/wp-content\/uploads\/usu583\/2024\/05\/IMG_1880_1-768x576.jpg 768w, https:\/\/agora.xtec.cat\/ceip-practiques-tarragona\/wp-content\/uploads\/usu583\/2024\/05\/IMG_1880_1-200x150.jpg 200w\" sizes=\"auto, (max-width: 528px) 100vw, 528px\" \/><\/a><\/p>\n","protected":false},"excerpt":{"rendered":"<p>Les nenes i els nens d\u2019I4 vam anar d&#8217;excursi\u00f3 a la Roca Foradada de Prades.<br \/>\nVam passar un dia envoltats de natura buscant els tresors amagats del cam\u00ed, escoltant els ocells i descobrint el conte del Follet de la Primavera. Va ser un dia d&#8217;all\u00f2 m\u00e9s&hellip;  <a href=\"https:\/\/agora.xtec.cat\/ceip-practiques-tarragona\/infantil\/els-infants-di4-hem-anat-a-prades\/\" title=\"Read Els infants d&#8217;I4 hem anat a Prades!\">Llegeix m\u00e9s\u00bb<\/a><\/p>\n","protected":false},"author":47,"featured_media":14926,"comment_status":"closed","ping_status":"closed","sticky":false,"template":"","format":"standard","meta":{"_bbp_topic_count":0,"_bbp_reply_count":0,"_bbp_total_topic_count":0,"_bbp_total_reply_count":0,"_bbp_voice_count":0,"_bbp_anonymous_reply_count":0,"_bbp_topic_count_hidden":0,"_bbp_reply_count_hidden":0,"_bbp_forum_subforum_count":0,"footnotes":""},"categories":[40,8,2,4],"tags":[],"class_list":["post-14922","post","type-post","status-publish","format-standard","has-post-thumbnail","hentry","category-educacio-infantil","category-i4","category-infantil","category-portada"],"post_mailing_queue_ids":[],"_links":{"self":[{"href":"https:\/\/agora.xtec.cat\/ceip-practiques-tarragona\/wp-json\/wp\/v2\/posts\/14922","targetHints":{"allow":["GET"]}}],"collection":[{"href":"https:\/\/agora.xtec.cat\/ceip-practiques-tarragona\/wp-json\/wp\/v2\/posts"}],"about":[{"href":"https:\/\/agora.xtec.cat\/ceip-practiques-tarragona\/wp-json\/wp\/v2\/types\/post"}],"author":[{"embeddable":true,"href":"https:\/\/agora.xtec.cat\/ceip-practiques-tarragona\/wp-json\/wp\/v2\/users\/47"}],"replies":[{"embeddable":true,"href":"https:\/\/agora.xtec.cat\/ceip-practiques-tarragona\/wp-json\/wp\/v2\/comments?post=14922"}],"version-history":[{"count":1,"href":"https:\/\/agora.xtec.cat\/ceip-practiques-tarragona\/wp-json\/wp\/v2\/posts\/14922\/revisions"}],"predecessor-version":[{"id":14929,"href":"https:\/\/agora.xtec.cat\/ceip-practiques-tarragona\/wp-json\/wp\/v2\/posts\/14922\/revisions\/14929"}],"wp:featuredmedia":[{"embeddable":true,"href":"https:\/\/agora.xtec.cat\/ceip-practiques-tarragona\/wp-json\/wp\/v2\/media\/14926"}],"wp:attachment":[{"href":"https:\/\/agora.xtec.cat\/ceip-practiques-tarragona\/wp-json\/wp\/v2\/media?parent=14922"}],"wp:term":[{"taxonomy":"category","embeddable":true,"href":"https:\/\/agora.xtec.cat\/ceip-practiques-tarragona\/wp-json\/wp\/v2\/categories?post=14922"},{"taxonomy":"post_tag","embeddable":true,"href":"https:\/\/agora.xtec.cat\/ceip-practiques-tarragona\/wp-json\/wp\/v2\/tags?post=14922"}],"curies":[{"name":"wp","href":"https:\/\/api.w.org\/{rel}","templated":true}]}}