{"id":14525,"date":"2024-03-09T12:11:49","date_gmt":"2024-03-09T11:11:49","guid":{"rendered":"https:\/\/agora.xtec.cat\/ceip-practiques-tarragona\/?p=14525"},"modified":"2024-03-09T12:11:49","modified_gmt":"2024-03-09T11:11:49","slug":"cm-cs-paura","status":"publish","type":"post","link":"https:\/\/agora.xtec.cat\/ceip-practiques-tarragona\/portada\/cm-cs-paura\/","title":{"rendered":"CM-CS, PA\u00dcRA"},"content":{"rendered":"<p>Fa uns dies l&#8217;alumnat de Cicle Mitj\u00e0 i Cicle Superior vam anar al teatre Tarragona per poder gaudir de l&#8217;espectacle <a href=\"https:\/\/drive.google.com\/drive\/u\/0\/folders\/1WMY1Q4zNzJp--kip3D7TFbwSSVUAxUh1\">PA\u00dcRA<\/a>. Al llarg de tot l&#8217;espectacle vam poder reflexionar sobre la POR, emoci\u00f3 a qu\u00e8 hem de fer front cada dia de les nostres vides. L&#8217;espectacle \u00e9s un concert teatral per parlar de la por a trav\u00e9s del llenguatge del pallasso, amb riallades i poesia. Vam gaudir molt de l&#8217;espectacle. Si cliqueu damunt del nom de l&#8217;espectacle, podeu veure les imatges.<\/p>\n<p>&nbsp;<\/p>\n","protected":false},"excerpt":{"rendered":"<p>.&hellip;  <a href=\"https:\/\/agora.xtec.cat\/ceip-practiques-tarragona\/portada\/cm-cs-paura\/\" title=\"Read CM-CS, PA\u00dcRA\">Llegeix m\u00e9s\u00bb<\/a><\/p>\n","protected":false},"author":22,"featured_media":14526,"comment_status":"closed","ping_status":"closed","sticky":false,"template":"","format":"standard","meta":{"_bbp_topic_count":0,"_bbp_reply_count":0,"_bbp_total_topic_count":0,"_bbp_total_reply_count":0,"_bbp_voice_count":0,"_bbp_anonymous_reply_count":0,"_bbp_topic_count_hidden":0,"_bbp_reply_count_hidden":0,"_bbp_forum_subforum_count":0,"footnotes":""},"categories":[12,13,14,15,65,4,5],"tags":[294,291,392,393,139,391],"class_list":["post-14525","post","type-post","status-publish","format-standard","has-post-thumbnail","hentry","category-3r","category-4t","category-5e","category-6e","category-educacio-musical","category-portada","category-primaria","tag-cm","tag-cs","tag-paura","tag-por","tag-teatre","tag-teatre-tarragona"],"post_mailing_queue_ids":[],"_links":{"self":[{"href":"https:\/\/agora.xtec.cat\/ceip-practiques-tarragona\/wp-json\/wp\/v2\/posts\/14525","targetHints":{"allow":["GET"]}}],"collection":[{"href":"https:\/\/agora.xtec.cat\/ceip-practiques-tarragona\/wp-json\/wp\/v2\/posts"}],"about":[{"href":"https:\/\/agora.xtec.cat\/ceip-practiques-tarragona\/wp-json\/wp\/v2\/types\/post"}],"author":[{"embeddable":true,"href":"https:\/\/agora.xtec.cat\/ceip-practiques-tarragona\/wp-json\/wp\/v2\/users\/22"}],"replies":[{"embeddable":true,"href":"https:\/\/agora.xtec.cat\/ceip-practiques-tarragona\/wp-json\/wp\/v2\/comments?post=14525"}],"version-history":[{"count":1,"href":"https:\/\/agora.xtec.cat\/ceip-practiques-tarragona\/wp-json\/wp\/v2\/posts\/14525\/revisions"}],"predecessor-version":[{"id":14527,"href":"https:\/\/agora.xtec.cat\/ceip-practiques-tarragona\/wp-json\/wp\/v2\/posts\/14525\/revisions\/14527"}],"wp:featuredmedia":[{"embeddable":true,"href":"https:\/\/agora.xtec.cat\/ceip-practiques-tarragona\/wp-json\/wp\/v2\/media\/14526"}],"wp:attachment":[{"href":"https:\/\/agora.xtec.cat\/ceip-practiques-tarragona\/wp-json\/wp\/v2\/media?parent=14525"}],"wp:term":[{"taxonomy":"category","embeddable":true,"href":"https:\/\/agora.xtec.cat\/ceip-practiques-tarragona\/wp-json\/wp\/v2\/categories?post=14525"},{"taxonomy":"post_tag","embeddable":true,"href":"https:\/\/agora.xtec.cat\/ceip-practiques-tarragona\/wp-json\/wp\/v2\/tags?post=14525"}],"curies":[{"name":"wp","href":"https:\/\/api.w.org\/{rel}","templated":true}]}}