{"id":22334,"date":"2026-06-10T21:05:01","date_gmt":"2026-06-10T19:05:01","guid":{"rendered":"https:\/\/agora.xtec.cat\/ceip-pompeufabra-manlleu\/?p=22334"},"modified":"2026-06-10T21:05:01","modified_gmt":"2026-06-10T19:05:01","slug":"visita-al-cim-daligues","status":"publish","type":"post","link":"https:\/\/agora.xtec.cat\/ceip-pompeufabra-manlleu\/ciclemitja\/3r\/visita-al-cim-daligues\/","title":{"rendered":"VISITA AL CIM D&#8217;\u00c0LIGUES"},"content":{"rendered":"\n<p>Com a cloenda del projecte sobre les aus rapinyaires que hem treballat durant aquest trimestre, els nens i les nenes de 3r hem fet una sortida al Cim d&#8217;\u00c0ligues, a Sant Feliu de Codines.<\/p>\n\n\n\n<p>Durant la visita hem tingut l&#8217;oportunitat d&#8217;observar de ben a prop diferents esp\u00e8cies d&#8217;aus rapinyaires i con\u00e8ixer moltes curiositats sobre la seva vida. Hem apr\u00e8s com \u00e9s el seu comportament, quines caracter\u00edstiques les diferencien, quina funci\u00f3 tenen dins dels ecosistemes i quins s\u00f3n els principals perills que amenacen la seva superviv\u00e8ncia.<\/p>\n\n\n\n<p>Un dels moments m\u00e9s emocionants de la jornada ha estat la demostraci\u00f3 de vol, on hem pogut observar aquestes magn\u00edfiques aus desplegant les seves habilitats en plena natura. <\/p>\n\n\n\n<p>Aquesta activitat ens ha ajudat a assolir els objectius del projecte, promovent l&#8217;inter\u00e8s per la protecci\u00f3 i la salvaguarda de les aus rapinyaires. Hem comprovat que la informaci\u00f3 i el coneixement s\u00f3n fonamentals per desenvolupar actituds de respecte i cura envers l&#8217;entorn natural.<\/p>\n\n\n\n<p>Despr\u00e9s de la visita,  hem anat a Moi\u00e0, on hem dinat i jugat una estona  amb els companys i companyes, posant punt final a una jornada plena d&#8217;aprenentatges, descobertes i bons moments.<\/p>\n\n\n\n<p>Ha estat una experi\u00e8ncia molt enriquidora que ens ha perm\u00e8s apropar-nos al m\u00f3n de les aus rapinyaires i prendre consci\u00e8ncia de la import\u00e0ncia de preservar la biodiversitat del nostre planeta.<\/p>\n\n\n\n<p>Per veure les fotografies, cliqueu a l\u2019enlla\u00e7:<\/p>\n\n\n\n<p><a href=\"https:\/\/photos.app.goo.gl\/t9zLWrfxAW5BYJ559\">CIM D&#8217;\u00c0LIGUES<\/a><\/p>\n\n\n\n<p><\/p>\n","protected":false},"excerpt":{"rendered":"<p>Com a cloenda del projecte sobre les aus rapinyaires que hem treballat durant aquest trimestre, els nens i les nenes de 3r hem fet una sortida al Cim d&#8217;\u00c0ligues, a Sant Feliu de Codines. Durant la visita hem tingut l&#8217;oportunitat d&#8217;observar de ben a prop diferents esp\u00e8cies d&#8217;aus rapinyaires i con\u00e8ixer moltes curiositats sobre la [&hellip;]<\/p>\n","protected":false},"author":100,"featured_media":22337,"comment_status":"open","ping_status":"open","sticky":false,"template":"","format":"standard","meta":{"_bbp_topic_count":0,"_bbp_reply_count":0,"_bbp_total_topic_count":0,"_bbp_total_reply_count":0,"_bbp_voice_count":0,"_bbp_anonymous_reply_count":0,"_bbp_topic_count_hidden":0,"_bbp_reply_count_hidden":0,"_bbp_forum_subforum_count":0,"site-sidebar-layout":"default","site-content-layout":"","ast-site-content-layout":"default","site-content-style":"default","site-sidebar-style":"default","ast-global-header-display":"","ast-banner-title-visibility":"","ast-main-header-display":"","ast-hfb-above-header-display":"","ast-hfb-below-header-display":"","ast-hfb-mobile-header-display":"","site-post-title":"","ast-breadcrumbs-content":"","ast-featured-img":"","footer-sml-layout":"","theme-transparent-header-meta":"","adv-header-id-meta":"","stick-header-meta":"","header-above-stick-meta":"","header-main-stick-meta":"","header-below-stick-meta":"","astra-migrate-meta-layouts":"set","ast-page-background-enabled":"default","ast-page-background-meta":{"desktop":{"background-color":"var(--ast-global-color-4)","background-image":"","background-repeat":"repeat","background-position":"center center","background-size":"auto","background-attachment":"scroll","background-type":"","background-media":"","overlay-type":"","overlay-color":"","overlay-opacity":"","overlay-gradient":""},"tablet":{"background-color":"","background-image":"","background-repeat":"repeat","background-position":"center center","background-size":"auto","background-attachment":"scroll","background-type":"","background-media":"","overlay-type":"","overlay-color":"","overlay-opacity":"","overlay-gradient":""},"mobile":{"background-color":"","background-image":"","background-repeat":"repeat","background-position":"center center","background-size":"auto","background-attachment":"scroll","background-type":"","background-media":"","overlay-type":"","overlay-color":"","overlay-opacity":"","overlay-gradient":""}},"ast-content-background-meta":{"desktop":{"background-color":"var(--ast-global-color-5)","background-image":"","background-repeat":"repeat","background-position":"center center","background-size":"auto","background-attachment":"scroll","background-type":"","background-media":"","overlay-type":"","overlay-color":"","overlay-opacity":"","overlay-gradient":""},"tablet":{"background-color":"var(--ast-global-color-5)","background-image":"","background-repeat":"repeat","background-position":"center center","background-size":"auto","background-attachment":"scroll","background-type":"","background-media":"","overlay-type":"","overlay-color":"","overlay-opacity":"","overlay-gradient":""},"mobile":{"background-color":"var(--ast-global-color-5)","background-image":"","background-repeat":"repeat","background-position":"center center","background-size":"auto","background-attachment":"scroll","background-type":"","background-media":"","overlay-type":"","overlay-color":"","overlay-opacity":"","overlay-gradient":""}},"footnotes":""},"categories":[12],"tags":[],"class_list":["post-22334","post","type-post","status-publish","format-standard","has-post-thumbnail","hentry","category-3r"],"post_mailing_queue_ids":[],"_links":{"self":[{"href":"https:\/\/agora.xtec.cat\/ceip-pompeufabra-manlleu\/wp-json\/wp\/v2\/posts\/22334","targetHints":{"allow":["GET"]}}],"collection":[{"href":"https:\/\/agora.xtec.cat\/ceip-pompeufabra-manlleu\/wp-json\/wp\/v2\/posts"}],"about":[{"href":"https:\/\/agora.xtec.cat\/ceip-pompeufabra-manlleu\/wp-json\/wp\/v2\/types\/post"}],"author":[{"embeddable":true,"href":"https:\/\/agora.xtec.cat\/ceip-pompeufabra-manlleu\/wp-json\/wp\/v2\/users\/100"}],"replies":[{"embeddable":true,"href":"https:\/\/agora.xtec.cat\/ceip-pompeufabra-manlleu\/wp-json\/wp\/v2\/comments?post=22334"}],"version-history":[{"count":3,"href":"https:\/\/agora.xtec.cat\/ceip-pompeufabra-manlleu\/wp-json\/wp\/v2\/posts\/22334\/revisions"}],"predecessor-version":[{"id":22387,"href":"https:\/\/agora.xtec.cat\/ceip-pompeufabra-manlleu\/wp-json\/wp\/v2\/posts\/22334\/revisions\/22387"}],"wp:featuredmedia":[{"embeddable":true,"href":"https:\/\/agora.xtec.cat\/ceip-pompeufabra-manlleu\/wp-json\/wp\/v2\/media\/22337"}],"wp:attachment":[{"href":"https:\/\/agora.xtec.cat\/ceip-pompeufabra-manlleu\/wp-json\/wp\/v2\/media?parent=22334"}],"wp:term":[{"taxonomy":"category","embeddable":true,"href":"https:\/\/agora.xtec.cat\/ceip-pompeufabra-manlleu\/wp-json\/wp\/v2\/categories?post=22334"},{"taxonomy":"post_tag","embeddable":true,"href":"https:\/\/agora.xtec.cat\/ceip-pompeufabra-manlleu\/wp-json\/wp\/v2\/tags?post=22334"}],"curies":[{"name":"wp","href":"https:\/\/api.w.org\/{rel}","templated":true}]}}