{"id":18849,"date":"2023-03-22T16:31:17","date_gmt":"2023-03-22T15:31:17","guid":{"rendered":"https:\/\/agora.xtec.cat\/ceip-pompeufabra-manlleu\/?p=18849"},"modified":"2023-03-22T16:31:17","modified_gmt":"2023-03-22T15:31:17","slug":"setmana-mediambiental","status":"publish","type":"post","link":"https:\/\/agora.xtec.cat\/ceip-pompeufabra-manlleu\/cicleinicial\/1r\/setmana-mediambiental\/","title":{"rendered":"Setmana Mediambiental"},"content":{"rendered":"<p style=\"text-align: justify;\">La setmana passada va ser la <strong>setmana mediambiental a Manlleu<\/strong>.<\/p>\n<p style=\"text-align: justify;\">I per aquest motiu, els infants de Primer vam parlar i reflexionar sobre la crisi clim\u00e0tica i quines conseq\u00fc\u00e8ncies t\u00e9 pel nostre planeta.<\/p>\n<p style=\"text-align: justify;\">La sequera \u00e9s un dels problemes principals que m\u00e9s estem patint a la nostra zona. \u00c9s per aix\u00f2 que hem pensat idees per tal de reduir el consum d&#8217;aigua a l&#8217;escola.<\/p>\n<p style=\"text-align: justify;\">Ho hem anat a explicar a totes les classes de l&#8217;escola i\u00a0 n&#8217;hem fet uns cartells.<\/p>\n<p style=\"text-align: justify;\">Recordeu: <strong>CADA GOTA, COMPTA!<\/strong><\/p>\n<p><a href=\"https:\/\/agora.xtec.cat\/ceip-pompeufabra-manlleu\/wp-content\/uploads\/usu846\/2023\/03\/Estalvi-daigua-a-lescola-2.jpg\"><img loading=\"lazy\" decoding=\"async\" class=\"wp-image-18850 aligncenter\" src=\"https:\/\/agora.xtec.cat\/ceip-pompeufabra-manlleu\/wp-content\/uploads\/usu846\/2023\/03\/Estalvi-daigua-a-lescola-2-724x1024.jpg\" alt=\"\" width=\"408\" height=\"577\" srcset=\"https:\/\/agora.xtec.cat\/ceip-pompeufabra-manlleu\/wp-content\/uploads\/usu846\/2023\/03\/Estalvi-daigua-a-lescola-2-724x1024.jpg 724w, https:\/\/agora.xtec.cat\/ceip-pompeufabra-manlleu\/wp-content\/uploads\/usu846\/2023\/03\/Estalvi-daigua-a-lescola-2-212x300.jpg 212w, https:\/\/agora.xtec.cat\/ceip-pompeufabra-manlleu\/wp-content\/uploads\/usu846\/2023\/03\/Estalvi-daigua-a-lescola-2-768x1086.jpg 768w, https:\/\/agora.xtec.cat\/ceip-pompeufabra-manlleu\/wp-content\/uploads\/usu846\/2023\/03\/Estalvi-daigua-a-lescola-2-1086x1536.jpg 1086w, https:\/\/agora.xtec.cat\/ceip-pompeufabra-manlleu\/wp-content\/uploads\/usu846\/2023\/03\/Estalvi-daigua-a-lescola-2.jpg 1414w\" sizes=\"auto, (max-width: 408px) 100vw, 408px\" \/><\/a><\/p>\n","protected":false},"excerpt":{"rendered":"<p>La setmana passada va ser la setmana mediambiental a Manlleu. I per aquest motiu, els infants de Primer vam parlar i reflexionar sobre la crisi clim\u00e0tica i quines conseq\u00fc\u00e8ncies t\u00e9 pel nostre planeta. La sequera \u00e9s un dels problemes principals que m\u00e9s estem patint a la nostra zona. \u00c9s per aix\u00f2 que hem pensat idees [&hellip;]<\/p>\n","protected":false},"author":65,"featured_media":0,"comment_status":"open","ping_status":"closed","sticky":false,"template":"","format":"standard","meta":{"_bbp_topic_count":0,"_bbp_reply_count":0,"_bbp_total_topic_count":0,"_bbp_total_reply_count":0,"_bbp_voice_count":0,"_bbp_anonymous_reply_count":0,"_bbp_topic_count_hidden":0,"_bbp_reply_count_hidden":0,"_bbp_forum_subforum_count":0,"site-sidebar-layout":"default","site-content-layout":"","ast-site-content-layout":"","site-content-style":"default","site-sidebar-style":"default","ast-global-header-display":"","ast-banner-title-visibility":"","ast-main-header-display":"","ast-hfb-above-header-display":"","ast-hfb-below-header-display":"","ast-hfb-mobile-header-display":"","site-post-title":"","ast-breadcrumbs-content":"","ast-featured-img":"","footer-sml-layout":"","theme-transparent-header-meta":"","adv-header-id-meta":"","stick-header-meta":"","header-above-stick-meta":"","header-main-stick-meta":"","header-below-stick-meta":"","astra-migrate-meta-layouts":"default","ast-page-background-enabled":"default","ast-page-background-meta":{"desktop":{"background-color":"var(--ast-global-color-4)","background-image":"","background-repeat":"repeat","background-position":"center center","background-size":"auto","background-attachment":"scroll","background-type":"","background-media":"","overlay-type":"","overlay-color":"","overlay-opacity":"","overlay-gradient":""},"tablet":{"background-color":"","background-image":"","background-repeat":"repeat","background-position":"center center","background-size":"auto","background-attachment":"scroll","background-type":"","background-media":"","overlay-type":"","overlay-color":"","overlay-opacity":"","overlay-gradient":""},"mobile":{"background-color":"","background-image":"","background-repeat":"repeat","background-position":"center center","background-size":"auto","background-attachment":"scroll","background-type":"","background-media":"","overlay-type":"","overlay-color":"","overlay-opacity":"","overlay-gradient":""}},"ast-content-background-meta":{"desktop":{"background-color":"var(--ast-global-color-5)","background-image":"","background-repeat":"repeat","background-position":"center center","background-size":"auto","background-attachment":"scroll","background-type":"","background-media":"","overlay-type":"","overlay-color":"","overlay-opacity":"","overlay-gradient":""},"tablet":{"background-color":"var(--ast-global-color-5)","background-image":"","background-repeat":"repeat","background-position":"center center","background-size":"auto","background-attachment":"scroll","background-type":"","background-media":"","overlay-type":"","overlay-color":"","overlay-opacity":"","overlay-gradient":""},"mobile":{"background-color":"var(--ast-global-color-5)","background-image":"","background-repeat":"repeat","background-position":"center center","background-size":"auto","background-attachment":"scroll","background-type":"","background-media":"","overlay-type":"","overlay-color":"","overlay-opacity":"","overlay-gradient":""}},"footnotes":""},"categories":[10],"tags":[181,142,155],"class_list":["post-18849","post","type-post","status-publish","format-standard","hentry","category-1r","tag-1r","tag-escola-verda","tag-medi-natural"],"post_mailing_queue_ids":[],"_links":{"self":[{"href":"https:\/\/agora.xtec.cat\/ceip-pompeufabra-manlleu\/wp-json\/wp\/v2\/posts\/18849","targetHints":{"allow":["GET"]}}],"collection":[{"href":"https:\/\/agora.xtec.cat\/ceip-pompeufabra-manlleu\/wp-json\/wp\/v2\/posts"}],"about":[{"href":"https:\/\/agora.xtec.cat\/ceip-pompeufabra-manlleu\/wp-json\/wp\/v2\/types\/post"}],"author":[{"embeddable":true,"href":"https:\/\/agora.xtec.cat\/ceip-pompeufabra-manlleu\/wp-json\/wp\/v2\/users\/65"}],"replies":[{"embeddable":true,"href":"https:\/\/agora.xtec.cat\/ceip-pompeufabra-manlleu\/wp-json\/wp\/v2\/comments?post=18849"}],"version-history":[{"count":1,"href":"https:\/\/agora.xtec.cat\/ceip-pompeufabra-manlleu\/wp-json\/wp\/v2\/posts\/18849\/revisions"}],"predecessor-version":[{"id":18851,"href":"https:\/\/agora.xtec.cat\/ceip-pompeufabra-manlleu\/wp-json\/wp\/v2\/posts\/18849\/revisions\/18851"}],"wp:attachment":[{"href":"https:\/\/agora.xtec.cat\/ceip-pompeufabra-manlleu\/wp-json\/wp\/v2\/media?parent=18849"}],"wp:term":[{"taxonomy":"category","embeddable":true,"href":"https:\/\/agora.xtec.cat\/ceip-pompeufabra-manlleu\/wp-json\/wp\/v2\/categories?post=18849"},{"taxonomy":"post_tag","embeddable":true,"href":"https:\/\/agora.xtec.cat\/ceip-pompeufabra-manlleu\/wp-json\/wp\/v2\/tags?post=18849"}],"curies":[{"name":"wp","href":"https:\/\/api.w.org\/{rel}","templated":true}]}}