{"id":938,"date":"2021-06-03T09:25:30","date_gmt":"2021-06-03T07:25:30","guid":{"rendered":"https:\/\/agora.xtec.cat\/ceip-platon\/?p=938"},"modified":"2021-06-03T09:25:30","modified_gmt":"2021-06-03T07:25:30","slug":"venda-de-productes-projecte-cueme","status":"publish","type":"post","link":"https:\/\/agora.xtec.cat\/ceip-platon\/general\/venda-de-productes-projecte-cueme\/","title":{"rendered":"Venda de productes projecte CuEmE"},"content":{"rendered":"<p>L&#8217;alumnat de 5\u00e8 de la nostra escola ha sortit a vendre els productes que, a trav\u00e9s de les seves cooperatives escolars, han elaborat al llarg del curs. La venda ha estat un \u00e8xit. L&#8217;Ajuntament del nostre municipi ens ha donat suport en tot moment des de l&#8217;inici fins al final del projecte.<br \/>\nEl curs vinent tornarem de nou fomentant la cultura emprenedora a l&#8217;escola.<br \/>\nM\u00e9s informaci\u00f3 fent clic a la imatge.<br \/>\n<a style=\"font-family: inherit; font-size: 1em;\" href=\"https:\/\/www.ajuntamentabrera.cat\/pl195\/actualitat\/noticies\/id3870\/l-alumnat-de-5e-de-primaria-de-l-escola-francesc-platon-i-sarti-ven-els-productes-de-les-seves-cooperatives-del-projecte-de-cultura-emprenedora-a-l-escola-cueme.htm\"><img loading=\"lazy\" decoding=\"async\" class=\"alignnone wp-image-939 size-medium\" src=\"https:\/\/agora.xtec.cat\/ceip-platon\/wp-content\/uploads\/usu2272\/2021\/06\/noticia-cueme-ajuntament-300x230.jpg\" alt=\"\" width=\"300\" height=\"230\" srcset=\"https:\/\/agora.xtec.cat\/ceip-platon\/wp-content\/uploads\/usu2272\/2021\/06\/noticia-cueme-ajuntament-300x230.jpg 300w, https:\/\/agora.xtec.cat\/ceip-platon\/wp-content\/uploads\/usu2272\/2021\/06\/noticia-cueme-ajuntament-768x588.jpg 768w, https:\/\/agora.xtec.cat\/ceip-platon\/wp-content\/uploads\/usu2272\/2021\/06\/noticia-cueme-ajuntament.jpg 1017w\" sizes=\"auto, (max-width: 300px) 100vw, 300px\" \/><\/a><\/p>\n","protected":false},"excerpt":{"rendered":"<p>L&#8217;alumnat de 5\u00e8 de la nostra escola ha sortit a vendre els productes que, a trav\u00e9s de les seves cooperatives escolars, han elaborat al llarg del curs. La venda ha estat un \u00e8xit. L&#8217;Ajuntament del nostre municipi ens ha donat suport en tot moment des&hellip;  <a href=\"https:\/\/agora.xtec.cat\/ceip-platon\/general\/venda-de-productes-projecte-cueme\/\" title=\"Read Venda de productes projecte CuEmE\">Llegeix m\u00e9s\u00bb<\/a><\/p>\n","protected":false},"author":4,"featured_media":939,"comment_status":"open","ping_status":"closed","sticky":false,"template":"","format":"standard","meta":{"_bbp_topic_count":0,"_bbp_reply_count":0,"_bbp_total_topic_count":0,"_bbp_total_reply_count":0,"_bbp_voice_count":0,"_bbp_anonymous_reply_count":0,"_bbp_topic_count_hidden":0,"_bbp_reply_count_hidden":0,"_bbp_forum_subforum_count":0,"footnotes":""},"categories":[1],"tags":[],"class_list":["post-938","post","type-post","status-publish","format-standard","has-post-thumbnail","hentry","category-general"],"post_mailing_queue_ids":[],"_links":{"self":[{"href":"https:\/\/agora.xtec.cat\/ceip-platon\/wp-json\/wp\/v2\/posts\/938","targetHints":{"allow":["GET"]}}],"collection":[{"href":"https:\/\/agora.xtec.cat\/ceip-platon\/wp-json\/wp\/v2\/posts"}],"about":[{"href":"https:\/\/agora.xtec.cat\/ceip-platon\/wp-json\/wp\/v2\/types\/post"}],"author":[{"embeddable":true,"href":"https:\/\/agora.xtec.cat\/ceip-platon\/wp-json\/wp\/v2\/users\/4"}],"replies":[{"embeddable":true,"href":"https:\/\/agora.xtec.cat\/ceip-platon\/wp-json\/wp\/v2\/comments?post=938"}],"version-history":[{"count":1,"href":"https:\/\/agora.xtec.cat\/ceip-platon\/wp-json\/wp\/v2\/posts\/938\/revisions"}],"predecessor-version":[{"id":940,"href":"https:\/\/agora.xtec.cat\/ceip-platon\/wp-json\/wp\/v2\/posts\/938\/revisions\/940"}],"wp:featuredmedia":[{"embeddable":true,"href":"https:\/\/agora.xtec.cat\/ceip-platon\/wp-json\/wp\/v2\/media\/939"}],"wp:attachment":[{"href":"https:\/\/agora.xtec.cat\/ceip-platon\/wp-json\/wp\/v2\/media?parent=938"}],"wp:term":[{"taxonomy":"category","embeddable":true,"href":"https:\/\/agora.xtec.cat\/ceip-platon\/wp-json\/wp\/v2\/categories?post=938"},{"taxonomy":"post_tag","embeddable":true,"href":"https:\/\/agora.xtec.cat\/ceip-platon\/wp-json\/wp\/v2\/tags?post=938"}],"curies":[{"name":"wp","href":"https:\/\/api.w.org\/{rel}","templated":true}]}}